{"id":125073,"date":"2013-03-19T00:01:51","date_gmt":"2013-03-19T06:01:51","guid":{"rendered":"http:\/\/www.diarioimagen.net\/?p=125073"},"modified":"2013-03-19T00:54:09","modified_gmt":"2013-03-19T06:54:09","slug":"inauguraron-el-tianguis-turistico-en-puebla-de-los-angeles","status":"publish","type":"post","link":"https:\/\/www.diarioimagen.net\/?p=125073","title":{"rendered":"Inauguraron el Tianguis Tur\u00edstico en Puebla de los \u00c1ngeles"},"content":{"rendered":"<h2>De cinco estrellas<\/h2>\n<h5>Victoria Gonz\u00e1lez Prado<\/h5>\n<p>&nbsp;<\/p>\n<ul>\n<li><em><strong>Volver\u00e1n las navieras a Mazatl\u00e1n, asegur\u00f3 Carlos Verdegu\u00e9 Sacrist\u00e1n<\/strong><\/em><\/li>\n<li><em><strong>\u201cEste tianguis ha roto todos los paradigmas\u201d: Claudia Ruiz Massieu<\/strong><\/em><\/li>\n<li><em><strong>Para mejorar el flujo tur\u00edstico, acordaron suprimir la visa entre M\u00e9xico y Brasil<\/strong><\/em><\/li>\n<li><em><strong>Aerom\u00e9xico incrementar\u00e1 frecuencias internacionales e iniciar\u00e1 nuevas rutas<\/strong><\/em><\/li>\n<\/ul>\n<div id=\"attachment_125195\" style=\"width: 250px\" class=\"wp-caption alignleft\"><a href=\"http:\/\/www.diarioimagen.net\/wp-content\/uploads\/2013\/03\/turismo-2059.jpg\"><img loading=\"lazy\" decoding=\"async\" aria-describedby=\"caption-attachment-125195\" class=\"size-medium wp-image-125195\" alt=\"En la inauguraci\u00f3n del Tianguis Tur\u00edstico en Puebla.\" src=\"http:\/\/www.diarioimagen.net\/wp-content\/uploads\/2013\/03\/turismo-2059-240x135.jpg\" width=\"240\" height=\"135\" srcset=\"https:\/\/www.diarioimagen.net\/wp-content\/uploads\/2013\/03\/turismo-2059-240x135.jpg 240w, https:\/\/www.diarioimagen.net\/wp-content\/uploads\/2013\/03\/turismo-2059-420x236.jpg 420w, https:\/\/www.diarioimagen.net\/wp-content\/uploads\/2013\/03\/turismo-2059-235x132.jpg 235w, https:\/\/www.diarioimagen.net\/wp-content\/uploads\/2013\/03\/turismo-2059-202x114.jpg 202w, https:\/\/www.diarioimagen.net\/wp-content\/uploads\/2013\/03\/turismo-2059-350x196.jpg 350w, https:\/\/www.diarioimagen.net\/wp-content\/uploads\/2013\/03\/turismo-2059-220x123.jpg 220w, https:\/\/www.diarioimagen.net\/wp-content\/uploads\/2013\/03\/turismo-2059-237x132.jpg 237w, https:\/\/www.diarioimagen.net\/wp-content\/uploads\/2013\/03\/turismo-2059.jpg 480w\" sizes=\"auto, (max-width: 240px) 100vw, 240px\" \/><\/a><p id=\"caption-attachment-125195\" class=\"wp-caption-text\">En la inauguraci\u00f3n del Tianguis Tur\u00edstico en Puebla.<\/p><\/div>\n<p>Puebla de los \u00c1ngeles, Pue.- <b>Rafael Moreno Valle<\/b>\u00a0junto con <b>Claudia Ruiz Massieu<\/b>\u00a0cortaron el list\u00f3n inaugural de la edici\u00f3n n\u00famero 38 del Tianguis Tur\u00edstico en el\u00a0Centro de Exposiciones y Convenciones,\u00a0evento que concluye ma\u00f1ana mi\u00e9rcoles 20 de marzo. En la ceremonia de inauguraci\u00f3n, <b>Pablo Azc\u00e1rraga, <\/b>representando a la iniciativa privada, destac\u00f3 la importancia del turismo en nuestro pa\u00eds, y asegur\u00f3 que la suma de esfuerzos y pol\u00edticas p\u00fablicas adecuadas pueden lograr un crecimiento exponencial en los pr\u00f3ximos a\u00f1os, que beneficie a la econom\u00eda mexicana, por lo que anunci\u00f3 una inversi\u00f3n privada por m\u00e1s de \u00a04 mil 600 millones de d\u00f3lares en proyectos de infraestructura para fortalecer el sector tur\u00edstico en el pa\u00eds. El gobernador\u00a0resalt\u00f3 que por primera vez el Tianguis Tur\u00edstico se lleva a cabo en un destino que no es de sol y playa, y asegur\u00f3 que es el momento de promover a Puebla como un destino cultural a nivel mundial, por la grandeza colonial, gastronom\u00eda e infraestructura con la que cuenta. \u201cEstoy convencido de que el turismo nos une por el bien de la naci\u00f3n y por el bien de todos, hagamos del turismo el gran impulsor del desarrollo econ\u00f3mico del siglo XXI. Tenemos todo para competir con los mejores destinos y poder poner en alto el nombre de M\u00e9xico\u201d. <b>Jorge D\u00e1vila<\/b>, presidente de la Confederaci\u00f3n de C\u00e1maras Nacionales de Comercio, Servicios y Turismo (Concanaco-Servytur), invit\u00f3 a los asistentes al Tianguis Tur\u00edstico a actuar y hablar bien de M\u00e9xico para beneficiar a la industria del turismo y consolidar a M\u00e9xico como uno de los destinos m\u00e1s visitados en el mundo. Dijo que los empresarios del pa\u00eds apoyan la nueva Pol\u00edtica Nacional Tur\u00edstica, que junto con las reformas impulsadas en diversos sectores del pa\u00eds, permitir\u00e1n al pa\u00eds encaminarse a un crecimiento econ\u00f3mico positivo y la generaci\u00f3n de empleos. De igual forma, <b>Jorge Hern\u00e1ndez<\/b>, presidente de la Confederaci\u00f3n Nacional Tur\u00edstica, asegur\u00f3 que el Tianguis Tur\u00edstico permitir\u00e1 mostrar al mundo las bellezas de un M\u00e9xico moderno, con infraestructura y servicios de calidad. \u201cHoy, la actividad tur\u00edstica de M\u00e9xico tiene un nuevo rostro y la fortaleza que la ubica como la tercera fuente de divisas en el pa\u00eds\u201d. <b>Claudia Ruiz Massieu<\/b> dej\u00f3 claro que para el gobierno federal es\u00a0 muy importante trabajar en reactivar el turismo debido a que genera 2.5 millones de empleos directos y m\u00e1s de 5 millones de indirectos y se\u00f1al\u00f3 que \u201c12 mil millones de d\u00f3lares son bienestar y motivo de orgullo de las familias dedicadas a esta actividad&#8230;\u201d. En la inauguraci\u00f3n estuvieron tambi\u00e9n los gobernadores de Hidalgo, Nayarit, Oaxaca, Zacatecas, Quintana Roo, Sinaloa y Yucat\u00e1n.<\/p>\n<p><i>\u2730\u2730\u2730\u2730\u2730<\/i>\u00a0Antes de la inauguraci\u00f3n, en un desayuno organizado por el gobierno de Sinaloa, en el marco del Tianguis Tur\u00edstico de Mazatl\u00e1n, <b>Carlos Verdegu\u00e9<\/b> <b>Sacrist\u00e1n<\/b>, vicepresidente de la Asociaci\u00f3n de Hoteles de Mazatl\u00e1n,\u00a0 asegur\u00f3 que las navieras <i>Princess Cruises<\/i>, <i>Holland America Line,<\/i> <i>Norwegiam <\/i>y <i>Azamara<\/i> volver\u00e1n al puerto de Mazatl\u00e1n este a\u00f1o. Asimismo, se refiri\u00f3\u00a0 a los 11 millones de d\u00f3lares que se invertir\u00e1n en promoci\u00f3n durante este 2013 y a los 6 millones adicionales para 2014. No dej\u00f3 de mencionar que se est\u00e1n realizando negociaciones \u201cpara incrementar la conectividad\u00a0 desde\u00a0 el puerto de Mazatl\u00e1n hacia Seatle, Houston, Denver, Atlanta y Chicago, en la Uni\u00f3n Americana y, Winnipeg en Canad\u00e1, destinos que empezar\u00e1n a operar de aqu\u00ed a junio\u201d. De igual forma, se refiri\u00f3 a los vuelos que desde Ciudad Ju\u00e1rez y El Baj\u00edo conectar\u00e1n con Mazatl\u00e1n; al convenio realizado con Aerom\u00e9xico para garantizar m\u00e1s asientos debido a la demanda del segmento de grupos y convenciones que viajan a ese destino sinaloense. Antes de concluir se refiri\u00f3 a los tres compromisos b\u00e1sicos: Consolidaci\u00f3n del plan estrat\u00e9gico en el que se invertir\u00e1n 17 millones de d\u00f3lares al a\u00f1o; 40% m\u00e1s asientos de avi\u00f3n y unir esfuerzos para conseguir recursos hist\u00f3ricos para mejorar la infraestructura de Mazatl\u00e1n, convencidos de que en el Pac\u00edfico Mexicano 2014, Mazatl\u00e1n estar\u00e1 consolidado. En su oportunidad, el secretario de Turismo de esa entidad, Francisco C\u00f3rdova Celaya, asegur\u00f3: \u201cSinaloa regresa y regresa fuerte\u201d, para\u00a0 dar la palabra al gobernador de Sinaloa <b>Mario L\u00f3pez Valdez<\/b>, quien indic\u00f3 que\u00a0 \u201cLos de Mazatl\u00e1n son excelentes promotores, siempre aparecen vendiendo el destino, pero quiero recordarles que Sinaloa es mucho m\u00e1s que Mazatl\u00e1n, tenemos tres pueblos m\u00e1gicos, una zona arqueol\u00f3gica reconocida y la mejor comida de mariscos y por ella empujamos para ser reconocidos como Patrimonio Inmaterial de la Humanidad, con nuestro exquisito aguachile, el pescado zarandeado y otros platillos a base de mariscos y pescados. Forbes, tambi\u00e9n dijo \u201cMalova\u201d, se\u00f1al\u00f3 a Brasil como el mejor carnaval del mundo seguido por el de Nueva Orle\u00e1ns y el tercero, el de Mazatl\u00e1n, estoy seguro que podremos empatar, nuestro carnaval se realiza desde hace 115 a\u00f1os. Tenemos el marat\u00f3n de la banda, somos capital de la banda, pueblo de la alegr\u00eda y la secretaria Ruiz Massieu ya nos coment\u00f3 que va a correr el marat\u00f3n; ofrecemos un destino, el m\u00e1s seguro del pa\u00eds para el turista. Queremos ser sede del Tianguis Tur\u00edstico en 2016 para que todos comprueben lo que estoy diciendo. Tenemos de todo: caza, pesca, aventura, gastronom\u00eda y muchos deseos de mostrar lo que M\u00e9xico y Sinaloa tienen. Record\u00f3 tambi\u00e9n que hace unos meses <i>Travelocity<\/i> design\u00f3 a Mazatl\u00e1n como el destino de playa de familia preferido. Por \u00faltimo, <b>Claudia Ruiz Massieu<\/b>, al hacer uso de la palabra, asegur\u00f3 que el turismo ayuda a tener sentido de pertenencia. \u201cMazatl\u00e1n se ha puesto la pila. Impulsaremos la comida del mar como patrimonio inmaterial y buscaremos\u00a0 promoci\u00f3n diferenciada\u00a0 de los destinos y presupuesto adicional para Mazatl\u00e1n. Estamos buscando que cada vez los destinos sean m\u00e1s competitivos y ya trabajamos en el comit\u00e9 que evaluar\u00e1 las sedes para despu\u00e9s de 2015.<\/p>\n<p><i>\u2730\u2730\u2730\u2730\u2730<\/i>\u00a0En punto de las 14:00 horas, la titular de la Sectur ofreci\u00f3 una conferencia de prensa inesperada en la que anunci\u00f3: \u201cEste tianguis ha roto todos los paradigmas, ser\u00e1 un nuevo referente. Estamos muy contentos porque han concurrido 648 empresas compradoras representando 42 pa\u00edses, M\u00e1s expositores que nunca. Todas las entidades de la Rep\u00fablica est\u00e1n presentes con stands de alt\u00edsima calidad y se han confirmado m\u00e1s de 25 mil 800 citas de negocios, la cifra m\u00e1s alta en toda la historia del tianguis. Reconocemos el trabajo y esfuerzo del estado de Puebla y su gobernador, que desde el primer momento le puso todo el coraz\u00f3n. Por su parte, el mandatario de Sinaloa manifest\u00f3 su benepl\u00e1cito y el de todos los poblanos por la realizaci\u00f3n del tianguis. Por otro lado, <b>Claudia Ruiz Massieu<\/b> se reuni\u00f3 con el embajador de Brasil, <b>Marco Raposo Lopes<\/b>, y<b> <\/b>un grupo de touroperadores y<b> <\/b>acordaron suprimir la visa entre ambos pa\u00edses para mejorar el flujo tur\u00edstico. El requisito de visado para ciudadanos brasile\u00f1os estaba vigente desde 2005 y, a partir de mayo de 2010 M\u00e9xico aplic\u00f3 mecanismos de facilitaci\u00f3n migratoria a ciudadanos que contaran con visa de Estados Unidos. Adem\u00e1s, el Sistema Inform\u00e1tico de Documentaci\u00f3n Migratoria y el Sistema de Autorizaci\u00f3n Electr\u00f3nica permit\u00edan obtener visas y permisos electr\u00f3nicos para turistas y hombres de negocios, acciones que permitieron el aumento de visitantes provenientes de aquel pa\u00eds.<\/p>\n<p><i>\u2730\u2730\u2730\u2730\u2730<\/i>\u00a0En el marco del Tianguis Tur\u00edstico, Aerom\u00e9xico anunci\u00f3 que incrementar\u00e1 sus frecuencias en vuelos internacionales e iniciar\u00e1 nuevas rutas hacia importantes destinos de M\u00e9xico. A partir de junio y agosto la aerol\u00ednea operar\u00e1 un segundo vuelo de la ciudad de M\u00e9xico a Bogot\u00e1, Colombia, en respuesta a la fuerte demanda entre ambas capitales latinoamericanas; dos frecuencias adicionales de ciudad de M\u00e9xico a Sao Paulo, Brasil, sumando nueve semanales, as\u00ed como tres nuevas frecuencias de ciudad de M\u00e9xico a Madrid, con un total de 10 a la semana. Adicionalmente, la l\u00ednea a\u00e9rea anunci\u00f3 nuevas rutas de temporada desde Canc\u00fan y Huatulco hacia Los \u00c1ngeles, California, las cuales se inauguran<b> <\/b>a<b> <\/b>partir de junio para aprovechar el verano en ambos destinos. Junto con <i>Apple Vacations<\/i>, socio comercial, se ofrecer\u00e1n tres frecuencias semanales en la ruta Canc\u00fan-Los \u00c1ngeles, mientras que todos los viernes operar\u00e1 el vuelo Huatulco-Los \u00c1ngeles. Ambas rutas ser\u00e1n operadas en equipos Boeing 737-800 con capacidad para 160 pasajeros, permitiendo a los clientes de ambos destinos mexicanos viajar a Los \u00c1ngeles o bien visitar otra ciudad estadounidense, gracias al acuerdo de c\u00f3digo compartido entre Aerom\u00e9xico y <i>Alaska Airlines<\/i>. A estas nuevas rutas en Estados Unidos, la compa\u00f1\u00eda a\u00e9rea sumar\u00e1 a partir de junio, Puerto Pe\u00f1asco-Las Vegas, creando un nuevo e importante enlace entre ambas ciudades. Este 2013 Aerom\u00e9xico adem\u00e1s de trabajar por consolidar\u00a0 su extensa red de rutas, tanto nacional como internacional, contin\u00faa reforzando la conectividad desde distintas regiones del pa\u00eds con sus 45 destinos en M\u00e9xico, 19 en Estados Unidos, 11 en Am\u00e9rica Latina, tres en Europa, dos en As\u00eda y uno en Canad\u00e1.<i>\u00a0<\/i><\/p>\n<p><i><em><a href=\"mailto:victoriagprado@gmail.com\" target=\"_blank\">victoriagprado@gmail.com<\/a><\/em><\/i><\/p>\n<p>&nbsp;<\/p>\n","protected":false},"excerpt":{"rendered":"<p>Puebla de los \u00c1ngeles, Pue.- Rafael Moreno Valle junto con Claudia Ruiz Massieu cortaron el list\u00f3n inaugural de la edici\u00f3n n\u00famero 38 del Tianguis Tur\u00edstico en el Centro de Exposiciones y Convenciones, evento que concluye ma\u00f1ana mi\u00e9rcoles 20 de marzo. <\/p>\n","protected":false},"author":1,"featured_media":125195,"comment_status":"open","ping_status":"open","sticky":false,"template":"","format":"standard","meta":{"_monsterinsights_skip_tracking":false,"_monsterinsights_sitenote_active":false,"_monsterinsights_sitenote_note":"","_monsterinsights_sitenote_category":0,"footnotes":""},"categories":[11],"tags":[107,16876,43681,106],"class_list":["post-125073","post","type-post","status-publish","format-standard","has-post-thumbnail","hentry","category-turismo","tag-de-cinco-estrellas","tag-tianguis-turistico","tag-turismo","tag-victoria-gonzalez-prado"],"_links":{"self":[{"href":"https:\/\/www.diarioimagen.net\/index.php?rest_route=\/wp\/v2\/posts\/125073","targetHints":{"allow":["GET"]}}],"collection":[{"href":"https:\/\/www.diarioimagen.net\/index.php?rest_route=\/wp\/v2\/posts"}],"about":[{"href":"https:\/\/www.diarioimagen.net\/index.php?rest_route=\/wp\/v2\/types\/post"}],"author":[{"embeddable":true,"href":"https:\/\/www.diarioimagen.net\/index.php?rest_route=\/wp\/v2\/users\/1"}],"replies":[{"embeddable":true,"href":"https:\/\/www.diarioimagen.net\/index.php?rest_route=%2Fwp%2Fv2%2Fcomments&post=125073"}],"version-history":[{"count":0,"href":"https:\/\/www.diarioimagen.net\/index.php?rest_route=\/wp\/v2\/posts\/125073\/revisions"}],"wp:featuredmedia":[{"embeddable":true,"href":"https:\/\/www.diarioimagen.net\/index.php?rest_route=\/wp\/v2\/media\/125195"}],"wp:attachment":[{"href":"https:\/\/www.diarioimagen.net\/index.php?rest_route=%2Fwp%2Fv2%2Fmedia&parent=125073"}],"wp:term":[{"taxonomy":"category","embeddable":true,"href":"https:\/\/www.diarioimagen.net\/index.php?rest_route=%2Fwp%2Fv2%2Fcategories&post=125073"},{"taxonomy":"post_tag","embeddable":true,"href":"https:\/\/www.diarioimagen.net\/index.php?rest_route=%2Fwp%2Fv2%2Ftags&post=125073"}],"curies":[{"name":"wp","href":"https:\/\/api.w.org\/{rel}","templated":true}]}}