{"id":125077,"date":"2013-03-19T00:13:38","date_gmt":"2013-03-19T06:13:38","guid":{"rendered":"http:\/\/www.diarioimagen.net\/?p=125077"},"modified":"2013-03-19T00:35:54","modified_gmt":"2013-03-19T06:35:54","slug":"eruviel-anuncia-fondo-para-apoyar-a-los-artesanos-mexiquenses","status":"publish","type":"post","link":"https:\/\/www.diarioimagen.net\/?p=125077","title":{"rendered":"Eruviel anuncia fondo para apoyar a los artesanos mexiquenses"},"content":{"rendered":"<h2>Arco Norte<\/h2>\n<h5>Jos\u00e9 Luis Monta\u00f1ez Aguilar<\/h5>\n<p>&nbsp;<\/p>\n<div id=\"attachment_125159\" style=\"width: 250px\" class=\"wp-caption alignleft\"><a href=\"http:\/\/www.diarioimagen.net\/wp-content\/uploads\/2013\/03\/eruviel-2059.jpg\"><img loading=\"lazy\" decoding=\"async\" aria-describedby=\"caption-attachment-125159\" class=\"size-medium wp-image-125159\" alt=\"Toluca, M\u00e9x.- El gobernador Eruviel \u00c1vila Villegas anunci\u00f3 la creaci\u00f3n de un fondo de 10 millones de pesos para promover la venta de artesan\u00edas mexiquenses en el exterior, y firm\u00f3 como testigo de honor el contrato entre Jap\u00f3n y el ayuntamiento de Metepec, mediante el cual el pa\u00eds oriental dona 50 mil d\u00f3lares para el apoyo a la rehabilitaci\u00f3n de la Casa del Artesano.\" src=\"http:\/\/www.diarioimagen.net\/wp-content\/uploads\/2013\/03\/eruviel-2059-240x135.jpg\" width=\"240\" height=\"135\" srcset=\"https:\/\/www.diarioimagen.net\/wp-content\/uploads\/2013\/03\/eruviel-2059-240x135.jpg 240w, https:\/\/www.diarioimagen.net\/wp-content\/uploads\/2013\/03\/eruviel-2059-420x236.jpg 420w, https:\/\/www.diarioimagen.net\/wp-content\/uploads\/2013\/03\/eruviel-2059-235x132.jpg 235w, https:\/\/www.diarioimagen.net\/wp-content\/uploads\/2013\/03\/eruviel-2059-202x114.jpg 202w, https:\/\/www.diarioimagen.net\/wp-content\/uploads\/2013\/03\/eruviel-2059-350x196.jpg 350w, https:\/\/www.diarioimagen.net\/wp-content\/uploads\/2013\/03\/eruviel-2059-220x123.jpg 220w, https:\/\/www.diarioimagen.net\/wp-content\/uploads\/2013\/03\/eruviel-2059-237x132.jpg 237w, https:\/\/www.diarioimagen.net\/wp-content\/uploads\/2013\/03\/eruviel-2059.jpg 480w\" sizes=\"auto, (max-width: 240px) 100vw, 240px\" \/><\/a><p id=\"caption-attachment-125159\" class=\"wp-caption-text\">Toluca, M\u00e9x.- El gobernador Eruviel \u00c1vila Villegas anunci\u00f3 la creaci\u00f3n de un fondo de 10 millones de pesos para promover la venta de artesan\u00edas mexiquenses en el exterior, y firm\u00f3 como testigo de honor el contrato entre Jap\u00f3n y el ayuntamiento de Metepec, mediante el cual el pa\u00eds oriental dona 50 mil d\u00f3lares para el apoyo a la rehabilitaci\u00f3n de la Casa del Artesano.<\/p><\/div>\n<p>El gobernador Eruviel \u00c1vila Villegas anunci\u00f3 ayer la creaci\u00f3n\u00a0 de un fondo de 10 millones de pesos para promover la venta de artesan\u00eda mexiquense en el extranjero y firm\u00f3 como testigo de honor el contrato entre Jap\u00f3n y el ayuntamiento de Metepec, donde el pa\u00eds oriental dona 50 mil d\u00f3lares en apoyo a la rehabilitaci\u00f3n de la Casa del Artesano, mediante el programa Un Pueblo, un Producto. Ante Suichiro Megata, embajador de Jap\u00f3n en M\u00e9xico, y Carolina Monroy del Mazo, alcaldesa de Metepec, el gobernador expres\u00f3 que con ese fondo se financiar\u00e1, con cr\u00e9ditos sin intereses, a los artesanos de la entidad, para apoyarlos en la exhibici\u00f3n y venta de sus productos en diferentes regiones del mundo. Asimismo, consider\u00f3 que la firma del contrato de donaci\u00f3n, que forma parte del programa Un Pueblo, un Producto, permite fortalecer los lazos de amistad, culturales y comerciales entre Jap\u00f3n y M\u00e9xico, y en este caso de manera espec\u00edfica con la entidad mexiquense. El acto tuvo lugar en el Sal\u00f3n del Pueblo del Palacio de Gobierno, donde Eruviel \u00c1vila destac\u00f3 que en su calidad de coordinador de Asuntos Internacionales de la Conferencia Nacional de Gobernadores (Conago), existe el inter\u00e9s de actualizar el convenio de hermandad entre la prefectura de Saitama, Jap\u00f3n, y el Estado de M\u00e9xico, en el marco de los 35 a\u00f1os de relaciones entre estas entidades y agradeci\u00f3 a la Agencia de Cooperaci\u00f3n Internacional Japonesa por los diversos apoyos a favor del estado. De igual manera, plantear\u00e1 que los gobiernos locales de M\u00e9xico participen en el 400 aniversario del inicio de la Misi\u00f3n Hasekura Tsunenaga, que dio origen a las relaciones diplom\u00e1ticas de Jap\u00f3n con M\u00e9xico, entonces Nueva Espa\u00f1a, y reconoci\u00f3 el inter\u00e9s de esta naci\u00f3n por apoyar proyectos espec\u00edficos en materia de desarrollo social, educaci\u00f3n medio ambiente, cultura, ciencia, tecnolog\u00eda o desarrollo econ\u00f3mico en municipios mexiquenses.<\/p>\n<p><em><a href=\"mailto:montanezaguilar@gmail.com\" target=\"_blank\">montanezaguilar@gmail.com<\/a><\/em><\/p>\n","protected":false},"excerpt":{"rendered":"<p><span style=\"color: #005497;\"><strong>Jos\u00e9 Luis Monta\u00f1ez Aguilar<\/strong><\/span><br \/>\n<br \/>\nEl gobernador Eruviel \u00c1vila Villegas anunci\u00f3 ayer la creaci\u00f3n  de un fondo de 10 millones de pesos para promover la venta de artesan\u00eda mexiquense en el extranjero y firm\u00f3 como testigo de honor el contrato entre Jap\u00f3n y el ayuntamiento de Metepec, donde el pa\u00eds oriental dona 50 mil d\u00f3lares en apoyo a la rehabilitaci\u00f3n de la Casa del Artesano, mediante el programa Un Pueblo, un Producto. <\/p>\n","protected":false},"author":1,"featured_media":125159,"comment_status":"open","ping_status":"open","sticky":false,"template":"","format":"standard","meta":{"_monsterinsights_skip_tracking":false,"_monsterinsights_sitenote_active":false,"_monsterinsights_sitenote_note":"","_monsterinsights_sitenote_category":0,"footnotes":""},"categories":[5],"tags":[13284,20668,5828,43675,43704],"class_list":["post-125077","post","type-post","status-publish","format-standard","has-post-thumbnail","hentry","category-estado-de-mexico","tag-arco-norte","tag-artesanos","tag-eruviel-avila-villegas","tag-estado-de-mexico","tag-jose-luis-montanez-aguilar"],"_links":{"self":[{"href":"https:\/\/www.diarioimagen.net\/index.php?rest_route=\/wp\/v2\/posts\/125077","targetHints":{"allow":["GET"]}}],"collection":[{"href":"https:\/\/www.diarioimagen.net\/index.php?rest_route=\/wp\/v2\/posts"}],"about":[{"href":"https:\/\/www.diarioimagen.net\/index.php?rest_route=\/wp\/v2\/types\/post"}],"author":[{"embeddable":true,"href":"https:\/\/www.diarioimagen.net\/index.php?rest_route=\/wp\/v2\/users\/1"}],"replies":[{"embeddable":true,"href":"https:\/\/www.diarioimagen.net\/index.php?rest_route=%2Fwp%2Fv2%2Fcomments&post=125077"}],"version-history":[{"count":0,"href":"https:\/\/www.diarioimagen.net\/index.php?rest_route=\/wp\/v2\/posts\/125077\/revisions"}],"wp:featuredmedia":[{"embeddable":true,"href":"https:\/\/www.diarioimagen.net\/index.php?rest_route=\/wp\/v2\/media\/125159"}],"wp:attachment":[{"href":"https:\/\/www.diarioimagen.net\/index.php?rest_route=%2Fwp%2Fv2%2Fmedia&parent=125077"}],"wp:term":[{"taxonomy":"category","embeddable":true,"href":"https:\/\/www.diarioimagen.net\/index.php?rest_route=%2Fwp%2Fv2%2Fcategories&post=125077"},{"taxonomy":"post_tag","embeddable":true,"href":"https:\/\/www.diarioimagen.net\/index.php?rest_route=%2Fwp%2Fv2%2Ftags&post=125077"}],"curies":[{"name":"wp","href":"https:\/\/api.w.org\/{rel}","templated":true}]}}