{"id":125080,"date":"2013-03-19T00:08:51","date_gmt":"2013-03-19T06:08:51","guid":{"rendered":"http:\/\/www.diarioimagen.net\/?p=125080"},"modified":"2013-03-19T00:35:40","modified_gmt":"2013-03-19T06:35:40","slug":"la-uvm-dara-apoyo-a-cuautitlan","status":"publish","type":"post","link":"https:\/\/www.diarioimagen.net\/?p=125080","title":{"rendered":"La UVM dar\u00e1 apoyo a Cuautitl\u00e1n"},"content":{"rendered":"<p><a href=\"http:\/\/www.diarioimagen.net\/wp-content\/uploads\/2013\/03\/uvm-2059.jpg\"><img loading=\"lazy\" decoding=\"async\" class=\"aligncenter size-large wp-image-125162\" alt=\"uvm-2059\" src=\"http:\/\/www.diarioimagen.net\/wp-content\/uploads\/2013\/03\/uvm-2059-420x236.jpg\" width=\"420\" height=\"236\" srcset=\"https:\/\/www.diarioimagen.net\/wp-content\/uploads\/2013\/03\/uvm-2059-420x236.jpg 420w, https:\/\/www.diarioimagen.net\/wp-content\/uploads\/2013\/03\/uvm-2059-240x135.jpg 240w, https:\/\/www.diarioimagen.net\/wp-content\/uploads\/2013\/03\/uvm-2059-235x132.jpg 235w, https:\/\/www.diarioimagen.net\/wp-content\/uploads\/2013\/03\/uvm-2059-202x114.jpg 202w, https:\/\/www.diarioimagen.net\/wp-content\/uploads\/2013\/03\/uvm-2059-350x196.jpg 350w, https:\/\/www.diarioimagen.net\/wp-content\/uploads\/2013\/03\/uvm-2059-220x123.jpg 220w, https:\/\/www.diarioimagen.net\/wp-content\/uploads\/2013\/03\/uvm-2059-237x132.jpg 237w, https:\/\/www.diarioimagen.net\/wp-content\/uploads\/2013\/03\/uvm-2059.jpg 480w\" sizes=\"auto, (max-width: 420px) 100vw, 420px\" \/><\/a><\/p>\n<p>Cuautitl\u00e1n,Estado de M\u00e9xico.- El alcalde Gabriel Casillas Zanata firm\u00f3 un convenio de colaboraci\u00f3n con el rector de la UVM, Juan Carlos Herrera Ascencio, para que alumnos de esa instituci\u00f3n brinden apoyo jur\u00eddico y psicol\u00f3gico a los habitantes del municipio.<\/p>\n","protected":false},"excerpt":{"rendered":"<p>Cuautitl\u00e1n,Estado de M\u00e9xico.- El alcalde Gabriel Casillas Zanata firm\u00f3 un convenio de colaboraci\u00f3n con el rector de la UVM, Juan Carlos Herrera Ascencio, para que alumnos de esa instituci\u00f3n brinden apoyo jur\u00eddico y psicol\u00f3gico a los habitantes del municipio.<\/p>\n","protected":false},"author":1,"featured_media":125162,"comment_status":"open","ping_status":"open","sticky":false,"template":"","format":"standard","meta":{"_monsterinsights_skip_tracking":false,"_monsterinsights_sitenote_active":false,"_monsterinsights_sitenote_note":"","_monsterinsights_sitenote_category":0,"footnotes":""},"categories":[5],"tags":[681,43675,11709],"class_list":["post-125080","post","type-post","status-publish","format-standard","has-post-thumbnail","hentry","category-estado-de-mexico","tag-cuautitlan","tag-estado-de-mexico","tag-uvm"],"_links":{"self":[{"href":"https:\/\/www.diarioimagen.net\/index.php?rest_route=\/wp\/v2\/posts\/125080","targetHints":{"allow":["GET"]}}],"collection":[{"href":"https:\/\/www.diarioimagen.net\/index.php?rest_route=\/wp\/v2\/posts"}],"about":[{"href":"https:\/\/www.diarioimagen.net\/index.php?rest_route=\/wp\/v2\/types\/post"}],"author":[{"embeddable":true,"href":"https:\/\/www.diarioimagen.net\/index.php?rest_route=\/wp\/v2\/users\/1"}],"replies":[{"embeddable":true,"href":"https:\/\/www.diarioimagen.net\/index.php?rest_route=%2Fwp%2Fv2%2Fcomments&post=125080"}],"version-history":[{"count":0,"href":"https:\/\/www.diarioimagen.net\/index.php?rest_route=\/wp\/v2\/posts\/125080\/revisions"}],"wp:featuredmedia":[{"embeddable":true,"href":"https:\/\/www.diarioimagen.net\/index.php?rest_route=\/wp\/v2\/media\/125162"}],"wp:attachment":[{"href":"https:\/\/www.diarioimagen.net\/index.php?rest_route=%2Fwp%2Fv2%2Fmedia&parent=125080"}],"wp:term":[{"taxonomy":"category","embeddable":true,"href":"https:\/\/www.diarioimagen.net\/index.php?rest_route=%2Fwp%2Fv2%2Fcategories&post=125080"},{"taxonomy":"post_tag","embeddable":true,"href":"https:\/\/www.diarioimagen.net\/index.php?rest_route=%2Fwp%2Fv2%2Ftags&post=125080"}],"curies":[{"name":"wp","href":"https:\/\/api.w.org\/{rel}","templated":true}]}}