{"id":125258,"date":"2013-03-20T00:09:39","date_gmt":"2013-03-20T06:09:39","guid":{"rendered":"http:\/\/www.diarioimagen.net\/?p=125258"},"modified":"2013-03-20T01:04:11","modified_gmt":"2013-03-20T07:04:11","slug":"aldf-entrega-medalla-al-merito-policial-2012","status":"publish","type":"post","link":"https:\/\/www.diarioimagen.net\/?p=125258","title":{"rendered":"ALDF entrega Medalla al M\u00e9rito Policial 2012"},"content":{"rendered":"<ul>\n<li><em><strong>Por su valent\u00eda y entrega, los premiados son un ejemplo ciudadano de servicio p\u00fablico<\/strong><\/em><\/li>\n<\/ul>\n<div id=\"attachment_125363\" style=\"width: 250px\" class=\"wp-caption alignleft\"><a href=\"http:\/\/www.diarioimagen.net\/wp-content\/uploads\/2013\/03\/Medalla-2060.jpg\"><img loading=\"lazy\" decoding=\"async\" aria-describedby=\"caption-attachment-125363\" class=\"size-medium wp-image-125363\" alt=\"La Medalla al M\u00e9rito Policial esta vez fue entregada en la Asamblea Legislativa del DF a 18 agentes de la Polic\u00eda Ministerial.\" src=\"http:\/\/www.diarioimagen.net\/wp-content\/uploads\/2013\/03\/Medalla-2060-240x135.jpg\" width=\"240\" height=\"135\" srcset=\"https:\/\/www.diarioimagen.net\/wp-content\/uploads\/2013\/03\/Medalla-2060-240x135.jpg 240w, https:\/\/www.diarioimagen.net\/wp-content\/uploads\/2013\/03\/Medalla-2060-420x236.jpg 420w, https:\/\/www.diarioimagen.net\/wp-content\/uploads\/2013\/03\/Medalla-2060-235x132.jpg 235w, https:\/\/www.diarioimagen.net\/wp-content\/uploads\/2013\/03\/Medalla-2060-202x114.jpg 202w, https:\/\/www.diarioimagen.net\/wp-content\/uploads\/2013\/03\/Medalla-2060-350x196.jpg 350w, https:\/\/www.diarioimagen.net\/wp-content\/uploads\/2013\/03\/Medalla-2060-220x123.jpg 220w, https:\/\/www.diarioimagen.net\/wp-content\/uploads\/2013\/03\/Medalla-2060-237x132.jpg 237w, https:\/\/www.diarioimagen.net\/wp-content\/uploads\/2013\/03\/Medalla-2060.jpg 480w\" sizes=\"auto, (max-width: 240px) 100vw, 240px\" \/><\/a><p id=\"caption-attachment-125363\" class=\"wp-caption-text\">La Medalla al M\u00e9rito Policial esta vez fue entregada en la Asamblea Legislativa del DF a 18 agentes de la Polic\u00eda Ministerial.<\/p><\/div>\n<p>Con el objetivo de reconocer a quienes han realizado una labor extraordinaria, destacando por su valor o arriesgando su vida en el cumplimiento de su deber, el pleno de la Asamblea Legislativa reconoci\u00f3 y entreg\u00f3, en Sesi\u00f3n Solemne, la Medalla al M\u00e9rito Policial 2012.<\/p>\n<p>El presidente de la Comisi\u00f3n de Seguridad P\u00fablica, el diputado Santiago Taboada Cortina, resalt\u00f3 que iniciar este Segundo Periodo Ordinario de Sesiones con la condecoraci\u00f3n de 18 galardonados, por su valent\u00eda y entrega de los elementos de la Secretar\u00eda de Seguridad P\u00fablica (SSP) y de la Polic\u00eda de Investigaci\u00f3n de la Procuradur\u00eda General de Justicia del Distrito Federal (PGJDF) son, sin lugar a duda,\u00a0 un ejemplo ciudadano de servicio p\u00fablico.<\/p>\n<p>Indic\u00f3 que es necesario otorgar una medalla a cada polic\u00eda de la ciudad por su labor responsable, heroica, haza\u00f1as, y reconoci\u00f3 a los cuatro oficiales que perdieron la vida en el cumplimiento de su deber.<\/p>\n<p>Taboada Cortina coment\u00f3 que presentar\u00e1 una propuesta de reforma a la Ley Org\u00e1nica\u00a0 y al Reglamento para el Gobierno Interior para asegurar que en la pr\u00e1ctica el proceso de convocatoria y selecci\u00f3n de los polic\u00edas galardonados se lleve a cabo en un proceso que salvaguarde la equidad de g\u00e9nero entre corporaciones.<\/p>\n<p>En su oportunidad, el titular de la PGJDF, Rodolfo Fernando R\u00edos Garza, enfatiz\u00f3 que en la medida que se siga contando con elementos de alto valor y sentido del deber, \u201cseguiremos disminuyendo el \u00edndice de delitos y conductas violentas en la capital\u201d. Por ello, dijo que la Procuradur\u00eda est\u00e1 comprometida con la transparencia y rendici\u00f3n de cuentas en materia de prevenci\u00f3n y procuraci\u00f3n de justicia.<\/p>\n<p>El funcionario resalt\u00f3\u00a0 el hero\u00edsmo y la entrega al servicio p\u00fablico de los polic\u00edas ca\u00eddos en cumplimiento de su deber, y que \u201csu ejemplo constituye un valioso aliciente para quienes compartimos la tarea de servir, proteger la integridad humana con legalidad, eficiencia, honradez y respeto a los derechos humanos\u201d.<\/p>\n<p>Por su parte, el titular de la Secretar\u00eda de Seguridad P\u00fablica del Distrito Federal (SSP), Jes\u00fas Rodr\u00edguez Almeida, coment\u00f3 que el gobierno de la ciudad de M\u00e9xico ha emprendido acciones para garantizar la seguridad, por ello, promueve pol\u00edticas que garantizan la preservaci\u00f3n de la integridad f\u00edsica de todas las personas, sus bienes patrimoniales, sus libertades y la protecci\u00f3n absoluta de sus derechos humanos.<\/p>\n<p>Mencion\u00f3 que se han entregado estos reconocimientos a las mujeres y hombres que con su actuaci\u00f3n extraordinaria y ejemplar han destacado por su valor y coraje en contra del crimen y la delincuencia, poniendo en riesgo su vida y en ocasiones la han perdido en cumplimiento de su deber.<\/p>\n<p>&nbsp;<\/p>\n","protected":false},"excerpt":{"rendered":"<p>Con el objetivo de reconocer a quienes han realizado una labor extraordinaria, destacando por su valor o arriesgando su vida en el cumplimiento de su deber, el pleno de la Asamblea Legislativa reconoci\u00f3 y entreg\u00f3, en Sesi\u00f3n Solemne, la Medalla al M\u00e9rito Policial 2012.<\/p>\n","protected":false},"author":1,"featured_media":125363,"comment_status":"open","ping_status":"open","sticky":false,"template":"","format":"standard","meta":{"_monsterinsights_skip_tracking":false,"_monsterinsights_sitenote_active":false,"_monsterinsights_sitenote_note":"","_monsterinsights_sitenote_category":0,"footnotes":""},"categories":[6],"tags":[210,323,2644],"class_list":["post-125258","post","type-post","status-publish","format-standard","has-post-thumbnail","hentry","category-cd-de-mexico","tag-aldf","tag-pgjdf","tag-secretaria-de-seguridad-publica"],"_links":{"self":[{"href":"https:\/\/www.diarioimagen.net\/index.php?rest_route=\/wp\/v2\/posts\/125258","targetHints":{"allow":["GET"]}}],"collection":[{"href":"https:\/\/www.diarioimagen.net\/index.php?rest_route=\/wp\/v2\/posts"}],"about":[{"href":"https:\/\/www.diarioimagen.net\/index.php?rest_route=\/wp\/v2\/types\/post"}],"author":[{"embeddable":true,"href":"https:\/\/www.diarioimagen.net\/index.php?rest_route=\/wp\/v2\/users\/1"}],"replies":[{"embeddable":true,"href":"https:\/\/www.diarioimagen.net\/index.php?rest_route=%2Fwp%2Fv2%2Fcomments&post=125258"}],"version-history":[{"count":0,"href":"https:\/\/www.diarioimagen.net\/index.php?rest_route=\/wp\/v2\/posts\/125258\/revisions"}],"wp:featuredmedia":[{"embeddable":true,"href":"https:\/\/www.diarioimagen.net\/index.php?rest_route=\/wp\/v2\/media\/125363"}],"wp:attachment":[{"href":"https:\/\/www.diarioimagen.net\/index.php?rest_route=%2Fwp%2Fv2%2Fmedia&parent=125258"}],"wp:term":[{"taxonomy":"category","embeddable":true,"href":"https:\/\/www.diarioimagen.net\/index.php?rest_route=%2Fwp%2Fv2%2Fcategories&post=125258"},{"taxonomy":"post_tag","embeddable":true,"href":"https:\/\/www.diarioimagen.net\/index.php?rest_route=%2Fwp%2Fv2%2Ftags&post=125258"}],"curies":[{"name":"wp","href":"https:\/\/api.w.org\/{rel}","templated":true}]}}