{"id":125276,"date":"2013-03-20T00:55:58","date_gmt":"2013-03-20T06:55:58","guid":{"rendered":"http:\/\/www.diarioimagen.net\/?p=125276"},"modified":"2013-03-20T00:55:58","modified_gmt":"2013-03-20T06:55:58","slug":"eruviel-firma-acuerdo-con-la-cruz-roja-mexicana","status":"publish","type":"post","link":"https:\/\/www.diarioimagen.net\/?p=125276","title":{"rendered":"Eruviel firma acuerdo con  la Cruz Roja Mexicana"},"content":{"rendered":"<h2>Arco Norte<\/h2>\n<h5>Jos\u00e9 Luis Monta\u00f1ez Aguilar<\/h5>\n<p>&nbsp;<\/p>\n<div id=\"attachment_125345\" style=\"width: 250px\" class=\"wp-caption alignleft\"><a href=\"http:\/\/www.diarioimagen.net\/wp-content\/uploads\/2013\/03\/eruviel-2060.jpg\"><img loading=\"lazy\" decoding=\"async\" aria-describedby=\"caption-attachment-125345\" class=\"size-medium wp-image-125345\" alt=\"Al dar inicio la Colecta 2013 de la Cruz Roja, el gobernador Eruviel \u00c1vila Villegas y el presidente nacional de la Benem\u00e9rita instituci\u00f3n, Fernando Suinaga C\u00e1rdenas, firmaron un convenio de colaboraci\u00f3n, mediante el cual las consultas o certificados m\u00e9dicos que los mexiquenses soliciten a este organismo ser\u00e1n gratuitos.\" src=\"http:\/\/www.diarioimagen.net\/wp-content\/uploads\/2013\/03\/eruviel-2060-240x135.jpg\" width=\"240\" height=\"135\" srcset=\"https:\/\/www.diarioimagen.net\/wp-content\/uploads\/2013\/03\/eruviel-2060-240x135.jpg 240w, https:\/\/www.diarioimagen.net\/wp-content\/uploads\/2013\/03\/eruviel-2060-420x236.jpg 420w, https:\/\/www.diarioimagen.net\/wp-content\/uploads\/2013\/03\/eruviel-2060-235x132.jpg 235w, https:\/\/www.diarioimagen.net\/wp-content\/uploads\/2013\/03\/eruviel-2060-202x114.jpg 202w, https:\/\/www.diarioimagen.net\/wp-content\/uploads\/2013\/03\/eruviel-2060-350x196.jpg 350w, https:\/\/www.diarioimagen.net\/wp-content\/uploads\/2013\/03\/eruviel-2060-220x123.jpg 220w, https:\/\/www.diarioimagen.net\/wp-content\/uploads\/2013\/03\/eruviel-2060-237x132.jpg 237w, https:\/\/www.diarioimagen.net\/wp-content\/uploads\/2013\/03\/eruviel-2060.jpg 480w\" sizes=\"auto, (max-width: 240px) 100vw, 240px\" \/><\/a><p id=\"caption-attachment-125345\" class=\"wp-caption-text\">Al dar inicio la Colecta 2013 de la Cruz Roja, el gobernador Eruviel \u00c1vila Villegas y el presidente nacional de la Benem\u00e9rita instituci\u00f3n, Fernando Suinaga C\u00e1rdenas, firmaron un convenio de colaboraci\u00f3n, mediante el cual las consultas o certificados m\u00e9dicos que los mexiquenses soliciten a este organismo ser\u00e1n gratuitos.<\/p><\/div>\n<p>Con recursos provenientes del Seguro Popular y de las arcas estatales, el gobierno del Estado de M\u00e9xico subsidiar\u00e1 con 18 millones de pesos anuales a la Cruz Roja Mexicana para que las consultas y certificados m\u00e9dicos que los mexiquenses le soliciten sean de gratuitos, afirm\u00f3 ayer el gobernador Eruviel \u00c1vila Villegas, luego de firmar un acuerdo de colaboraci\u00f3n con el presidente de la Benem\u00e9rita instituci\u00f3n, Fernando Suinaga C\u00e1rdenas, durante el inicio de la Colecta Anual 2013. \u201cGracias a la voluntad de la Cruz Roja y el gobierno del estado, gracias al apoyo del gobierno de Enrique Pe\u00f1a Nieto, se aportar\u00e1n efectivamente esos 18 millones de pesos que servir\u00e1n para que ustedes sigan apoyando a la gente. Con este convenio lo que se logra es que en lugar de que la gente pague esa cuota de recuperaci\u00f3n de 80 pesos por la consulta o por el certificado m\u00e9dico, ahora eso lo solventa el gobierno del Estado de M\u00e9xico, el gobierno federal, pensando en la gente, pensando en la ciudadan\u00eda\u201d, se\u00f1al\u00f3. Con el convenio, \u00fanico en su tipo en el pa\u00eds, la Cruz Roja brindar\u00e1 226 mil consultas de medicina general, especialidad y certificados m\u00e9dicos al a\u00f1o en 20 de las 30 delegaciones existentes en la entidad y ser\u00e1 la Secretar\u00eda de Salud estatal, a trav\u00e9s de Instituto de Salud del Estado de M\u00e9xico, la que aporte el costo de cada una de ellas, con fondos del Seguro Popular y recursos estatales, para adquirir los insumos necesarios y fortalecer la infraestructura hospitalaria de esta instituci\u00f3n. Acompa\u00f1ado de Fernando Suinaga C\u00e1rdenas y Jos\u00e9 Miguel Bejos, presidente nacional y delegado estatal de la Cruz Roja, respectivamente, Eruviel \u00c1vila asegur\u00f3 que en la medida en que la Cruz Roja Mexicana, el gobierno del estado, los gobiernos municipales y las familias trabajen en coordinaci\u00f3n se podr\u00e1 ampliar y mejorar a\u00fan m\u00e1s la calidad de la atenci\u00f3n m\u00e9dica en beneficio de la poblaci\u00f3n mexiquense. Luego de realizar su aportaci\u00f3n a la Colecta Anual 2013, que se efect\u00faa del 15 de marzo al 17 de abril, con la meta de recaudar en el Estado de M\u00e9xico 15 millones de pesos, el gobernador invit\u00f3 a los mexiquenses a contribuir.<\/p>\n<p style=\"text-align: center;\"><strong>Ofertan 3,600 plazas laborales<\/strong><\/p>\n<p>El director general de Previsi\u00f3n Social y titular del Servicio Nacional de Empleo en el Estado de M\u00e9xico, Armando L\u00f3pez Salinas, dio a conocer que en la Feria del Empleo realizada en Tultitl\u00e1n se ofertaron 3,600 plazas laborales por parte de 206 empresas. \u201cLos empresarios cuentan con todos los elementos para seguir invirtiendo en nuestro Estado, por ello, hoy tenemos como objetivo principal vincular a buscadores de empleo con empresas, para lograr su colocaci\u00f3n en un puesto de trabajo y ubicarse en el mercado laboral\u201d, dijo.<\/p>\n<p><em><a href=\"mailto:montanezaguilar@gmail.com\" target=\"_blank\">montanezaguilar@gmail.com<\/a><\/em><\/p>\n","protected":false},"excerpt":{"rendered":"<p><span style=\"color: #005497;\"><strong>Jos\u00e9 Luis Monta\u00f1ez Aguilar<\/strong><\/span><br \/>\n<br \/>\nCon recursos provenientes del Seguro Popular y de las arcas estatales, el gobierno del Estado de M\u00e9xico subsidiar\u00e1 con 18 millones de pesos anuales a la Cruz Roja Mexicana para que las consultas y certificados m\u00e9dicos que los mexiquenses le soliciten sean de gratuitos<\/p>\n","protected":false},"author":1,"featured_media":125345,"comment_status":"open","ping_status":"open","sticky":false,"template":"","format":"standard","meta":{"_monsterinsights_skip_tracking":false,"_monsterinsights_sitenote_active":false,"_monsterinsights_sitenote_note":"","_monsterinsights_sitenote_category":0,"footnotes":""},"categories":[5],"tags":[13284,704,5828,43675,43704],"class_list":["post-125276","post","type-post","status-publish","format-standard","has-post-thumbnail","hentry","category-estado-de-mexico","tag-arco-norte","tag-cruz-roja-mexicana","tag-eruviel-avila-villegas","tag-estado-de-mexico","tag-jose-luis-montanez-aguilar"],"_links":{"self":[{"href":"https:\/\/www.diarioimagen.net\/index.php?rest_route=\/wp\/v2\/posts\/125276","targetHints":{"allow":["GET"]}}],"collection":[{"href":"https:\/\/www.diarioimagen.net\/index.php?rest_route=\/wp\/v2\/posts"}],"about":[{"href":"https:\/\/www.diarioimagen.net\/index.php?rest_route=\/wp\/v2\/types\/post"}],"author":[{"embeddable":true,"href":"https:\/\/www.diarioimagen.net\/index.php?rest_route=\/wp\/v2\/users\/1"}],"replies":[{"embeddable":true,"href":"https:\/\/www.diarioimagen.net\/index.php?rest_route=%2Fwp%2Fv2%2Fcomments&post=125276"}],"version-history":[{"count":0,"href":"https:\/\/www.diarioimagen.net\/index.php?rest_route=\/wp\/v2\/posts\/125276\/revisions"}],"wp:featuredmedia":[{"embeddable":true,"href":"https:\/\/www.diarioimagen.net\/index.php?rest_route=\/wp\/v2\/media\/125345"}],"wp:attachment":[{"href":"https:\/\/www.diarioimagen.net\/index.php?rest_route=%2Fwp%2Fv2%2Fmedia&parent=125276"}],"wp:term":[{"taxonomy":"category","embeddable":true,"href":"https:\/\/www.diarioimagen.net\/index.php?rest_route=%2Fwp%2Fv2%2Fcategories&post=125276"},{"taxonomy":"post_tag","embeddable":true,"href":"https:\/\/www.diarioimagen.net\/index.php?rest_route=%2Fwp%2Fv2%2Ftags&post=125276"}],"curies":[{"name":"wp","href":"https:\/\/api.w.org\/{rel}","templated":true}]}}