{"id":125450,"date":"2013-03-21T00:07:47","date_gmt":"2013-03-21T06:07:47","guid":{"rendered":"http:\/\/www.diarioimagen.net\/?p=125450"},"modified":"2013-03-21T01:21:20","modified_gmt":"2013-03-21T07:21:20","slug":"miguel-angel-mancera-dialoga-con-la-ministra-de-fomento-de-espana","status":"publish","type":"post","link":"https:\/\/www.diarioimagen.net\/?p=125450","title":{"rendered":"Miguel \u00c1ngel Mancera dialoga con la ministra de Fomento de Espa\u00f1a"},"content":{"rendered":"<ul>\n<li><em><strong>En la reuni\u00f3n con Ana Mar\u00eda Pastor Juli\u00e1n, el jefe del GDF mencion\u00f3 que busca hacer de la capital mexicana una ciudad \u201cAlfa\u201d<\/strong><\/em><\/li>\n<\/ul>\n<div id=\"attachment_125525\" style=\"width: 250px\" class=\"wp-caption alignleft\"><a href=\"http:\/\/www.diarioimagen.net\/wp-content\/uploads\/2013\/03\/MANCERA-2061.jpg\"><img loading=\"lazy\" decoding=\"async\" aria-describedby=\"caption-attachment-125525\" class=\"size-medium wp-image-125525\" alt=\"El jefe de gobierno del DF, Miguel \u00c1ngel Mancera, visit\u00f3 en Madrid a la ministra de Fomento, Ana Mar\u00eda Pastor Juli\u00e1n.\" src=\"http:\/\/www.diarioimagen.net\/wp-content\/uploads\/2013\/03\/MANCERA-2061-240x135.jpg\" width=\"240\" height=\"135\" srcset=\"https:\/\/www.diarioimagen.net\/wp-content\/uploads\/2013\/03\/MANCERA-2061-240x135.jpg 240w, https:\/\/www.diarioimagen.net\/wp-content\/uploads\/2013\/03\/MANCERA-2061-420x236.jpg 420w, https:\/\/www.diarioimagen.net\/wp-content\/uploads\/2013\/03\/MANCERA-2061-235x132.jpg 235w, https:\/\/www.diarioimagen.net\/wp-content\/uploads\/2013\/03\/MANCERA-2061-202x114.jpg 202w, https:\/\/www.diarioimagen.net\/wp-content\/uploads\/2013\/03\/MANCERA-2061-350x196.jpg 350w, https:\/\/www.diarioimagen.net\/wp-content\/uploads\/2013\/03\/MANCERA-2061-220x123.jpg 220w, https:\/\/www.diarioimagen.net\/wp-content\/uploads\/2013\/03\/MANCERA-2061-237x132.jpg 237w, https:\/\/www.diarioimagen.net\/wp-content\/uploads\/2013\/03\/MANCERA-2061.jpg 480w\" sizes=\"auto, (max-width: 240px) 100vw, 240px\" \/><\/a><p id=\"caption-attachment-125525\" class=\"wp-caption-text\">El jefe de gobierno del DF, Miguel \u00c1ngel Mancera, visit\u00f3 en Madrid a la ministra de Fomento, Ana Mar\u00eda Pastor Juli\u00e1n.<\/p><\/div>\n<p><strong>Madrid, Espa\u00f1a.-<\/strong> El jefe de gobierno del Distrito Federal, Miguel \u00c1ngel Mancera Espinosa, sostuvo una reuni\u00f3n con la ministra de Fomento del gobierno de Espa\u00f1a, Ana Mar\u00eda Pastor Juli\u00e1n, con quien convers\u00f3 sobre temas de medio ambiente, movilidad y transporte, como parte de su estrategia para transformar a la ciudad de M\u00e9xico en una ciudad \u201cAlfa\u201d con crecimiento econ\u00f3mico, solidez y eje primario para la industria global.<\/p>\n<p>Reunidos en el Palacio de los Ministerios, Mancera Espinosa indic\u00f3 que se busca que el Distrito Federal se convierta en la sede de la reuni\u00f3n de la C\u00e1maras de Comercio y Desarrollo Industrial en beneficio del Distrito Federal y Espa\u00f1a. Pastor Juli\u00e1n resalt\u00f3, en un intercambio de ideas, el hecho de que la ciudad de M\u00e9xico tiene un gran potencial por tratarse de una econom\u00eda en desarrollo.<\/p>\n<p>Al respecto, el mandatario del DF asegur\u00f3 que uno de los temas fundamentales en la capital del pa\u00eds es la sustentabilidad y por esa raz\u00f3n trabaja en diversas l\u00edneas de acci\u00f3n que permitan detonar la econom\u00eda y empleos requeridos.<\/p>\n<p>La ministra espa\u00f1ola instruy\u00f3 al secretario de Estado de Infraestructuras, Transporte y Vivienda, Rafael Catal\u00e1 Polo, establecer contacto con el secretario de Desarrollo Econ\u00f3mico del Distrito Federal, Salom\u00f3n Chertorivski, con el fin de compartir puntos de vista.<\/p>\n<p>Mancera Espinosa detall\u00f3 en entrevista que la reuni\u00f3n a celebrarse este a\u00f1o, permitir\u00e1 demostrar y obtener importantes logros en materia de sustentabilidad, cuidado del medio ambiente, manejo de residuos s\u00f3lidos y avances en aspectos de movilidad.<\/p>\n<p>En ese encuentro a celebrarse este mismo a\u00f1o, se espera contar con la presencia de empresarios y expertos en el tema, quienes han demostrado inter\u00e9s en el objetivo dise\u00f1ado de una ciudad planificada, con un trazo definido en infraestructura urbana, coment\u00f3 el jefe de gobierno capitalino. Consider\u00f3 importante que la ciudad de M\u00e9xico demuestre que no es s\u00f3lo una entidad recaudadora, sino tambi\u00e9n generadora de riqueza; de ah\u00ed que se han dado los primeros pasos en materia de pol\u00edtica p\u00fablica para cumplir con su meta.<\/p>\n<p>&nbsp;<\/p>\n","protected":false},"excerpt":{"rendered":"<p>Madrid, Espa\u00f1a.- El jefe de gobierno del Distrito Federal, Miguel \u00c1ngel Mancera Espinosa, sostuvo una reuni\u00f3n con la ministra de Fomento del gobierno de Espa\u00f1a, Ana Mar\u00eda Pastor Juli\u00e1n, con quien convers\u00f3 sobre temas de medio ambiente, movilidad y transporte, como parte de su estrategia para transformar a la ciudad de M\u00e9xico en una ciudad \u201cAlfa\u201d con crecimiento econ\u00f3mico, solidez y eje primario para la industria global.<\/p>\n","protected":false},"author":1,"featured_media":125525,"comment_status":"open","ping_status":"open","sticky":false,"template":"","format":"standard","meta":{"_monsterinsights_skip_tracking":false,"_monsterinsights_sitenote_active":false,"_monsterinsights_sitenote_note":"","_monsterinsights_sitenote_category":0,"footnotes":""},"categories":[6],"tags":[39,850,5314],"class_list":["post-125450","post","type-post","status-publish","format-standard","has-post-thumbnail","hentry","category-cd-de-mexico","tag-distrito-federal","tag-espana","tag-miguel-angel-mancera-espinosa"],"_links":{"self":[{"href":"https:\/\/www.diarioimagen.net\/index.php?rest_route=\/wp\/v2\/posts\/125450","targetHints":{"allow":["GET"]}}],"collection":[{"href":"https:\/\/www.diarioimagen.net\/index.php?rest_route=\/wp\/v2\/posts"}],"about":[{"href":"https:\/\/www.diarioimagen.net\/index.php?rest_route=\/wp\/v2\/types\/post"}],"author":[{"embeddable":true,"href":"https:\/\/www.diarioimagen.net\/index.php?rest_route=\/wp\/v2\/users\/1"}],"replies":[{"embeddable":true,"href":"https:\/\/www.diarioimagen.net\/index.php?rest_route=%2Fwp%2Fv2%2Fcomments&post=125450"}],"version-history":[{"count":0,"href":"https:\/\/www.diarioimagen.net\/index.php?rest_route=\/wp\/v2\/posts\/125450\/revisions"}],"wp:featuredmedia":[{"embeddable":true,"href":"https:\/\/www.diarioimagen.net\/index.php?rest_route=\/wp\/v2\/media\/125525"}],"wp:attachment":[{"href":"https:\/\/www.diarioimagen.net\/index.php?rest_route=%2Fwp%2Fv2%2Fmedia&parent=125450"}],"wp:term":[{"taxonomy":"category","embeddable":true,"href":"https:\/\/www.diarioimagen.net\/index.php?rest_route=%2Fwp%2Fv2%2Fcategories&post=125450"},{"taxonomy":"post_tag","embeddable":true,"href":"https:\/\/www.diarioimagen.net\/index.php?rest_route=%2Fwp%2Fv2%2Ftags&post=125450"}],"curies":[{"name":"wp","href":"https:\/\/api.w.org\/{rel}","templated":true}]}}