{"id":125961,"date":"2013-03-26T00:04:39","date_gmt":"2013-03-26T06:04:39","guid":{"rendered":"http:\/\/www.diarioimagen.net\/?p=125961"},"modified":"2013-03-26T04:49:30","modified_gmt":"2013-03-26T10:49:30","slug":"encuentran-en-ecatepec-a-dos-sujetos-asesinados","status":"publish","type":"post","link":"https:\/\/www.diarioimagen.net\/?p=125961","title":{"rendered":"Encuentran en Ecatepec a dos sujetos asesinados"},"content":{"rendered":"<ul>\n<li><em><strong>A uno lo dejaron embolsado<\/strong><\/em><\/li>\n<\/ul>\n<div id=\"attachment_126077\" style=\"width: 250px\" class=\"wp-caption alignleft\"><a href=\"http:\/\/www.diarioimagen.net\/wp-content\/uploads\/2013\/03\/EMBOLSADO-2064.jpg\"><img loading=\"lazy\" decoding=\"async\" aria-describedby=\"caption-attachment-126077\" class=\"size-medium wp-image-126077\" alt=\"En Valle de Arag\u00f3n fue encontrado el cad\u00e1ver de un hombre, con un disparo en la cabeza.\" src=\"http:\/\/www.diarioimagen.net\/wp-content\/uploads\/2013\/03\/EMBOLSADO-2064-240x135.jpg\" width=\"240\" height=\"135\" srcset=\"https:\/\/www.diarioimagen.net\/wp-content\/uploads\/2013\/03\/EMBOLSADO-2064-240x135.jpg 240w, https:\/\/www.diarioimagen.net\/wp-content\/uploads\/2013\/03\/EMBOLSADO-2064-420x236.jpg 420w, https:\/\/www.diarioimagen.net\/wp-content\/uploads\/2013\/03\/EMBOLSADO-2064-235x132.jpg 235w, https:\/\/www.diarioimagen.net\/wp-content\/uploads\/2013\/03\/EMBOLSADO-2064-202x114.jpg 202w, https:\/\/www.diarioimagen.net\/wp-content\/uploads\/2013\/03\/EMBOLSADO-2064-350x196.jpg 350w, https:\/\/www.diarioimagen.net\/wp-content\/uploads\/2013\/03\/EMBOLSADO-2064-220x123.jpg 220w, https:\/\/www.diarioimagen.net\/wp-content\/uploads\/2013\/03\/EMBOLSADO-2064-237x132.jpg 237w, https:\/\/www.diarioimagen.net\/wp-content\/uploads\/2013\/03\/EMBOLSADO-2064.jpg 480w\" sizes=\"auto, (max-width: 240px) 100vw, 240px\" \/><\/a><p id=\"caption-attachment-126077\" class=\"wp-caption-text\">En Valle de Arag\u00f3n fue encontrado el cad\u00e1ver de un hombre, con un disparo en la cabeza.<\/p><\/div>\n<p><strong>Ecatepec, Estado de M\u00e9xico.-<\/strong> Los cuerpos de dos hombres fueron hallados en diferentes lugares de Ecatepec, uno embolsado en la colonia Benito Ju\u00e1rez y otro con un disparo en la cabeza en la colonia Valle de Arag\u00f3n, Tercera Secci\u00f3n, inform\u00f3 la Secretar\u00eda de Seguridad Ciudadana (SSC).<\/p>\n<p>El olor que se desprend\u00eda de una bolsa color negro llam\u00f3 la atenci\u00f3n de varios perros que se encontraban en la zona, por lo que vecinos descubrieron que en su interior se encontraba el cuerpo de un hombre.<\/p>\n<p>El rostro estaba cubierto de sangre. El cad\u00e1ver fue hallado en un terreno bald\u00edo de la calle Francisco Villa, colonia Benito Ju\u00e1rez.<\/p>\n<p>Los residentes reportaron a la Secretar\u00eda de Seguridad Ciudadana, varios elementos se trasladaron al lugar para confirmar el hallazgo. Dieron aviso a la Fiscal\u00eda de Homicidios de la Procuradur\u00eda de Justicia del Estado de M\u00e9xico (PGJEM).<\/p>\n<p>Al lugar arrib\u00f3 el agente del Ministerio P\u00fablico, Jes\u00fas Moreno \u00c1vila, quien orden\u00f3 el levantamiento del cuerpo que fue trasladado en calidad de desconocido al Servicio M\u00e9dico Forense (Semefo).<\/p>\n<p>&nbsp;<\/p>\n","protected":false},"excerpt":{"rendered":"<p>Ecatepec, Estado de M\u00e9xico.- Los cuerpos de dos hombres fueron hallados en diferentes lugares de Ecatepec, uno embolsado en la colonia Benito Ju\u00e1rez y otro con un disparo en la cabeza en la colonia Valle de Arag\u00f3n, Tercera Secci\u00f3n, inform\u00f3 la Secretar\u00eda de Seguridad Ciudadana (SSC).\u2028\u2028<\/p>\n","protected":false},"author":1,"featured_media":126077,"comment_status":"open","ping_status":"open","sticky":false,"template":"","format":"standard","meta":{"_monsterinsights_skip_tracking":false,"_monsterinsights_sitenote_active":false,"_monsterinsights_sitenote_note":"","_monsterinsights_sitenote_category":0,"footnotes":""},"categories":[7],"tags":[5405,2019,43677],"class_list":["post-125961","post","type-post","status-publish","format-standard","has-post-thumbnail","hentry","category-seguridad","tag-cadaver","tag-pgjem","tag-seguridad"],"_links":{"self":[{"href":"https:\/\/www.diarioimagen.net\/index.php?rest_route=\/wp\/v2\/posts\/125961","targetHints":{"allow":["GET"]}}],"collection":[{"href":"https:\/\/www.diarioimagen.net\/index.php?rest_route=\/wp\/v2\/posts"}],"about":[{"href":"https:\/\/www.diarioimagen.net\/index.php?rest_route=\/wp\/v2\/types\/post"}],"author":[{"embeddable":true,"href":"https:\/\/www.diarioimagen.net\/index.php?rest_route=\/wp\/v2\/users\/1"}],"replies":[{"embeddable":true,"href":"https:\/\/www.diarioimagen.net\/index.php?rest_route=%2Fwp%2Fv2%2Fcomments&post=125961"}],"version-history":[{"count":0,"href":"https:\/\/www.diarioimagen.net\/index.php?rest_route=\/wp\/v2\/posts\/125961\/revisions"}],"wp:featuredmedia":[{"embeddable":true,"href":"https:\/\/www.diarioimagen.net\/index.php?rest_route=\/wp\/v2\/media\/126077"}],"wp:attachment":[{"href":"https:\/\/www.diarioimagen.net\/index.php?rest_route=%2Fwp%2Fv2%2Fmedia&parent=125961"}],"wp:term":[{"taxonomy":"category","embeddable":true,"href":"https:\/\/www.diarioimagen.net\/index.php?rest_route=%2Fwp%2Fv2%2Fcategories&post=125961"},{"taxonomy":"post_tag","embeddable":true,"href":"https:\/\/www.diarioimagen.net\/index.php?rest_route=%2Fwp%2Fv2%2Ftags&post=125961"}],"curies":[{"name":"wp","href":"https:\/\/api.w.org\/{rel}","templated":true}]}}