{"id":126113,"date":"2013-03-27T00:08:39","date_gmt":"2013-03-27T06:08:39","guid":{"rendered":"http:\/\/www.diarioimagen.net\/?p=126113"},"modified":"2013-03-27T05:28:25","modified_gmt":"2013-03-27T11:28:25","slug":"legislatura-mexiquense-agrava-las-sanciones-por-halconeo","status":"publish","type":"post","link":"https:\/\/www.diarioimagen.net\/?p=126113","title":{"rendered":"Legislatura mexiquense agrava las sanciones por \u201chalconeo\u201d"},"content":{"rendered":"<ul>\n<li><em><strong>Entorpecen la seguridad p\u00fablica<\/strong><\/em><\/li>\n<\/ul>\n<div id=\"attachment_126154\" style=\"width: 250px\" class=\"wp-caption alignleft\"><a href=\"http:\/\/www.diarioimagen.net\/wp-content\/uploads\/2013\/03\/LEGISLATURA-2065.jpg\"><img loading=\"lazy\" decoding=\"async\" aria-describedby=\"caption-attachment-126154\" class=\"size-medium wp-image-126154\" alt=\"El Congreso mexiquense elev\u00f3 a rango de delito penal la vigilancia y espionaje que realizan los llamados \u201chalcones\u201d al servicio del crimen organizado, que dan informaci\u00f3n sobre la polic\u00eda.\" src=\"http:\/\/www.diarioimagen.net\/wp-content\/uploads\/2013\/03\/LEGISLATURA-2065-240x135.jpg\" width=\"240\" height=\"135\" srcset=\"https:\/\/www.diarioimagen.net\/wp-content\/uploads\/2013\/03\/LEGISLATURA-2065-240x135.jpg 240w, https:\/\/www.diarioimagen.net\/wp-content\/uploads\/2013\/03\/LEGISLATURA-2065-420x236.jpg 420w, https:\/\/www.diarioimagen.net\/wp-content\/uploads\/2013\/03\/LEGISLATURA-2065-235x132.jpg 235w, https:\/\/www.diarioimagen.net\/wp-content\/uploads\/2013\/03\/LEGISLATURA-2065-202x114.jpg 202w, https:\/\/www.diarioimagen.net\/wp-content\/uploads\/2013\/03\/LEGISLATURA-2065-350x196.jpg 350w, https:\/\/www.diarioimagen.net\/wp-content\/uploads\/2013\/03\/LEGISLATURA-2065-220x123.jpg 220w, https:\/\/www.diarioimagen.net\/wp-content\/uploads\/2013\/03\/LEGISLATURA-2065-237x132.jpg 237w, https:\/\/www.diarioimagen.net\/wp-content\/uploads\/2013\/03\/LEGISLATURA-2065.jpg 480w\" sizes=\"auto, (max-width: 240px) 100vw, 240px\" \/><\/a><p id=\"caption-attachment-126154\" class=\"wp-caption-text\">El Congreso mexiquense elev\u00f3 a rango de delito penal la vigilancia y espionaje que realizan los llamados \u201chalcones\u201d al servicio del crimen organizado, que dan informaci\u00f3n sobre la polic\u00eda.<\/p><\/div>\n<p>Con el objetivo de\u00a0evitar que se\u00a0entorpezcan las\u00a0tareas de justicia y seguridad p\u00fablica, la LVIII Legislatura\u00a0del Estado de M\u00e9xico\u00a0aprob\u00f3\u00a0reformas al C\u00f3digo\u00a0Penal y al de Procedimientos Penales del Estado de M\u00e9xico, mediante las cuales se agravan las sanciones\u00a0en contra de\u00a0los denominados \u201chalcones\u201d,\u00a0quienes se dedican a\u00a0acechar, vigilar, espiar, alterar, as\u00ed como acceder o proporcionar informaci\u00f3n sobre las actividades oficiales que realicen servidores de seguridad p\u00fablica u \u00f3rganos jurisdiccionales, con la finalidad de evitar el cumplimiento de sus funciones u ocasionar\u00a0da\u00f1os a instituciones, \u00f3rganos y servidores p\u00fablicos.<\/p>\n<p>Dichas conductas, incluida la vigilancia de una persona para ocasionarle un da\u00f1o y portar\u00a0tres o m\u00e1s tel\u00e9fonos celulares, sistemas de comunicaci\u00f3n electr\u00f3nica o radio comunicaci\u00f3n con fines de acechanza, se sanciona con una pena de 6 a 10 a\u00f1os de prisi\u00f3n y de 100 a 200 d\u00edas multa.<\/p>\n<p>El decreto n\u00famero 55,\u00a0publicado en la Gaceta del Gobierno el pasado 22 de febrero, establece que\u00adla\u00a0pena\u00a0se duplica\u00a0si el delito es cometido por servidores p\u00fablicos de instituciones de seguridad p\u00fablica u organismos jurisdiccionales del Estado de M\u00e9xico, adem\u00e1s de que se impondr\u00e1 la destituci\u00f3n definitiva del empleo, cargo o comisi\u00f3n p\u00fablicos e inhabilitaci\u00f3n para desempe\u00f1ar otro de 5 a 15 a\u00f1os.<\/p>\n<p>La pena\u00a0aumenta\u00a0hasta una tercera parte\u00a0cuando el delito se cometa utilizando cualquier medio de transmisi\u00f3n inal\u00e1mbrica, mediante el cual se pueda\u00a0realizar la emisi\u00f3n\u00a0o recepci\u00f3n de signos, se\u00f1ales,\u00a0escritos, im\u00e1genes, voz, sonidos o informaci\u00f3n de cualquier naturaleza.<\/p>\n<p>Con la adici\u00f3n a\u00a0la fracci\u00f3n IV\u00a0del\u00a0art\u00edculo 166 Ter del C\u00f3digo Penal, y la modificaci\u00f3n al\u00a0art\u00edculo 389 del C\u00f3digo de Procedimientos Penales para el Estado de M\u00e9xico, propuesta del gobernador Eruviel \u00c1vila Villegas, se incluye como agravante, en la comisi\u00f3n del\u00a0delito contra el correcto funcionamiento de las instituciones de seguridad p\u00fablica y \u00f3rganos jurisdiccionales,\u00a0y de la seguridad de los servidores p\u00fablicos y particulares, la utilizaci\u00f3n de medios de comunicaci\u00f3n.<\/p>\n<p>&nbsp;<\/p>\n","protected":false},"excerpt":{"rendered":"<p>Con el objetivo de evitar que se entorpezcan las tareas de justicia y seguridad p\u00fablica, la LVIII Legislatura<\/p>\n","protected":false},"author":1,"featured_media":126154,"comment_status":"open","ping_status":"open","sticky":false,"template":"","format":"standard","meta":{"_monsterinsights_skip_tracking":false,"_monsterinsights_sitenote_active":false,"_monsterinsights_sitenote_note":"","_monsterinsights_sitenote_category":0,"footnotes":""},"categories":[5],"tags":[966,43675,24770],"class_list":["post-126113","post","type-post","status-publish","format-standard","has-post-thumbnail","hentry","category-estado-de-mexico","tag-congreso-mexiquense","tag-estado-de-mexico","tag-lviii-legislatura-del-estado-de-mexico"],"_links":{"self":[{"href":"https:\/\/www.diarioimagen.net\/index.php?rest_route=\/wp\/v2\/posts\/126113","targetHints":{"allow":["GET"]}}],"collection":[{"href":"https:\/\/www.diarioimagen.net\/index.php?rest_route=\/wp\/v2\/posts"}],"about":[{"href":"https:\/\/www.diarioimagen.net\/index.php?rest_route=\/wp\/v2\/types\/post"}],"author":[{"embeddable":true,"href":"https:\/\/www.diarioimagen.net\/index.php?rest_route=\/wp\/v2\/users\/1"}],"replies":[{"embeddable":true,"href":"https:\/\/www.diarioimagen.net\/index.php?rest_route=%2Fwp%2Fv2%2Fcomments&post=126113"}],"version-history":[{"count":0,"href":"https:\/\/www.diarioimagen.net\/index.php?rest_route=\/wp\/v2\/posts\/126113\/revisions"}],"wp:featuredmedia":[{"embeddable":true,"href":"https:\/\/www.diarioimagen.net\/index.php?rest_route=\/wp\/v2\/media\/126154"}],"wp:attachment":[{"href":"https:\/\/www.diarioimagen.net\/index.php?rest_route=%2Fwp%2Fv2%2Fmedia&parent=126113"}],"wp:term":[{"taxonomy":"category","embeddable":true,"href":"https:\/\/www.diarioimagen.net\/index.php?rest_route=%2Fwp%2Fv2%2Fcategories&post=126113"},{"taxonomy":"post_tag","embeddable":true,"href":"https:\/\/www.diarioimagen.net\/index.php?rest_route=%2Fwp%2Fv2%2Ftags&post=126113"}],"curies":[{"name":"wp","href":"https:\/\/api.w.org\/{rel}","templated":true}]}}