{"id":126261,"date":"2013-04-01T00:08:32","date_gmt":"2013-04-01T06:08:32","guid":{"rendered":"http:\/\/www.diarioimagen.net\/?p=126261"},"modified":"2013-04-01T01:23:54","modified_gmt":"2013-04-01T07:23:54","slug":"imparten-taller-de-finanzas-a-alumnos-de-huixquilucan","status":"publish","type":"post","link":"https:\/\/www.diarioimagen.net\/?p=126261","title":{"rendered":"Imparten taller de finanzas a alumnos de Huixquilucan"},"content":{"rendered":"<ul>\n<li><em><strong>A cargo de Sof\u00eda Mac\u00edas<\/strong><\/em><\/li>\n<\/ul>\n<div id=\"attachment_126314\" style=\"width: 250px\" class=\"wp-caption alignleft\"><a href=\"http:\/\/www.diarioimagen.net\/wp-content\/uploads\/2013\/04\/HUIXQUILUCAN-2066.jpg\"><img loading=\"lazy\" decoding=\"async\" aria-describedby=\"caption-attachment-126314\" class=\"size-medium wp-image-126314\" alt=\"En Huixquilucan se desarrolla la Semana de Capacitaci\u00f3n, Desarrollo Econ\u00f3mico y Empresarial para j\u00f3venes.\" src=\"http:\/\/www.diarioimagen.net\/wp-content\/uploads\/2013\/04\/HUIXQUILUCAN-2066-240x135.jpg\" width=\"240\" height=\"135\" srcset=\"https:\/\/www.diarioimagen.net\/wp-content\/uploads\/2013\/04\/HUIXQUILUCAN-2066-240x135.jpg 240w, https:\/\/www.diarioimagen.net\/wp-content\/uploads\/2013\/04\/HUIXQUILUCAN-2066-420x236.jpg 420w, https:\/\/www.diarioimagen.net\/wp-content\/uploads\/2013\/04\/HUIXQUILUCAN-2066-235x132.jpg 235w, https:\/\/www.diarioimagen.net\/wp-content\/uploads\/2013\/04\/HUIXQUILUCAN-2066-202x114.jpg 202w, https:\/\/www.diarioimagen.net\/wp-content\/uploads\/2013\/04\/HUIXQUILUCAN-2066-350x196.jpg 350w, https:\/\/www.diarioimagen.net\/wp-content\/uploads\/2013\/04\/HUIXQUILUCAN-2066-220x123.jpg 220w, https:\/\/www.diarioimagen.net\/wp-content\/uploads\/2013\/04\/HUIXQUILUCAN-2066-237x132.jpg 237w, https:\/\/www.diarioimagen.net\/wp-content\/uploads\/2013\/04\/HUIXQUILUCAN-2066.jpg 480w\" sizes=\"auto, (max-width: 240px) 100vw, 240px\" \/><\/a><p id=\"caption-attachment-126314\" class=\"wp-caption-text\">En Huixquilucan se desarrolla la Semana de Capacitaci\u00f3n, Desarrollo Econ\u00f3mico y Empresarial para j\u00f3venes.<\/p><\/div>\n<p><strong>Huixquilucan, Estado de M\u00e9xico.-<\/strong> En el marco de la Semana de Capacitaci\u00f3n, Desarrollo Econ\u00f3mico y Empresarial que se desarrolla en esta ciudad, la direcci\u00f3n del ramo en el municipio, invit\u00f3 a Sof\u00eda Mac\u00edas, autora del libro \u201cPeque\u00f1o Cerdo Capitalista\u201d, a impartir una charla con alumnos de bachillerato y nivel superior de diversos planteles del municipio, para exponerles los beneficios de un adecuado manejo de las finanzas personales y del h\u00e1bito del ahorro.<\/p>\n<p>Coment\u00f3 que el ahorro, combinado con un buen manejo de las finanzas familiares hacen la diferencia entre desarrollar el potencial de un pa\u00eds o cancelar sus oportunidades de crecimiento y beneficio social. Se\u00f1al\u00f3 que en M\u00e9xico, los datos sobre el particular son desalentadores ya que el 43 por ciento de las personas no ahorran, otro indicador negativo es que el 57 por ciento restante pr\u00e1cticamente pone su dinero a \u201cdormir en el colch\u00f3n\u201d y no utilizan los instrumentos financieros para obtener alg\u00fan inter\u00e9s.<\/p>\n<p>De igual manera, la analista econ\u00f3mica exhort\u00f3 a los asistentes a reflexionar sobre el manejo de sus condiciones o posibilidades de ahorro con medidas muy sencillas y peque\u00f1os h\u00e1bitos de manejo personal con objetivos claros. Alert\u00f3 que existen 117 millones de personas en el pa\u00eds y solamente se tienen registrados 2 millones de contratos financieros en inversiones, de ah\u00ed la p\u00e9rdida de plusval\u00eda en el bolsillo de la gente.<\/p>\n<p>Como ejemplo se present\u00f3 una progresi\u00f3n de ahorro sobre 5 pesos diarios durante 5 d\u00edas de la semana, lo que hace 100 pesos al mes, mil 200 pesos al a\u00f1o, lo que puesto a trabajar en un inter\u00e9s compuesto puede representar cerca de 450 mil pesos en 50 a\u00f1os.<\/p>\n<p>&nbsp;<\/p>\n","protected":false},"excerpt":{"rendered":"<p>Huixquilucan, Estado de M\u00e9xico.- En el marco de la Semana de Capacitaci\u00f3n, Desarrollo Econ\u00f3mico y Empresarial que se desarrolla en esta ciudad, la direcci\u00f3n del ramo en el municipio, invit\u00f3 a Sof\u00eda Mac\u00edas, autora del libro \u201cPeque\u00f1o Cerdo Capitalista\u201d, a impartir una charla con alumnos de bachillerato y nivel superior de diversos planteles del municipio, para exponerles los beneficios de un adecuado manejo de las finanzas personales y del h\u00e1bito del ahorro.<\/p>\n","protected":false},"author":1,"featured_media":126314,"comment_status":"open","ping_status":"open","sticky":false,"template":"","format":"standard","meta":{"_monsterinsights_skip_tracking":false,"_monsterinsights_sitenote_active":false,"_monsterinsights_sitenote_note":"","_monsterinsights_sitenote_category":0,"footnotes":""},"categories":[5],"tags":[43675,1097],"class_list":["post-126261","post","type-post","status-publish","format-standard","has-post-thumbnail","hentry","category-estado-de-mexico","tag-estado-de-mexico","tag-huixquilucan"],"_links":{"self":[{"href":"https:\/\/www.diarioimagen.net\/index.php?rest_route=\/wp\/v2\/posts\/126261","targetHints":{"allow":["GET"]}}],"collection":[{"href":"https:\/\/www.diarioimagen.net\/index.php?rest_route=\/wp\/v2\/posts"}],"about":[{"href":"https:\/\/www.diarioimagen.net\/index.php?rest_route=\/wp\/v2\/types\/post"}],"author":[{"embeddable":true,"href":"https:\/\/www.diarioimagen.net\/index.php?rest_route=\/wp\/v2\/users\/1"}],"replies":[{"embeddable":true,"href":"https:\/\/www.diarioimagen.net\/index.php?rest_route=%2Fwp%2Fv2%2Fcomments&post=126261"}],"version-history":[{"count":0,"href":"https:\/\/www.diarioimagen.net\/index.php?rest_route=\/wp\/v2\/posts\/126261\/revisions"}],"wp:featuredmedia":[{"embeddable":true,"href":"https:\/\/www.diarioimagen.net\/index.php?rest_route=\/wp\/v2\/media\/126314"}],"wp:attachment":[{"href":"https:\/\/www.diarioimagen.net\/index.php?rest_route=%2Fwp%2Fv2%2Fmedia&parent=126261"}],"wp:term":[{"taxonomy":"category","embeddable":true,"href":"https:\/\/www.diarioimagen.net\/index.php?rest_route=%2Fwp%2Fv2%2Fcategories&post=126261"},{"taxonomy":"post_tag","embeddable":true,"href":"https:\/\/www.diarioimagen.net\/index.php?rest_route=%2Fwp%2Fv2%2Ftags&post=126261"}],"curies":[{"name":"wp","href":"https:\/\/api.w.org\/{rel}","templated":true}]}}