{"id":126439,"date":"2013-04-02T00:04:45","date_gmt":"2013-04-02T06:04:45","guid":{"rendered":"http:\/\/www.diarioimagen.net\/?p=126439"},"modified":"2013-04-02T04:09:13","modified_gmt":"2013-04-02T10:09:13","slug":"mueren-cinco-en-ataque-a-bares-de-guadalajara","status":"publish","type":"post","link":"https:\/\/www.diarioimagen.net\/?p=126439","title":{"rendered":"Mueren cinco en ataque  a bares de Guadalajara"},"content":{"rendered":"<ul>\n<li><em><strong>Otros 15 quedaron lesionados<\/strong><\/em><\/li>\n<\/ul>\n<div id=\"attachment_126528\" style=\"width: 250px\" class=\"wp-caption alignleft\"><a href=\"http:\/\/www.diarioimagen.net\/wp-content\/uploads\/2013\/04\/seguridad-2067.jpg\"><img loading=\"lazy\" decoding=\"async\" aria-describedby=\"caption-attachment-126528\" class=\"size-medium wp-image-126528\" alt=\"Un ba\u00f1o de sangre se registr\u00f3 en Guadalajara, al ser atacados dos bares, con saldo de 5 muertos y 15 heridos, que incluy\u00f3 la detonaci\u00f3n de una granada.\" src=\"http:\/\/www.diarioimagen.net\/wp-content\/uploads\/2013\/04\/seguridad-2067-240x156.jpg\" width=\"240\" height=\"156\" srcset=\"https:\/\/www.diarioimagen.net\/wp-content\/uploads\/2013\/04\/seguridad-2067-240x156.jpg 240w, https:\/\/www.diarioimagen.net\/wp-content\/uploads\/2013\/04\/seguridad-2067-420x274.jpg 420w, https:\/\/www.diarioimagen.net\/wp-content\/uploads\/2013\/04\/seguridad-2067.jpg 500w\" sizes=\"auto, (max-width: 240px) 100vw, 240px\" \/><\/a><p id=\"caption-attachment-126528\" class=\"wp-caption-text\">Un ba\u00f1o de sangre se registr\u00f3 en Guadalajara, al ser atacados dos bares, con saldo de 5 muertos y 15 heridos, que incluy\u00f3 la detonaci\u00f3n de una granada.<\/p><\/div>\n<p><strong>Guadalajara, Jalisco.-<\/strong> La Fiscal\u00eda General de Jalisco inform\u00f3 \u00a0la tarde de ayer que una mujer que result\u00f3 herida por impacto de bala en uno de los ataques perpetrados la noche del domingo en dos bares de la ciudad de Guadalajara, muri\u00f3 en el Centro M\u00e9dico de Occidente, con lo cual suman hasta el momento cinco v\u00edctimas fatales.<\/p>\n<p>A trav\u00e9s de un comunicado la dependencia estatal manifest\u00f3 que la \u00faltima persona fallecida fue identificada como Karina, de 23 a\u00f1os de edad, quien era empleada del bar Ruta 66.<\/p>\n<p>Asimismo, destac\u00f3 que cuatro de los heridos se encuentran en estado grave.<\/p>\n<p>Por la ma\u00f1ana, la fiscal\u00eda hab\u00eda confirmado que tras el ataque cuatro personas hab\u00edan muerto y 15 m\u00e1s resultaron lesionadas por impactos de bala y la detonaci\u00f3n de un artefacto explosivo en un bar de esta ciudad.<\/p>\n<p>Indic\u00f3 que a las 22:10 horas del domingo, elementos estatales se trasladaron a la avenida Javier Mina n\u00famero 3048, colonia El Porvenir, en Guadalajara, donde se localiza un bar.<\/p>\n<p>Precis\u00f3 que en el interior del inmueble localizaron lesionados por impacto de arma de fuego a Miguel \u00c1ngel Vel\u00e1zquez Garc\u00eda, de 29 a\u00f1os de edad; V\u00edctor Manuel Llamas Herrera, de 28 a\u00f1os y Alfredo P\u00e9rez Villalobos, de 34 a\u00f1os.<\/p>\n<p>Adem\u00e1s, a Alfredo No\u00e9 Rocha Parra, de 33 a\u00f1os; Anet Paola Aguilera Guerrero, de 29 a\u00f1os; Norma P\u00e9rez Villalobos, de 42 a\u00f1os; Julio C\u00e9sar J\u00e1uregui Fern\u00e1ndez, de 27 a\u00f1os; Rub\u00e9n Torres Gonz\u00e1lez, de 26 a\u00f1os, y Gerardo Alfonso Padilla (cuya edad se desconoce).<\/p>\n<p>&nbsp;<\/p>\n","protected":false},"excerpt":{"rendered":"<p>Guadalajara, Jalisco.- La Fiscal\u00eda General de Jalisco inform\u00f3  la tarde de ayer que una mujer que result\u00f3 herida por impacto de bala en uno de los ataques perpetrados la noche del domingo en dos bares de la ciudad de Guadalajara, muri\u00f3 en el Centro M\u00e9dico de Occidente, con lo cual suman hasta el momento cinco v\u00edctimas fatales.<\/p>\n","protected":false},"author":1,"featured_media":126528,"comment_status":"open","ping_status":"open","sticky":false,"template":"","format":"standard","meta":{"_monsterinsights_skip_tracking":false,"_monsterinsights_sitenote_active":false,"_monsterinsights_sitenote_note":"","_monsterinsights_sitenote_category":0,"footnotes":""},"categories":[7],"tags":[1395,2821,43677],"class_list":["post-126439","post","type-post","status-publish","format-standard","has-post-thumbnail","hentry","category-seguridad","tag-bares","tag-guadalajara","tag-seguridad"],"_links":{"self":[{"href":"https:\/\/www.diarioimagen.net\/index.php?rest_route=\/wp\/v2\/posts\/126439","targetHints":{"allow":["GET"]}}],"collection":[{"href":"https:\/\/www.diarioimagen.net\/index.php?rest_route=\/wp\/v2\/posts"}],"about":[{"href":"https:\/\/www.diarioimagen.net\/index.php?rest_route=\/wp\/v2\/types\/post"}],"author":[{"embeddable":true,"href":"https:\/\/www.diarioimagen.net\/index.php?rest_route=\/wp\/v2\/users\/1"}],"replies":[{"embeddable":true,"href":"https:\/\/www.diarioimagen.net\/index.php?rest_route=%2Fwp%2Fv2%2Fcomments&post=126439"}],"version-history":[{"count":0,"href":"https:\/\/www.diarioimagen.net\/index.php?rest_route=\/wp\/v2\/posts\/126439\/revisions"}],"wp:featuredmedia":[{"embeddable":true,"href":"https:\/\/www.diarioimagen.net\/index.php?rest_route=\/wp\/v2\/media\/126528"}],"wp:attachment":[{"href":"https:\/\/www.diarioimagen.net\/index.php?rest_route=%2Fwp%2Fv2%2Fmedia&parent=126439"}],"wp:term":[{"taxonomy":"category","embeddable":true,"href":"https:\/\/www.diarioimagen.net\/index.php?rest_route=%2Fwp%2Fv2%2Fcategories&post=126439"},{"taxonomy":"post_tag","embeddable":true,"href":"https:\/\/www.diarioimagen.net\/index.php?rest_route=%2Fwp%2Fv2%2Ftags&post=126439"}],"curies":[{"name":"wp","href":"https:\/\/api.w.org\/{rel}","templated":true}]}}