{"id":126563,"date":"2013-04-03T00:01:06","date_gmt":"2013-04-03T06:01:06","guid":{"rendered":"http:\/\/www.diarioimagen.net\/?p=126563"},"modified":"2013-04-03T03:58:14","modified_gmt":"2013-04-03T09:58:14","slug":"el-gran-museo-del-mundo-maya-de-merida-fue-reconocido-con-el-premio-iberoamericano-cidi","status":"publish","type":"post","link":"https:\/\/www.diarioimagen.net\/?p=126563","title":{"rendered":"El Gran Museo del Mundo Maya de M\u00e9rida fue reconocido con el premio Iberoamericano CIDI"},"content":{"rendered":"<h2>De cinco estrellas<\/h2>\n<h5>Victoria Gonz\u00e1lez Prado<\/h5>\n<p>&nbsp;<\/p>\n<ul>\n<li><strong><i>The Palms Hotel &amp; Spa<\/i> ofrece atractivas promociones para el verano en Miami<\/strong><\/li>\n<li><strong>Juan Pablo G\u00f3mez y Ver\u00f3nica Montes estrenan cargos en Interval\u00a0<\/strong><\/li>\n<li><strong><i>Delphinus<\/i> entreg\u00f3 reconocimientos a los ganadores del concurso: <i>Nuestros Delfines<\/i><\/strong><\/li>\n<\/ul>\n<div id=\"attachment_126718\" style=\"width: 250px\" class=\"wp-caption alignleft\"><a href=\"http:\/\/www.diarioimagen.net\/wp-content\/uploads\/2013\/04\/turismo-2068.jpg\"><img loading=\"lazy\" decoding=\"async\" aria-describedby=\"caption-attachment-126718\" class=\"size-medium wp-image-126718\" alt=\"El Gran Museo del Mundo Maya de M\u00e9rida.\" src=\"http:\/\/www.diarioimagen.net\/wp-content\/uploads\/2013\/04\/turismo-2068-240x135.jpg\" width=\"240\" height=\"135\" srcset=\"https:\/\/www.diarioimagen.net\/wp-content\/uploads\/2013\/04\/turismo-2068-240x135.jpg 240w, https:\/\/www.diarioimagen.net\/wp-content\/uploads\/2013\/04\/turismo-2068-420x236.jpg 420w, https:\/\/www.diarioimagen.net\/wp-content\/uploads\/2013\/04\/turismo-2068-235x132.jpg 235w, https:\/\/www.diarioimagen.net\/wp-content\/uploads\/2013\/04\/turismo-2068-202x114.jpg 202w, https:\/\/www.diarioimagen.net\/wp-content\/uploads\/2013\/04\/turismo-2068-350x196.jpg 350w, https:\/\/www.diarioimagen.net\/wp-content\/uploads\/2013\/04\/turismo-2068-220x123.jpg 220w, https:\/\/www.diarioimagen.net\/wp-content\/uploads\/2013\/04\/turismo-2068-237x132.jpg 237w, https:\/\/www.diarioimagen.net\/wp-content\/uploads\/2013\/04\/turismo-2068.jpg 480w\" sizes=\"auto, (max-width: 240px) 100vw, 240px\" \/><\/a><p id=\"caption-attachment-126718\" class=\"wp-caption-text\">El Gran Museo del Mundo Maya de M\u00e9rida.<\/p><\/div>\n<p>El Gran Museo del Mundo Maya de M\u00e9rida fue reconocido con el premio Iberoamericano CIDI (Consejo Iberoamericano de Dise\u00f1adores de Interiores, A.C.), obra emblem\u00e1tica del a\u00f1o 2013, que lo consider\u00f3 como una de las mejores obras edificadas a nivel mundial dentro de la Categor\u00eda Cultura, posicion\u00e1ndolo como un recinto cultura de vanguardia a nivel internacional. De acuerdo con el presidente del consejo de premiaci\u00f3n del CIDI, <b>Juan Bernardo Dolores Gonz\u00e1lez<\/b>, el museo compiti\u00f3 con otro centenar de recintos de todo el mundo, tomando en cuenta est\u00e1ndares de dise\u00f1o, interiorismo, urbanismo, edificaci\u00f3n, desarrollo inmobiliario y arquitectura de paisaje, entre otras disciplinas afines que lo hicieron ganar el reconocimiento. En comunicado de prensa del CIDI, el comit\u00e9 de premiaci\u00f3n acord\u00f3 otorgar esta distinci\u00f3n al museo: \u201cpor su valiosa concepci\u00f3n urbana, que potencializa el car\u00e1cter emblem\u00e1tico de la cultura maya en su entorno inmediato y el de la ciudad de M\u00e9rida; por su car\u00e1cter emblem\u00e1tico del universo maya en el contexto nacional e internacional; por su arquitectura expresiva, de gran contenido dram\u00e1tico, con la representaci\u00f3n de la ceiba monumental, como punto focal de la composici\u00f3n y fundamento del universo en el mundo maya; por las soluciones \u00f3ptimas del funcionamiento interno de sus espacios abiertos, que redunda en el confort que ofrece al usuario y le posibilita, de manera \u00f3ptima, los recorridos por el museo; por las soluciones especializadas de la museograf\u00eda, por el dise\u00f1o de su iluminaci\u00f3n y del espect\u00e1culo de luz y sonido, que transforma el inmueble en im\u00e1genes de construcciones mayas emblem\u00e1ticas, as\u00ed como por la calidad de su edificaci\u00f3n\u201d. En la ceremonia de entrega, el gobernador de Yucat\u00e1n, <b>Rolando Zapata Bello,<\/b> destac\u00f3 que la entidad aspira a consolidarse como la capital cultural y museogr\u00e1fica de la regi\u00f3n, por lo que su gobierno apostar\u00e1 al desarrollo de infraestructura moderna y de vanguardia, en la que se hagan presentes las aportaciones arquitect\u00f3nicas de la cultura maya. As\u00ed, <b>Zapata Bello<\/b>, recibi\u00f3 de manos del presidente del CIDI, el premio como promotor e impulsor del proyecto. Asimismo, el reconocimiento se otorg\u00f3 a los inversionistas proveedores que apostaron al proyecto y confiaron en Yucat\u00e1n; <b>Abelardo Arroyo Rinc\u00f3n<\/b> lo recibi\u00f3 en representaci\u00f3n de <b>Carlos Hank Gonz\u00e1lez<\/b>, presidente del Grupo Hermes Infraestructura. Tambi\u00e9n al Grupo <i>Arquidecture<\/i> \/ 4A Arquitectos, conformado por <b>Josefina Rivas<\/b> <b>Acevedo<\/b>, <b>Ricardo Combaluzier Medina<\/b>,<b> Enrique Duarte Aznar<\/b> y <b>William Ram\u00edrez Pizarro<\/b>. Por su parte, <b>Josefina Rivas Acevedo<\/b>, representante de los responsables del dise\u00f1o arquitect\u00f3nico en su mensaje agradeci\u00f3 la confianza de las autoridades para el equipo de dise\u00f1o y mencion\u00f3 a quienes trabajaron en el museo, <b>Jos\u00e9 Enrique Ortiz Lanz<\/b>, director del proyecto museogr\u00e1fico; <b>Le\u00f3n Antonio Faure Acra<\/b>, productor del proyecto museogr\u00e1fico; <b>Xavier de Richemont<\/b>, artista del espect\u00e1culo multimedia; al constructor <b>Ariel Medina Medina<\/b>, a los asesores <b>Luis Enrique Reyes Bolio<\/b> y <b>V\u00edctor Manuel Guillermo y Alavez<\/b>, a <b>Jorge Esma Baz\u00e1n<\/b>, director del Instituto de Historia y Museos de Yucat\u00e1n, y <b>a Rosalba Robles Vess<\/b>i, directora del Gran Museo del Mundo Maya.<\/p>\n<p><i>\u2730\u2730\u2730\u2730\u2730<\/i>\u00a0Para disfrute de los visitantes internacionales, especialmente de Latinoam\u00e9rica a Miami, <i>The Palms Hotel &amp; Spa<\/i> presenta una muy atractiva promoci\u00f3n durante el verano boreal del 2013: \u201c<i>Check-In <\/i>Temprano Garantizado\u201d, con el que los visitantes podr\u00e1n descansar y refrescarse, aun cuando su vuelo llega bien temprano, para as\u00ed poder empezar a disfrutar de los atractivos de Miami <i>Beach<\/i>, horas antes que las16 horas, que es el tiempo est\u00e1ndar de <i>check-in<\/i> en otros hoteles. \u201c<i>Check-In <\/i>Temprano Garantizado\u201d incluye alojamiento en una de las habitaciones de lujo del elegante hotel y desayuno bufet americano diario. Las tarifas de las habitaciones con vista a la ciudad comienzan en 289 d\u00f3lares todo el mes de abril; 219 d\u00f3lares de mayo a septiembre.\u00a0 Las tarifas de las habitaciones con vista al mar comienzan en 345 d\u00f3lares todo abril y 279 d\u00f3lares de mayo a septiembre. La oferta es v\u00e1lida del 1 de abril hasta el 30 de septiembre del 2013, sujeta a disponibilidad, y requiere una estad\u00eda m\u00ednima de tres noches.\u00a0 No incluye impuestos ni el cargo diario por servicios del hotel de 14 d\u00f3lares. Visita\u00a0\u00a0 <a href=\"http:\/\/www.thepalmshotel.com\/\">www.thepalmshotel.com<\/a>, el c\u00f3digo de reserva 2013SUMLATAM.<\/p>\n<p><i>\u2730\u2730\u2730\u2730\u2730<\/i>\u00a0<b>Juan Pablo G\u00f3mez<\/b> es el nuevo director regional para el oeste de M\u00e9xico y <b>Ver\u00f3nica Montes,<\/b> la gerente regional del mismo territorio, ambos del\u00a0 departamento de ventas y servicio a complejos tur\u00edsticos de Interval International,\u00a0\u00a0 proveedor mundial de servicios vacacionales. En su nueva funci\u00f3n, <b>G\u00f3mez<\/b> est\u00e1 a cargo de supervisar la presencia de la compa\u00f1\u00eda y fomentar la base de clientes desarrolladores en la regi\u00f3n. Tambi\u00e9n desempe\u00f1a el mismo cargo para <i>Preferred Residences<sup>\u00ae<\/sup>,<\/i> el programa de afiliaci\u00f3n e intercambio con marca propia para complejos de propiedad compartida de lujo, clubes de residencias privadas y hoteles estilo condominio. <b>G\u00f3mez<\/b> se incorpor\u00f3 a Interval en 2007 como gerente regional del norte de M\u00e9xico y est\u00e1 radicado en Los Cabos. \u00c9l est\u00e1 bajo la supervisi\u00f3n de Marcos Agostini, vicepresidente senior de ventas y desarrollo comercial de Interval para Latinoam\u00e9rica. \u201cEn los \u00faltimos cinco a\u00f1os, <b>Juan Pablo<\/b> contribuy\u00f3 al crecimiento de la compa\u00f1\u00eda en M\u00e9xico y ampli\u00f3 exitosamente las relaciones con los clientes\u201d, se\u00f1al\u00f3 <b>Agostini<\/b>. \u201cEstoy muy contento porque dirigir\u00e1 al equipo en este nuevo territorio y me entusiasma trabajar con \u00e9l\u201d. <b>Ver\u00f3nica Montes<\/b> radica en la ciudad de M\u00e9xico y proporciona apoyo de ventas, comercializaci\u00f3n y operaciones a los complejos tur\u00edsticos afiliados a Interval y ayuda a aumentar la base de clientes en el oeste de M\u00e9xico. Empez\u00f3 su carrera con la compa\u00f1\u00eda como asistente de ventas y servicio a complejos tur\u00edsticos en 1999 y recientemente fue ejecutiva de cuentas para la costa sur del Pac\u00edfico de M\u00e9xico. Est\u00e1 bajo la supervisi\u00f3n de <b>G\u00f3mez<\/b>. \u201cEl conocimiento y la experiencia que <b>Ver\u00f3nica<\/b> ha adquirido en la empresa le ser\u00e1n \u00fatiles en su nueva funci\u00f3n y por ende ella ser\u00e1 un valioso recurso para el equipo\u201d, dijo <b>Agostini<\/b>.<\/p>\n<p><i>\u2730\u2730\u2730\u2730\u2730<\/i>\u00a0Por segundo a\u00f1o consecutivo <i>Delphinus<\/i> convoc\u00f3 a sus colaboradores a participar en el concurso de fotograf\u00eda \u201cNuestros Delfines\u201d, para capturar en im\u00e1genes a estos cet\u00e1ceos que provocan tantos sue\u00f1os en los cientos de miles de visitantes que asisten a alguno de los cuatro delfinarios de esta cadena, como entre las personas que trabajan cerca de ellos. Compitieron 83 trabajos que fueron presentados en equipo. <b>Rodrigo Constandse<\/b>, director general de <i>Delphinus<\/i>, visiblemente contento coment\u00f3 antes de que fueran dados a conocer los ganadores dijo \u201choy me siento m\u00e1s que orgulloso por pertenecer a esta talentosa familia, la respuesta de ustedes en este a\u00f1o fue mucho m\u00e1s all\u00e1 de lo que pudimos pensar, muchas gracias.\u201d El jurado calificador estuvo integrado por los conocidos fotoperiodistas <b>Marte Rebollar<\/b>, <b>Elizabeth Ruiz<\/b>, y <b>Alonso Cupul<\/b>, quienes votaron sin conocer los nombres de los autores, siendo sus \u00fanicas referencias la obra y el t\u00edtulo. El primer lugar y, por lo tanto, un premio de 15 mil pesos fue otorgado a \u201cAtr\u00e9vete a mirar\u201d de <b>Fausto Aguilar<\/b> y <b>Matilde Aimar<\/b>; la segunda posici\u00f3n y 10 mil pesos fue para \u201cAmigos\u201d de <b>Jorge Espinosa<\/b> y <b>Julio Noh<\/b>, mientras que el tercer puesto y 5 mil pesos fue para \u201cUna mirada hacia mi interior\u201d de <b>Emmanuel<\/b> y <b>Roberto Naranjo<\/b>. Como en la primera edici\u00f3n de este certamen, los asistentes a la presentaci\u00f3n de ganadores otorgaron mediante un voto directo un reconocimiento especial \u201cde la gente\u201d y que fue entregado a la obra \u201cCamouflage\u201d de <b>Luis Miguel Carrillo<\/b> y <b>Eligio Cej\u00edn<\/b> acompa\u00f1ado con 3 mil pesos para los artistas, el segundo lugar de esta categor\u00eda fue para \u201cBajo el mismo sol\u201d de <b>No\u00e9 Mart\u00edn<\/b> y <b>Jes\u00fas Gonz\u00e1lez<\/b>, en tanto que el tercer lugar de esta categor\u00eda se otorg\u00f3 a \u201cHacemos con el coraz\u00f3n los sue\u00f1os realidad\u201d de <b>Magnolia Morales<\/b>, <b>Roberto Serrano<\/b> y <b>Brenda del Moral<\/b>. Finalmente directivos de la cadena de delfinarios tambi\u00e9n dieron un premio especial a la \u201cCreatividad\u201d se\u00f1alando a la obra \u201cCamouflage\u201d como la ganadora y \u201cNunca es tarde para ser feliz\u201d como ganadora de la categor\u00eda \u201cMensaje\u201d.<\/p>\n<p><i><em><a href=\"mailto:victoriagprado@gmail.com\" target=\"_blank\">victoriagprado@gmail.com<\/a><\/em><\/i><\/p>\n<p>&nbsp;<\/p>\n","protected":false},"excerpt":{"rendered":"<p>El Gran Museo del Mundo Maya de M\u00e9rida fue reconocido con el premio Iberoamericano CIDI (Consejo Iberoamericano de Dise\u00f1adores de Interiores, A.C.), obra emblem\u00e1tica del a\u00f1o 2013, que lo consider\u00f3 como una de las mejores obras edificadas a nivel mundial dentro de la Categor\u00eda Cultura, posicion\u00e1ndolo como un recinto cultura de vanguardia a nivel internacional. <\/p>\n","protected":false},"author":1,"featured_media":126718,"comment_status":"open","ping_status":"open","sticky":false,"template":"","format":"standard","meta":{"_monsterinsights_skip_tracking":false,"_monsterinsights_sitenote_active":false,"_monsterinsights_sitenote_note":"","_monsterinsights_sitenote_category":0,"footnotes":""},"categories":[11],"tags":[107,43681,106],"class_list":["post-126563","post","type-post","status-publish","format-standard","has-post-thumbnail","hentry","category-turismo","tag-de-cinco-estrellas","tag-turismo","tag-victoria-gonzalez-prado"],"_links":{"self":[{"href":"https:\/\/www.diarioimagen.net\/index.php?rest_route=\/wp\/v2\/posts\/126563","targetHints":{"allow":["GET"]}}],"collection":[{"href":"https:\/\/www.diarioimagen.net\/index.php?rest_route=\/wp\/v2\/posts"}],"about":[{"href":"https:\/\/www.diarioimagen.net\/index.php?rest_route=\/wp\/v2\/types\/post"}],"author":[{"embeddable":true,"href":"https:\/\/www.diarioimagen.net\/index.php?rest_route=\/wp\/v2\/users\/1"}],"replies":[{"embeddable":true,"href":"https:\/\/www.diarioimagen.net\/index.php?rest_route=%2Fwp%2Fv2%2Fcomments&post=126563"}],"version-history":[{"count":0,"href":"https:\/\/www.diarioimagen.net\/index.php?rest_route=\/wp\/v2\/posts\/126563\/revisions"}],"wp:featuredmedia":[{"embeddable":true,"href":"https:\/\/www.diarioimagen.net\/index.php?rest_route=\/wp\/v2\/media\/126718"}],"wp:attachment":[{"href":"https:\/\/www.diarioimagen.net\/index.php?rest_route=%2Fwp%2Fv2%2Fmedia&parent=126563"}],"wp:term":[{"taxonomy":"category","embeddable":true,"href":"https:\/\/www.diarioimagen.net\/index.php?rest_route=%2Fwp%2Fv2%2Fcategories&post=126563"},{"taxonomy":"post_tag","embeddable":true,"href":"https:\/\/www.diarioimagen.net\/index.php?rest_route=%2Fwp%2Fv2%2Ftags&post=126563"}],"curies":[{"name":"wp","href":"https:\/\/api.w.org\/{rel}","templated":true}]}}