{"id":126583,"date":"2013-04-03T00:06:14","date_gmt":"2013-04-03T06:06:14","guid":{"rendered":"http:\/\/www.diarioimagen.net\/?p=126583"},"modified":"2013-04-03T03:26:44","modified_gmt":"2013-04-03T09:26:44","slug":"politica-y-enfermedad","status":"publish","type":"post","link":"https:\/\/www.diarioimagen.net\/?p=126583","title":{"rendered":"Pol\u00edtica y enfermedad"},"content":{"rendered":"<h2>\u00cdndice pol\u00edtico<\/h2>\n<h5>Francisco Rodr\u00edguez<\/h5>\n<p>&nbsp;<\/p>\n<p>Habr\u00e1 que hacer historia: en los \u00faltimos d\u00edas de diciembre de 1920, Vladimir Lenin, durante una sesi\u00f3n del grupo parlamentario bolchevique del VIII Congreso de los Soviets, dijo: \u201cEs una desgracia, pero estoy muy enfermo. No puedo decirles nada m\u00e1s\u201d.<\/p>\n<p>Desde aquel entonces comenz\u00f3 a pasar m\u00e1s tiempo en la aristocr\u00e1tica mansi\u00f3n Gorki, a las afueras de Mosc\u00fa, que en su despacho en el Kremlin. Los m\u00e9dicos consideraban que el debilitamiento f\u00edsico y los constantes dolores de cabeza eran consecuencias del estr\u00e9s sufrido en los \u00faltimos a\u00f1os y de la herida en 1918: supuestamente, \u201cla bala de la pistola de Kapl\u00e1n conten\u00eda veneno con acci\u00f3n retardada\u201d.<\/p>\n<p>En diciembre de 1922 Lenin sufri\u00f3 un derrame cerebral que le hizo perder la movilidad de la pierna y el brazo derechos. M\u00e1s tarde lleg\u00f3 una leve recuperaci\u00f3n que permiti\u00f3 al l\u00edder revolucionario escribir varios art\u00edculos sobre las cuestiones econ\u00f3micas y la administraci\u00f3n del Estado sovi\u00e9tico, as\u00ed como su famosa carta al Congreso. En la misma Lenin caracteriz\u00f3 brevemente a su c\u00edrculo de colaboradores y, en especial, a\u00a0Jos\u00e9 Stalin, al que calific\u00f3 de demasiado caprichoso, poco educado, poco paciente y poco leal. \u201cEl camarada Stalin, al convertirse en secretario general, concentr\u00f3 en sus manos un poder inmenso y no estoy seguro de que sea capaz de utilizarlo con suficiente prudencia\u201d, escribi\u00f3 Lenin.<\/p>\n<p>Enfermo, muy enfermo, pero l\u00facido eso s\u00ed.<\/p>\n<p>Muchos a\u00f1os despu\u00e9s, en 1990, tras ser intervenido quir\u00fargicamente de una hernia discal -un largo padecimiento que le hizo crisis durante una visita a Espa\u00f1a-, el entonces diputado sovi\u00e9tico Boris Yeltsin describi\u00f3 ante las c\u00e1maras de televisi\u00f3n su situaci\u00f3n postoperatoria:<\/p>\n<p>\u201cMe duele algo la espalda, pero la cabeza contin\u00faa trabajando y pensando. Un pol\u00edtico es siempre un pol\u00edtico, est\u00e9 enfermo o no\u201d. Un pol\u00edtico, en efecto, siempre es un pol\u00edtico. Est\u00e9 enfermo o no.<\/p>\n<p align=\"center\"><b>VALLEJO,\u00a0<\/b><b>UN EJEMPLO<\/b><\/p>\n<p>Durante muchas semanas desde Morelia, la capital de Michoac\u00e1n, han surgido noticias sobre las enfermedades del mandatario pri\u00edsta Fausto Vallejo, quien incluso solicit\u00f3 una licencia temporal para realizarse ex\u00e1menes m\u00e9dicos que le revelaran su verdadero estado de salud.<\/p>\n<p>No fue \u00e9sta la primera ocasi\u00f3n que diversos intereses pol\u00edticos de distintas naturalezas cada cual lo colocaron al borde de la tumba. El secretario general de Gobierno, Jes\u00fas Reyna, por ejemplo, com\u00eda hace unos d\u00edas ansias de poder y pr\u00e1cticamente lo deshauciaba.<\/p>\n<p>Por fortuna, tanto para \u00e9l como para Michoac\u00e1n, Vallejo no est\u00e1 tan enfermo como se ve.<\/p>\n<p>Hace unas horas lo ratific\u00f3 el portavoz de su gobierno, quien se\u00f1al\u00f3 que tras recibir los resultados de los estudios que se le practicaron, se descart\u00f3 que el gobernador de Michoac\u00e1n, Fausto Vallejo, padezca alguna enfermedad terminal o cr\u00f3nico-degenerativa.<\/p>\n<p>El vocero del gobierno del estado, Julio C\u00e9sar Hern\u00e1ndez, dijo que ha quedado descartado que el mandatario estatal padezca c\u00e1ncer o insuficiencia renal.<\/p>\n<p>\u201cNo hay un diagn\u00f3stico de enfermedad terminal, por fortuna; no hay una enfermedad cr\u00f3nica degenerativa, que descartamos desde el principio que fuera un c\u00e1ncer; est\u00e1 confirmado por estos diagn\u00f3sticos, ni tampoco hay problemas de insuficiencia renal\u201d, dijo.<\/p>\n<p>Tambi\u00e9n inform\u00f3 que los m\u00e9dicos han asegurado al gobernador que no tendr\u00e1 ninguna dificultad o impedimento para cumplir con su compromiso al frente de la administraci\u00f3n estatal.<\/p>\n<p>De esta forma, Hern\u00e1ndez Granados descart\u00f3 cualquier posibilidad de renuncia, licencia o interinato en la entidad.<\/p>\n<p>Ni modo, Jes\u00fas Reyna. Las ansias de novillero no cristalizaron\u2026 por ahora. L\u00facido como Lenin, quiz\u00e1 hasta jocoso como Yeltsin, Vallejo podr\u00e1 ratificar que \u201cun pol\u00edtico siempre es un pol\u00edtico: est\u00e9 enfermo o no\u201d.<\/p>\n<p><b><i>\u00cdndice Flam\u00edgero:<\/i><\/b> Luisa Mar\u00eda Calder\u00f3n, motejada cual \u201cLa Cocoa\u201d, formaba filas entre quienes cre\u00edan decidir el destino michoacano. P\u00fablicamente mostr\u00f3 su inconformidad con la versi\u00f3n que colocaba a Jes\u00fas Reyna como gobernador sustituto. Aunque hay quienes dicen que tal oposici\u00f3n estaba pactada. \u00bfUsted que cree?<\/p>\n<p><em><a href=\"http:\/\/www.indicepolitico.com\/\" target=\"_blank\"><em>www.indicepolitico.com<\/em><\/a><br \/>\n<\/em><em><a href=\"mailto:pacorodriguez@journalist.com\" target=\"_blank\">pacorodriguez@journalist.com<\/a><\/em><\/p>\n","protected":false},"excerpt":{"rendered":"<p><span style=\"color: #005497;\"><strong>Francisco Rodr\u00edguez<\/strong><\/span><\/p>\n","protected":false},"author":1,"featured_media":0,"comment_status":"open","ping_status":"open","sticky":false,"template":"","format":"standard","meta":{"_monsterinsights_skip_tracking":false,"_monsterinsights_sitenote_active":false,"_monsterinsights_sitenote_note":"","_monsterinsights_sitenote_category":0,"footnotes":""},"categories":[549],"tags":[43689,550,43674],"class_list":["post-126583","post","type-post","status-publish","format-standard","hentry","category-francisco-rodriguez","tag-francisco-rodriguez","tag-indice-politico","tag-opinion"],"_links":{"self":[{"href":"https:\/\/www.diarioimagen.net\/index.php?rest_route=\/wp\/v2\/posts\/126583","targetHints":{"allow":["GET"]}}],"collection":[{"href":"https:\/\/www.diarioimagen.net\/index.php?rest_route=\/wp\/v2\/posts"}],"about":[{"href":"https:\/\/www.diarioimagen.net\/index.php?rest_route=\/wp\/v2\/types\/post"}],"author":[{"embeddable":true,"href":"https:\/\/www.diarioimagen.net\/index.php?rest_route=\/wp\/v2\/users\/1"}],"replies":[{"embeddable":true,"href":"https:\/\/www.diarioimagen.net\/index.php?rest_route=%2Fwp%2Fv2%2Fcomments&post=126583"}],"version-history":[{"count":0,"href":"https:\/\/www.diarioimagen.net\/index.php?rest_route=\/wp\/v2\/posts\/126583\/revisions"}],"wp:attachment":[{"href":"https:\/\/www.diarioimagen.net\/index.php?rest_route=%2Fwp%2Fv2%2Fmedia&parent=126583"}],"wp:term":[{"taxonomy":"category","embeddable":true,"href":"https:\/\/www.diarioimagen.net\/index.php?rest_route=%2Fwp%2Fv2%2Fcategories&post=126583"},{"taxonomy":"post_tag","embeddable":true,"href":"https:\/\/www.diarioimagen.net\/index.php?rest_route=%2Fwp%2Fv2%2Ftags&post=126583"}],"curies":[{"name":"wp","href":"https:\/\/api.w.org\/{rel}","templated":true}]}}