{"id":126765,"date":"2013-04-04T00:04:29","date_gmt":"2013-04-04T06:04:29","guid":{"rendered":"http:\/\/www.diarioimagen.net\/?p=126765"},"modified":"2013-04-05T05:41:03","modified_gmt":"2013-04-05T11:41:03","slug":"gobierno-capitalino-y-cfe-estrecharan-colaboracion","status":"publish","type":"post","link":"https:\/\/www.diarioimagen.net\/?p=126765","title":{"rendered":"Gobierno capitalino y CFE estrechar\u00e1n colaboraci\u00f3n"},"content":{"rendered":"<ul>\n<li><em><strong>Miguel \u00c1ngel Mancera y Francisco Rojas hacen un recuento del estado que guardan los proyectos para modernizar la infraestructura<\/strong><\/em><\/li>\n<\/ul>\n<div id=\"attachment_126855\" style=\"width: 250px\" class=\"wp-caption alignleft\"><a href=\"http:\/\/www.diarioimagen.net\/wp-content\/uploads\/2013\/04\/MANCERA-2069.jpg\"><img loading=\"lazy\" decoding=\"async\" aria-describedby=\"caption-attachment-126855\" class=\"size-medium wp-image-126855\" alt=\"El jefe de gobierno del DF, Miguel \u00c1ngel Mancera, y el director de la CFE, Francisco Rojas Guti\u00e9rrez, se reunieron ayer.\" src=\"http:\/\/www.diarioimagen.net\/wp-content\/uploads\/2013\/04\/MANCERA-2069-240x135.jpg\" width=\"240\" height=\"135\" srcset=\"https:\/\/www.diarioimagen.net\/wp-content\/uploads\/2013\/04\/MANCERA-2069-240x135.jpg 240w, https:\/\/www.diarioimagen.net\/wp-content\/uploads\/2013\/04\/MANCERA-2069-420x236.jpg 420w, https:\/\/www.diarioimagen.net\/wp-content\/uploads\/2013\/04\/MANCERA-2069-235x132.jpg 235w, https:\/\/www.diarioimagen.net\/wp-content\/uploads\/2013\/04\/MANCERA-2069-202x114.jpg 202w, https:\/\/www.diarioimagen.net\/wp-content\/uploads\/2013\/04\/MANCERA-2069-350x196.jpg 350w, https:\/\/www.diarioimagen.net\/wp-content\/uploads\/2013\/04\/MANCERA-2069-220x123.jpg 220w, https:\/\/www.diarioimagen.net\/wp-content\/uploads\/2013\/04\/MANCERA-2069-237x132.jpg 237w, https:\/\/www.diarioimagen.net\/wp-content\/uploads\/2013\/04\/MANCERA-2069.jpg 480w\" sizes=\"auto, (max-width: 240px) 100vw, 240px\" \/><\/a><p id=\"caption-attachment-126855\" class=\"wp-caption-text\">El jefe de gobierno del DF, Miguel \u00c1ngel Mancera, y el director de la CFE, Francisco Rojas Guti\u00e9rrez, se reunieron ayer.<\/p><\/div>\n<p>En una reuni\u00f3n realizada en el Antiguo Palacio del Ayuntamiento, Miguel \u00c1ngel Mancera Espinosa, jefe de gobierno del Distrito Federal, y Francisco Rojas Guti\u00e9rrez, director general de la Comisi\u00f3n Federal de Electricidad (CFE),\u00a0 acordaron estrechar la coordinaci\u00f3n institucional y establecer mecanismos m\u00e1s eficaces para atender las demandas de los usuarios del servicio el\u00e9ctrico de la ciudad de M\u00e9xico.<\/p>\n<p>En este encuentro, hicieron un recuento sobre el estado que guardan los proyectos de modernizaci\u00f3n de la infraestructura el\u00e9ctrica y los servicios que ofrece la CFE en la capital del pa\u00eds.<\/p>\n<p>Adem\u00e1s, establecieron un equipo de trabajo encabezado por el secretario de Gobierno del Distrito Federal, H\u00e9ctor Serrano Cort\u00e9s y el coordinador de Relaciones Institucionales de la CFE, Carlos Flores Rico, con el compromiso de reunirse una vez al mes para evaluar los avances convenidos.<\/p>\n<p>Tambi\u00e9n se atender\u00e1 de manera regional las diferentes quejas de los usuarios del servicio el\u00e9ctrico, por lo que tanto el jefe de gobierno como el director de la CFE coincidieron en trabajar de manera coordinada y continuar con las obras planeadas en tiempo y en forma.<\/p>\n<p>A la reuni\u00f3n asistieron H\u00e9ctor Serrano Cort\u00e9s, secretario de Gobierno del GDF; Luis Alberto R\u00e1bago Mart\u00ednez, secretario de Obras y Servicios; Fausto Lugo Garc\u00eda, secretario de Protecci\u00f3n Civil; Jos\u00e9 Ram\u00f3n Amieva G\u00e1lvez, consejero Jur\u00eddico; Luis Carlos Hern\u00e1ndez Ayala, director de Operaci\u00f3n de la CFE; C\u00e9sar Augusto Santiago, abogado general de la empresa; Carlos Flores Rico, coordinador de Relaciones Institucionales, y los gerentes de las Divisiones\u00a0 Valle de M\u00e9xico Centro, Guillermo Nevarez Elizondo; Valle de M\u00e9xico Norte, El\u00edas Acosta Sosa, y Valle de M\u00e9xico Sur, Mario Morales Vielmas.<\/p>\n<p>&nbsp;<\/p>\n","protected":false},"excerpt":{"rendered":"<p>En una reuni\u00f3n realizada en el Antiguo Palacio del Ayuntamiento, Miguel \u00c1ngel Mancera Espinosa, jefe de gobierno del Distrito Federal, y Francisco Rojas Guti\u00e9rrez, director general de la Comisi\u00f3n Federal de Electricidad (CFE),  acordaron estrechar la coordinaci\u00f3n institucional y establecer mecanismos m\u00e1s eficaces para atender las demandas de los usuarios del servicio el\u00e9ctrico de la ciudad de M\u00e9xico.<\/p>\n","protected":false},"author":1,"featured_media":126855,"comment_status":"open","ping_status":"open","sticky":false,"template":"","format":"standard","meta":{"_monsterinsights_skip_tracking":false,"_monsterinsights_sitenote_active":false,"_monsterinsights_sitenote_note":"","_monsterinsights_sitenote_category":0,"footnotes":""},"categories":[17,6],"tags":[7680,139,39,5314],"class_list":["post-126765","post","type-post","status-publish","format-standard","has-post-thumbnail","hentry","category-especiales","category-cd-de-mexico","tag-antiguo-palacio-del-ayuntamiento","tag-cfe","tag-distrito-federal","tag-miguel-angel-mancera-espinosa"],"_links":{"self":[{"href":"https:\/\/www.diarioimagen.net\/index.php?rest_route=\/wp\/v2\/posts\/126765","targetHints":{"allow":["GET"]}}],"collection":[{"href":"https:\/\/www.diarioimagen.net\/index.php?rest_route=\/wp\/v2\/posts"}],"about":[{"href":"https:\/\/www.diarioimagen.net\/index.php?rest_route=\/wp\/v2\/types\/post"}],"author":[{"embeddable":true,"href":"https:\/\/www.diarioimagen.net\/index.php?rest_route=\/wp\/v2\/users\/1"}],"replies":[{"embeddable":true,"href":"https:\/\/www.diarioimagen.net\/index.php?rest_route=%2Fwp%2Fv2%2Fcomments&post=126765"}],"version-history":[{"count":0,"href":"https:\/\/www.diarioimagen.net\/index.php?rest_route=\/wp\/v2\/posts\/126765\/revisions"}],"wp:featuredmedia":[{"embeddable":true,"href":"https:\/\/www.diarioimagen.net\/index.php?rest_route=\/wp\/v2\/media\/126855"}],"wp:attachment":[{"href":"https:\/\/www.diarioimagen.net\/index.php?rest_route=%2Fwp%2Fv2%2Fmedia&parent=126765"}],"wp:term":[{"taxonomy":"category","embeddable":true,"href":"https:\/\/www.diarioimagen.net\/index.php?rest_route=%2Fwp%2Fv2%2Fcategories&post=126765"},{"taxonomy":"post_tag","embeddable":true,"href":"https:\/\/www.diarioimagen.net\/index.php?rest_route=%2Fwp%2Fv2%2Ftags&post=126765"}],"curies":[{"name":"wp","href":"https:\/\/api.w.org\/{rel}","templated":true}]}}