{"id":126949,"date":"2013-04-05T00:03:05","date_gmt":"2013-04-05T06:03:05","guid":{"rendered":"http:\/\/www.diarioimagen.net\/?p=126949"},"modified":"2013-04-08T04:07:01","modified_gmt":"2013-04-08T09:07:01","slug":"mancera-nombra-al-gobernador-de-illinois-huesped-distinguido","status":"publish","type":"post","link":"https:\/\/www.diarioimagen.net\/?p=126949","title":{"rendered":"Mancera nombra al gobernador de Illinois Hu\u00e9sped Distinguido"},"content":{"rendered":"<ul>\n<li><em><strong>La capital de la Rep\u00fablica y ese estado de EU intercambiar\u00e1n experiencias en movilidad, turismo, medio ambiente, seguridad y finanzas<\/strong><\/em><\/li>\n<\/ul>\n<div id=\"attachment_127035\" style=\"width: 250px\" class=\"wp-caption alignleft\"><a href=\"http:\/\/www.diarioimagen.net\/wp-content\/uploads\/2013\/04\/Mancera-2070.jpg\"><img loading=\"lazy\" decoding=\"async\" aria-describedby=\"caption-attachment-127035\" class=\"size-medium wp-image-127035\" alt=\"Patrick Quinn, gobernador de Illinois, recibi\u00f3 la medalla y el pergamino que lo acredita como Hu\u00e9sped Distinguido de la Ciudad de M\u00e9xico, de manos de Miguel \u00c1ngel Mancera.\" src=\"http:\/\/www.diarioimagen.net\/wp-content\/uploads\/2013\/04\/Mancera-2070-240x135.jpg\" width=\"240\" height=\"135\" srcset=\"https:\/\/www.diarioimagen.net\/wp-content\/uploads\/2013\/04\/Mancera-2070-240x135.jpg 240w, https:\/\/www.diarioimagen.net\/wp-content\/uploads\/2013\/04\/Mancera-2070-420x236.jpg 420w, https:\/\/www.diarioimagen.net\/wp-content\/uploads\/2013\/04\/Mancera-2070-235x132.jpg 235w, https:\/\/www.diarioimagen.net\/wp-content\/uploads\/2013\/04\/Mancera-2070-202x114.jpg 202w, https:\/\/www.diarioimagen.net\/wp-content\/uploads\/2013\/04\/Mancera-2070-350x196.jpg 350w, https:\/\/www.diarioimagen.net\/wp-content\/uploads\/2013\/04\/Mancera-2070-220x123.jpg 220w, https:\/\/www.diarioimagen.net\/wp-content\/uploads\/2013\/04\/Mancera-2070-237x132.jpg 237w, https:\/\/www.diarioimagen.net\/wp-content\/uploads\/2013\/04\/Mancera-2070.jpg 480w\" sizes=\"auto, (max-width: 240px) 100vw, 240px\" \/><\/a><p id=\"caption-attachment-127035\" class=\"wp-caption-text\">Patrick Quinn, gobernador de Illinois, recibi\u00f3 la medalla y el pergamino que lo acredita como Hu\u00e9sped Distinguido de la Ciudad de M\u00e9xico, de manos de Miguel \u00c1ngel Mancera.<\/p><\/div>\n<p>Al entregar a Patrick Quinn, gobernador de Illinois, la medalla y pergamino de Hu\u00e9sped Distinguido de la Ciudad de M\u00e9xico, el jefe de gobierno del DF, Miguel \u00c1ngel Mancera, anunci\u00f3 que se suscribir\u00e1 un convenio de colaboraci\u00f3n con este estado de la Uni\u00f3n Americana, para fortalecer el intercambio de experiencias exitosas en temas como movilidad, turismo, medio ambiente, seguridad y econom\u00eda.<\/p>\n<p>En el Antiguo Palacio del Ayuntamiento, Miguel \u00c1ngel Mancera subray\u00f3 que adem\u00e1s de estrechar los lazos hist\u00f3ricos y de amistad entre Illinois y la ciudad de M\u00e9xico, con este convenio de colaboraci\u00f3n se ratificar\u00e1n las voluntades para trabajar en equipo y en beneficio de ambas comunidades.<\/p>\n<p>El gobierno del estado de Illinois es un gobierno de ideas sustentables como se ha reconocido tambi\u00e9n al Distrito Federal, indic\u00f3 el mandatario local, y en ese sentido, se trabajar\u00e1 con atenci\u00f3n especial en materias como el medio ambiente y las pol\u00edticas de transporte y movilidad urbana.<\/p>\n<p>La firma de este convenio, que contempla el intercambio cient\u00edfico y de experiencias entre expertos de EU y de la ciudad de M\u00e9xico, se extender\u00e1 a temas como el impulso al turismo, los esquemas exitosos de procuraci\u00f3n de seguridad y justicia y al desarrollo econ\u00f3mico.<\/p>\n<p>En su oportunidad y al agradecer la distinci\u00f3n que le hace la ciudad de M\u00e9xico, Patrick Quinn llam\u00f3 a seguir en la l\u00ednea del \u201cpensamiento verde\u201d.<\/p>\n<p>\u201cLo que quiero decir es que debemos trabajar en la eficiencia energ\u00e9tica, en la sustentabilidad y conservaci\u00f3n del agua; yo espero trabajar con el jefe de gobierno y con todos los ciudadanos de la ciudad de M\u00e9xico y del pueblo de Illinois en una visi\u00f3n en conjunto que vaya hacia un mejor futuro de nuestro medio ambiente\u201d, apunt\u00f3. El gobernador de Illinois dijo que el compromiso es dise\u00f1ar e impulsar de manera coordinada iniciativas sustentables, as\u00ed como estrechar los lazos de amistad y colaboraci\u00f3n que hist\u00f3ricamente han mantenido ambas entidades.<\/p>\n<p>&nbsp;<\/p>\n","protected":false},"excerpt":{"rendered":"<p>Al entregar a Patrick Quinn, gobernador de Illinois, la medalla y pergamino de Hu\u00e9sped Distinguido de la Ciudad de M\u00e9xico, el jefe de gobierno del DF, Miguel \u00c1ngel Mancera, anunci\u00f3 que se suscribir\u00e1 un convenio de colaboraci\u00f3n con este estado de la Uni\u00f3n Americana, para fortalecer el intercambio de experiencias exitosas en temas como movilidad, turismo, medio ambiente, seguridad y econom\u00eda.<\/p>\n","protected":false},"author":1,"featured_media":127035,"comment_status":"open","ping_status":"open","sticky":false,"template":"","format":"standard","meta":{"_monsterinsights_skip_tracking":false,"_monsterinsights_sitenote_active":false,"_monsterinsights_sitenote_note":"","_monsterinsights_sitenote_category":0,"footnotes":""},"categories":[17,6],"tags":[39],"class_list":["post-126949","post","type-post","status-publish","format-standard","has-post-thumbnail","hentry","category-especiales","category-cd-de-mexico","tag-distrito-federal"],"_links":{"self":[{"href":"https:\/\/www.diarioimagen.net\/index.php?rest_route=\/wp\/v2\/posts\/126949","targetHints":{"allow":["GET"]}}],"collection":[{"href":"https:\/\/www.diarioimagen.net\/index.php?rest_route=\/wp\/v2\/posts"}],"about":[{"href":"https:\/\/www.diarioimagen.net\/index.php?rest_route=\/wp\/v2\/types\/post"}],"author":[{"embeddable":true,"href":"https:\/\/www.diarioimagen.net\/index.php?rest_route=\/wp\/v2\/users\/1"}],"replies":[{"embeddable":true,"href":"https:\/\/www.diarioimagen.net\/index.php?rest_route=%2Fwp%2Fv2%2Fcomments&post=126949"}],"version-history":[{"count":0,"href":"https:\/\/www.diarioimagen.net\/index.php?rest_route=\/wp\/v2\/posts\/126949\/revisions"}],"wp:featuredmedia":[{"embeddable":true,"href":"https:\/\/www.diarioimagen.net\/index.php?rest_route=\/wp\/v2\/media\/127035"}],"wp:attachment":[{"href":"https:\/\/www.diarioimagen.net\/index.php?rest_route=%2Fwp%2Fv2%2Fmedia&parent=126949"}],"wp:term":[{"taxonomy":"category","embeddable":true,"href":"https:\/\/www.diarioimagen.net\/index.php?rest_route=%2Fwp%2Fv2%2Fcategories&post=126949"},{"taxonomy":"post_tag","embeddable":true,"href":"https:\/\/www.diarioimagen.net\/index.php?rest_route=%2Fwp%2Fv2%2Ftags&post=126949"}],"curies":[{"name":"wp","href":"https:\/\/api.w.org\/{rel}","templated":true}]}}