{"id":127173,"date":"2013-04-08T00:01:39","date_gmt":"2013-04-08T05:01:39","guid":{"rendered":"http:\/\/www.diarioimagen.net\/?p=127173"},"modified":"2013-04-08T04:09:43","modified_gmt":"2013-04-08T09:09:43","slug":"un-giro-de-novela","status":"publish","type":"post","link":"https:\/\/www.diarioimagen.net\/?p=127173","title":{"rendered":"Un giro de novela"},"content":{"rendered":"<h2>Pol\u00edtica Spot<\/h2>\n<h5>Juan Manuel Maga\u00f1a<\/h5>\n<p>&nbsp;<\/p>\n<p>Como si la escena mexicana estuviese falta de misterio e intriga, ahora la PGR y el Cisen nos reportan de su oportuna intervenci\u00f3n en un caso de tentativa de atentado en contra de los legisladores Ricardo y David Monreal.<\/p>\n<p>El pasado jueves, la Procuradur\u00eda General de la Rep\u00fablica inform\u00f3 que varias personas fueron detenidas en un hotel de la capital mexicana por su presunta vinculaci\u00f3n con un intento de asesinato de los hermanos Monreal.<\/p>\n<p>Ricardo Monreal, coordinador de diputados del partido Movimiento Ciudadano, mostr\u00f3 reconocimiento y agradecimiento al gobierno federal, al que duramente critica. Tambi\u00e9n escribi\u00f3 en twiter que \u00e9l y su hermano David est\u00e1n bien.<\/p>\n<p>Dijo sin iron\u00eda, en su calidad de cat\u00f3lico confeso: \u201cHan sido horas dif\u00edciles, estamos bien, gracias a Dios y al Santo Ni\u00f1o de Atocha\u201d&#8230; \u201cTerminada la sesi\u00f3n en San L\u00e1zaro, decid\u00ed ir a casa con mi esposa e hijos. Declarar\u00e9, cuando exista m\u00e1s informaci\u00f3n\u201d.<\/p>\n<p>Ante periodistas, Ricardo Monreal declar\u00f3 que siente que volvi\u00f3 a nacer y que tal vez contra su modo de pensar decida usar escolta. Lo que s\u00ed dijo que no va a cambiar es su postura frente al gobierno.<\/p>\n<p>El asunto presenta interrogantes naturalmente. Falta que se confirme si realmente un empresario zacatecano es el autor intelectual del atentado, falta el m\u00f3vil y falta por verse si hay que saber m\u00e1s de los hermanos Monreal.<\/p>\n<p>Pero lo otro que despierta morbo es saber si los hermanos pol\u00edticos ser\u00e1n capaces de cambiar sus posturas pol\u00edticas por una acertada intervenci\u00f3n del gobierno en favor de sus vidas.<\/p>\n<p>No deber\u00eda pasar nada en ese sentido. El gobierno simplemente hizo su trabajo y no deber\u00eda esperar retribuci\u00f3n alguna de parte de los ciudadanos a los que est\u00e1 obligado a proteger.<\/p>\n<p>Maduramente, los legisladores Monreal no tendr\u00edan por qu\u00e9 ceder un \u00e1pice en sus principios o en sus posturas si bien muestren agradecimiento y reconocimiento en este exclusivo caso.\u00a0 Es lo que corresponde en t\u00e9rminos de civilidad.<\/p>\n<p>Pero todas estas son cosas que por ahora no est\u00e1n claras para nadie, que seguir\u00e1n despertando suspicacias y que s\u00f3lo se ver\u00e1n conforme pase el tiempo.<\/p>\n<p>Y eso lo sabe uno de los m\u00e1s experimentados que observa la escena, como lo es el ex candidato presidencial Andr\u00e9s Manuel L\u00f3pez Obrador.<\/p>\n<p>Su primera reacci\u00f3n apunta en este sentido que planteamos: \u201cNuestra solidaridad con David y Ricardo Monreal. Cortina de humo, intimidaci\u00f3n, terror y de parte de qui\u00e9n? Debe saberse pronto la verdad\u201d, escribi\u00f3 en Twitter.<\/p>\n<p>Lo bueno de este giro novelesco que tuvo la escena pol\u00edtica es que esta vez el episodio no se escribi\u00f3 con sangre.<\/p>\n<p><em><a href=\"mailto: maganapalace@yahoo.com.mx\" target=\"_blank\">maganapalace@yahoo.com.mx<\/a><\/em><\/p>\n","protected":false},"excerpt":{"rendered":"<p><span style=\"color: #005497;\"><strong>Juan Manuel Maga\u00f1a<\/strong><\/span><\/p>\n","protected":false},"author":1,"featured_media":0,"comment_status":"open","ping_status":"open","sticky":false,"template":"","format":"standard","meta":{"_monsterinsights_skip_tracking":false,"_monsterinsights_sitenote_active":false,"_monsterinsights_sitenote_note":"","_monsterinsights_sitenote_category":0,"footnotes":""},"categories":[22905],"tags":[43709,43674,22904],"class_list":["post-127173","post","type-post","status-publish","format-standard","hentry","category-juan-manuel-magana","tag-juan-manuel-magana","tag-opinion","tag-politica-spot"],"_links":{"self":[{"href":"https:\/\/www.diarioimagen.net\/index.php?rest_route=\/wp\/v2\/posts\/127173","targetHints":{"allow":["GET"]}}],"collection":[{"href":"https:\/\/www.diarioimagen.net\/index.php?rest_route=\/wp\/v2\/posts"}],"about":[{"href":"https:\/\/www.diarioimagen.net\/index.php?rest_route=\/wp\/v2\/types\/post"}],"author":[{"embeddable":true,"href":"https:\/\/www.diarioimagen.net\/index.php?rest_route=\/wp\/v2\/users\/1"}],"replies":[{"embeddable":true,"href":"https:\/\/www.diarioimagen.net\/index.php?rest_route=%2Fwp%2Fv2%2Fcomments&post=127173"}],"version-history":[{"count":0,"href":"https:\/\/www.diarioimagen.net\/index.php?rest_route=\/wp\/v2\/posts\/127173\/revisions"}],"wp:attachment":[{"href":"https:\/\/www.diarioimagen.net\/index.php?rest_route=%2Fwp%2Fv2%2Fmedia&parent=127173"}],"wp:term":[{"taxonomy":"category","embeddable":true,"href":"https:\/\/www.diarioimagen.net\/index.php?rest_route=%2Fwp%2Fv2%2Fcategories&post=127173"},{"taxonomy":"post_tag","embeddable":true,"href":"https:\/\/www.diarioimagen.net\/index.php?rest_route=%2Fwp%2Fv2%2Ftags&post=127173"}],"curies":[{"name":"wp","href":"https:\/\/api.w.org\/{rel}","templated":true}]}}