{"id":127199,"date":"2013-04-08T00:05:00","date_gmt":"2013-04-08T05:05:00","guid":{"rendered":"http:\/\/www.diarioimagen.net\/?p=127199"},"modified":"2013-04-09T02:27:02","modified_gmt":"2013-04-09T07:27:02","slug":"con-reformas-estructurales-se-crecera-6-preve-pena-nieto","status":"publish","type":"post","link":"https:\/\/www.diarioimagen.net\/?p=127199","title":{"rendered":"Con reformas estructurales se crecer\u00e1 6%, prev\u00e9 Pe\u00f1a Nieto"},"content":{"rendered":"<ul>\n<li><em><strong>El Presidente se\u00f1ala que de lograr este crecimiento de manera sostenida en el corto plazo, M\u00e9xico ser\u00e1 de las 10 primeras econom\u00edas<\/strong><\/em><\/li>\n<\/ul>\n<h6><b><\/b>Roberto Vizca\u00edno<\/h6>\n<p>&nbsp;<\/p>\n<div id=\"attachment_127241\" style=\"width: 250px\" class=\"wp-caption alignleft\"><a href=\"http:\/\/www.diarioimagen.net\/wp-content\/uploads\/2013\/04\/epn-2071.jpg\"><img loading=\"lazy\" decoding=\"async\" aria-describedby=\"caption-attachment-127241\" class=\"size-medium wp-image-127241\" alt=\"El proyecto y esperanza del presidente Enrique Pe\u00f1a Nieto es que a fin de a\u00f1o M\u00e9xico figure como una de las 10 mejores econom\u00edas del mundo, merced a la entrada en vigor de las reformas estructurales.\" src=\"http:\/\/www.diarioimagen.net\/wp-content\/uploads\/2013\/04\/epn-2071-240x135.jpg\" width=\"240\" height=\"135\" srcset=\"https:\/\/www.diarioimagen.net\/wp-content\/uploads\/2013\/04\/epn-2071-240x135.jpg 240w, https:\/\/www.diarioimagen.net\/wp-content\/uploads\/2013\/04\/epn-2071-420x236.jpg 420w, https:\/\/www.diarioimagen.net\/wp-content\/uploads\/2013\/04\/epn-2071-235x132.jpg 235w, https:\/\/www.diarioimagen.net\/wp-content\/uploads\/2013\/04\/epn-2071-202x114.jpg 202w, https:\/\/www.diarioimagen.net\/wp-content\/uploads\/2013\/04\/epn-2071-350x196.jpg 350w, https:\/\/www.diarioimagen.net\/wp-content\/uploads\/2013\/04\/epn-2071-220x123.jpg 220w, https:\/\/www.diarioimagen.net\/wp-content\/uploads\/2013\/04\/epn-2071-237x132.jpg 237w, https:\/\/www.diarioimagen.net\/wp-content\/uploads\/2013\/04\/epn-2071.jpg 480w\" sizes=\"auto, (max-width: 240px) 100vw, 240px\" \/><\/a><p id=\"caption-attachment-127241\" class=\"wp-caption-text\">El proyecto y esperanza del presidente Enrique Pe\u00f1a Nieto es que a fin de a\u00f1o M\u00e9xico figure como una de las 10 mejores econom\u00edas del mundo, merced a la entrada en vigor de las reformas estructurales.<\/p><\/div>\n<p><strong>Boao, China.-<\/strong> El presidente Enrique Pe\u00f1a Nieto afirm\u00f3 que de materializarse las reformas estructurales y cambios que se han definido en la agenda del Pacto por M\u00e9xico, el pa\u00eds podr\u00eda crecer a tasas superiores de cinco o seis por ciento en los pr\u00f3ximos a\u00f1os.<\/p>\n<p>Entrevistado al t\u00e9rmino de su participaci\u00f3n en el Foro Boao, el primer mandatario proyect\u00f3 que en ese escenario, en un mediano plazo, M\u00e9xico podr\u00eda estar en las primeras 10 econom\u00edas del mundo, sobre todo con beneficio para la poblaci\u00f3n, con un mejor ingreso.<\/p>\n<p>\u201cSi logramos que sea de manera sostenida el crecimiento, sin duda el desarrollo que espera M\u00e9xico ser\u00e1 mayor y estar en un mediano plazo, siendo de las 10 econom\u00edas m\u00e1s grandes del mundo\u201d, subray\u00f3 el titular del Ejecutivo federal.<\/p>\n<p>A bordo del tren Boao que recorre 200 kil\u00f3metros por hora, Pe\u00f1a Nieto afirm\u00f3 que M\u00e9xico lo puede lograr \u201csi damos estos pasos importantes en las reformas estructurales, que son aquellas que permitan que el pa\u00eds se pueda mover de manera m\u00e1s r\u00e1pida y acelerada\u201d.<\/p>\n<p>As\u00ed como mejorar el marco de su estado de Derecho, de aplicaci\u00f3n de la ley, de generar certidumbre legal, ampliar los niveles de cr\u00e9dito, tener mejor capital humano para la productividad del pa\u00eds, \u201cy eso s\u00f3lo se logra con educaci\u00f3n\u201d.<\/p>\n<p>Por ello, el Presidente mexicano refrend\u00f3 que las reformas que se est\u00e1n impulsando, alientan la competencia en los distintos sectores de la econom\u00eda, lo que habr\u00e1 de beneficiar a la poblaci\u00f3n.<\/p>\n<p>Entre ellas destac\u00f3 la energ\u00e9tica, que tiene el prop\u00f3sito de generar mayor productividad de la empresa petrolera del pa\u00eds, Petr\u00f3leos Mexicanos (Pemex), y explorar otras formas de generaci\u00f3n de energ\u00eda m\u00e1s barata.<\/p>\n<p>\u201cTodo esto va a tener un impacto en la econom\u00eda familiar y crecimiento, que esa es la f\u00f3rmula, yo creo que m\u00e1s importante, para reducir niveles de pobreza y de desigualdad en el pa\u00eds\u201d, resalt\u00f3 antes de abandonar China para continuar su gira a Jap\u00f3n para una visita oficial.<\/p>\n<p>A pregunta expresa sobre si todos, partidos y gobierno, deben ceder para alcanzar esas reformas, Pe\u00f1a Nieto respondi\u00f3 que ya est\u00e1 ocurriendo.<\/p>\n<p>\u201cEn M\u00e9xico para fortuna creo que estamos encontrando un buen ambiente, un buen clima, gracias a la voluntad pol\u00edtica de todas las fuerzas pol\u00edticas, el alinear los prop\u00f3sitos fundamentales de todos, y creo que esto deber\u00e1 darle frutos y beneficios al pa\u00eds\u201d.<\/p>\n<p>Por otra parte, elPresidente de M\u00e9xico destac\u00f3 que recibi\u00f3 un trato \u201cmuy deferente\u201d en esta visita a China y revel\u00f3 que el grupo de empresarios mexicanos que participaron en el foro, tambi\u00e9n lo acompa\u00f1an a Jap\u00f3n.<\/p>\n<p>Reiter\u00f3 que en el cap\u00edtulo de negociaci\u00f3n que tengan M\u00e9xico y China, se debe involucrar a una parte de los empresarios, \u201cporque hay que romper algunas barreras como el idioma.<\/p>\n<p>En cuanto al conflicto entre Corea del Norte y Corea del Sur, el mandatario sostuvo que la posici\u00f3n de M\u00e9xico sobre el tema ser\u00e1 siempre en favor de la paz y de que se encuentren las v\u00edas de di\u00e1logo y de mediaci\u00f3n para resolver cualquier conflicto, \u201cpara hacer prevalecer el orden y la paz en el mundo\u201d.<b>\u00a0<\/b><\/p>\n<p align=\"center\"><b>A las 23:05 lleg\u00f3 a Jap\u00f3n<\/b><\/p>\n<p>El presidente de M\u00e9xico, Enrique Pe\u00f1a Nieto, arrib\u00f3 a las 23:05 horas, tiempo local, al Aeropuerto Internacional de Haneda, para iniciar una visita oficial de tres d\u00edas a Jap\u00f3n.<\/p>\n<p>Acompa\u00f1ado por una peque\u00f1a comitiva integrada por el canciller, Jos\u00e9 Antonio Meade; el secretario de Econom\u00eda, Ildefonso Guajardo, y el director general de Petr\u00f3leos Mexicanos (Pemex), Emilio Lozoya, el mandatario mexicano fue recibido por funcionarios del gobierno japon\u00e9s y de la embajada de M\u00e9xico en este pa\u00eds.<\/p>\n<p>&nbsp;<\/p>\n","protected":false},"excerpt":{"rendered":"<p><span style=\"color: #005497;\"><strong>Roberto Vizca\u00edno<\/strong><\/span><br \/>\n<br \/>\nBoao, China.- El presidente Enrique Pe\u00f1a Nieto afirm\u00f3 que de materializarse las reformas estructurales y cambios que se han definido en la agenda del Pacto por M\u00e9xico, el pa\u00eds podr\u00eda crecer a tasas superiores de cinco o seis por ciento en los pr\u00f3ximos a\u00f1os.<\/p>\n","protected":false},"author":1,"featured_media":127241,"comment_status":"open","ping_status":"open","sticky":false,"template":"","format":"standard","meta":{"_monsterinsights_skip_tracking":false,"_monsterinsights_sitenote_active":false,"_monsterinsights_sitenote_note":"","_monsterinsights_sitenote_category":0,"footnotes":""},"categories":[17,3],"tags":[1361,18,43673],"class_list":["post-127199","post","type-post","status-publish","format-standard","has-post-thumbnail","hentry","category-especiales","category-nacional","tag-china","tag-enrique-pena-nieto","tag-nacional"],"_links":{"self":[{"href":"https:\/\/www.diarioimagen.net\/index.php?rest_route=\/wp\/v2\/posts\/127199","targetHints":{"allow":["GET"]}}],"collection":[{"href":"https:\/\/www.diarioimagen.net\/index.php?rest_route=\/wp\/v2\/posts"}],"about":[{"href":"https:\/\/www.diarioimagen.net\/index.php?rest_route=\/wp\/v2\/types\/post"}],"author":[{"embeddable":true,"href":"https:\/\/www.diarioimagen.net\/index.php?rest_route=\/wp\/v2\/users\/1"}],"replies":[{"embeddable":true,"href":"https:\/\/www.diarioimagen.net\/index.php?rest_route=%2Fwp%2Fv2%2Fcomments&post=127199"}],"version-history":[{"count":0,"href":"https:\/\/www.diarioimagen.net\/index.php?rest_route=\/wp\/v2\/posts\/127199\/revisions"}],"wp:featuredmedia":[{"embeddable":true,"href":"https:\/\/www.diarioimagen.net\/index.php?rest_route=\/wp\/v2\/media\/127241"}],"wp:attachment":[{"href":"https:\/\/www.diarioimagen.net\/index.php?rest_route=%2Fwp%2Fv2%2Fmedia&parent=127199"}],"wp:term":[{"taxonomy":"category","embeddable":true,"href":"https:\/\/www.diarioimagen.net\/index.php?rest_route=%2Fwp%2Fv2%2Fcategories&post=127199"},{"taxonomy":"post_tag","embeddable":true,"href":"https:\/\/www.diarioimagen.net\/index.php?rest_route=%2Fwp%2Fv2%2Ftags&post=127199"}],"curies":[{"name":"wp","href":"https:\/\/api.w.org\/{rel}","templated":true}]}}