{"id":127394,"date":"2013-04-09T00:07:51","date_gmt":"2013-04-09T05:07:51","guid":{"rendered":"http:\/\/www.diarioimagen.net\/?p=127394"},"modified":"2013-04-09T02:33:42","modified_gmt":"2013-04-09T07:33:42","slug":"derechos-humanos-politica-de-estado-osorio-chong","status":"publish","type":"post","link":"https:\/\/www.diarioimagen.net\/?p=127394","title":{"rendered":"Derechos humanos, pol\u00edtica de Estado: Osorio Chong"},"content":{"rendered":"<ul>\n<li><em><strong>Recibe propuesta de agenda en la materia<\/strong><\/em><\/li>\n<\/ul>\n<div id=\"attachment_127464\" style=\"width: 250px\" class=\"wp-caption alignleft\"><a href=\"http:\/\/www.diarioimagen.net\/wp-content\/uploads\/2013\/04\/chong-2072.jpg\"><img loading=\"lazy\" decoding=\"async\" aria-describedby=\"caption-attachment-127464\" class=\"size-medium wp-image-127464\" alt=\"El secretario de Gobernaci\u00f3n recibi\u00f3 y se comprometi\u00f3 atender todas las recomendaciones de la CNDH y su presidente, Ra\u00fal Plascencia.\" src=\"http:\/\/www.diarioimagen.net\/wp-content\/uploads\/2013\/04\/chong-2072-240x135.jpg\" width=\"240\" height=\"135\" srcset=\"https:\/\/www.diarioimagen.net\/wp-content\/uploads\/2013\/04\/chong-2072-240x135.jpg 240w, https:\/\/www.diarioimagen.net\/wp-content\/uploads\/2013\/04\/chong-2072-420x236.jpg 420w, https:\/\/www.diarioimagen.net\/wp-content\/uploads\/2013\/04\/chong-2072-235x132.jpg 235w, https:\/\/www.diarioimagen.net\/wp-content\/uploads\/2013\/04\/chong-2072-202x114.jpg 202w, https:\/\/www.diarioimagen.net\/wp-content\/uploads\/2013\/04\/chong-2072-350x196.jpg 350w, https:\/\/www.diarioimagen.net\/wp-content\/uploads\/2013\/04\/chong-2072-220x123.jpg 220w, https:\/\/www.diarioimagen.net\/wp-content\/uploads\/2013\/04\/chong-2072-237x132.jpg 237w, https:\/\/www.diarioimagen.net\/wp-content\/uploads\/2013\/04\/chong-2072.jpg 480w\" sizes=\"auto, (max-width: 240px) 100vw, 240px\" \/><\/a><p id=\"caption-attachment-127464\" class=\"wp-caption-text\">El secretario de Gobernaci\u00f3n recibi\u00f3 y se comprometi\u00f3 atender todas las recomendaciones de la CNDH y su presidente, Ra\u00fal Plascencia.<\/p><\/div>\n<p>El Secretario de Gobernaci\u00f3n, Miguel \u00c1ngel Osorio Chong, refrend\u00f3 el compromiso de esta administraci\u00f3n de construir una pol\u00edtica de estado en materia de derechos humanos que lejos de ser negociables, representan una \u201calt\u00edsima prioridad\u201d para el Ejecutivo Federal.<\/p>\n<p>Al recibir del titular de la Comisi\u00f3n Nacional de Derechos Humanos (CNDH), Ra\u00fal Plascencia, la Propuesta de la Agenda Nacional de Derechos Humanos, record\u00f3 que el eje de esta nueva pol\u00edtica gubernamental ser\u00e1 la implementaci\u00f3n, en todo el pa\u00eds, de la reforma constitucional que sobre Derechos Humanos fue aprobada en 2011.<\/p>\n<p>Dijo que una sociedad de derechos \u201ces la m\u00e1s efectiva salvaguarda para conseguir un M\u00e9xico en paz, libre de violencia en el que impere la justicia y sea parte del desarrollo social y democr\u00e1tico\u201d.<\/p>\n<p>Ante los titulares de las Comisiones Estatales de Derechos Humanos del pa\u00eds, Osorio Chong ofreci\u00f3 que la Agenda Nacional ser\u00e1 un insumo para la construcci\u00f3n del Plan Nacional de Desarrollo (PND) 2013-2018, pues destac\u00f3 que \u201cno puede apelarse a hacer valer un derecho contra el derecho\u201d.<\/p>\n<p>Detall\u00f3 que ser\u00e1 a partir de las nuevas facultades de la subsecretar\u00eda de Derechos Humanos de la Secretar\u00eda de Gobernaci\u00f3n y mediante la creaci\u00f3n de la nueva Direcci\u00f3n General de Pol\u00edtica P\u00fablica como se definir\u00e1 el Programa Nacional en la materia y que se dar\u00e1 seguimiento a la implementaci\u00f3n del nuevo marco constitucional.<\/p>\n<p>&nbsp;<\/p>\n","protected":false},"excerpt":{"rendered":"<p>El Secretario de Gobernaci\u00f3n, Miguel \u00c1ngel Osorio Chong, refrend\u00f3 el compromiso de esta administraci\u00f3n de construir una pol\u00edtica de estado en materia de derechos humanos que lejos de ser negociables, representan una \u201calt\u00edsima prioridad\u201d para el Ejecutivo Federal.<\/p>\n","protected":false},"author":1,"featured_media":127464,"comment_status":"open","ping_status":"open","sticky":false,"template":"","format":"standard","meta":{"_monsterinsights_skip_tracking":false,"_monsterinsights_sitenote_active":false,"_monsterinsights_sitenote_note":"","_monsterinsights_sitenote_category":0,"footnotes":""},"categories":[3],"tags":[1630,3676,43673,6676],"class_list":["post-127394","post","type-post","status-publish","format-standard","has-post-thumbnail","hentry","category-nacional","tag-cndh","tag-miguel-angel-osorio-chong","tag-nacional","tag-plan-nacional-de-desarrollo"],"_links":{"self":[{"href":"https:\/\/www.diarioimagen.net\/index.php?rest_route=\/wp\/v2\/posts\/127394","targetHints":{"allow":["GET"]}}],"collection":[{"href":"https:\/\/www.diarioimagen.net\/index.php?rest_route=\/wp\/v2\/posts"}],"about":[{"href":"https:\/\/www.diarioimagen.net\/index.php?rest_route=\/wp\/v2\/types\/post"}],"author":[{"embeddable":true,"href":"https:\/\/www.diarioimagen.net\/index.php?rest_route=\/wp\/v2\/users\/1"}],"replies":[{"embeddable":true,"href":"https:\/\/www.diarioimagen.net\/index.php?rest_route=%2Fwp%2Fv2%2Fcomments&post=127394"}],"version-history":[{"count":0,"href":"https:\/\/www.diarioimagen.net\/index.php?rest_route=\/wp\/v2\/posts\/127394\/revisions"}],"wp:featuredmedia":[{"embeddable":true,"href":"https:\/\/www.diarioimagen.net\/index.php?rest_route=\/wp\/v2\/media\/127464"}],"wp:attachment":[{"href":"https:\/\/www.diarioimagen.net\/index.php?rest_route=%2Fwp%2Fv2%2Fmedia&parent=127394"}],"wp:term":[{"taxonomy":"category","embeddable":true,"href":"https:\/\/www.diarioimagen.net\/index.php?rest_route=%2Fwp%2Fv2%2Fcategories&post=127394"},{"taxonomy":"post_tag","embeddable":true,"href":"https:\/\/www.diarioimagen.net\/index.php?rest_route=%2Fwp%2Fv2%2Ftags&post=127394"}],"curies":[{"name":"wp","href":"https:\/\/api.w.org\/{rel}","templated":true}]}}