{"id":127397,"date":"2013-04-09T00:08:33","date_gmt":"2013-04-09T05:08:33","guid":{"rendered":"http:\/\/www.diarioimagen.net\/?p=127397"},"modified":"2013-04-09T02:35:41","modified_gmt":"2013-04-09T07:35:41","slug":"en-marcha-patrullaje-aereo-en-tlalnepantla","status":"publish","type":"post","link":"https:\/\/www.diarioimagen.net\/?p=127397","title":{"rendered":"En marcha, patrullaje a\u00e9reo en Tlalnepantla"},"content":{"rendered":"<ul>\n<li><em><strong>Combina inteligencia y log\u00edstica: Pablo Bas\u00e1\u00f1ez<\/strong><\/em><\/li>\n<\/ul>\n<div id=\"attachment_127470\" style=\"width: 250px\" class=\"wp-caption alignleft\"><a href=\"http:\/\/www.diarioimagen.net\/wp-content\/uploads\/2013\/04\/TLALNEPANTLA-2072.jpg\"><img loading=\"lazy\" decoding=\"async\" aria-describedby=\"caption-attachment-127470\" class=\"size-medium wp-image-127470\" alt=\"Tlalnepantla se sum\u00f3 a los municipios que cuentan con helic\u00f3ptero para complementar patrullajes a\u00e9reos.\" src=\"http:\/\/www.diarioimagen.net\/wp-content\/uploads\/2013\/04\/TLALNEPANTLA-2072-240x135.jpg\" width=\"240\" height=\"135\" srcset=\"https:\/\/www.diarioimagen.net\/wp-content\/uploads\/2013\/04\/TLALNEPANTLA-2072-240x135.jpg 240w, https:\/\/www.diarioimagen.net\/wp-content\/uploads\/2013\/04\/TLALNEPANTLA-2072-420x236.jpg 420w, https:\/\/www.diarioimagen.net\/wp-content\/uploads\/2013\/04\/TLALNEPANTLA-2072-235x132.jpg 235w, https:\/\/www.diarioimagen.net\/wp-content\/uploads\/2013\/04\/TLALNEPANTLA-2072-202x114.jpg 202w, https:\/\/www.diarioimagen.net\/wp-content\/uploads\/2013\/04\/TLALNEPANTLA-2072-350x196.jpg 350w, https:\/\/www.diarioimagen.net\/wp-content\/uploads\/2013\/04\/TLALNEPANTLA-2072-220x123.jpg 220w, https:\/\/www.diarioimagen.net\/wp-content\/uploads\/2013\/04\/TLALNEPANTLA-2072-237x132.jpg 237w, https:\/\/www.diarioimagen.net\/wp-content\/uploads\/2013\/04\/TLALNEPANTLA-2072.jpg 480w\" sizes=\"auto, (max-width: 240px) 100vw, 240px\" \/><\/a><p id=\"caption-attachment-127470\" class=\"wp-caption-text\">Tlalnepantla se sum\u00f3 a los municipios que cuentan con helic\u00f3ptero para complementar patrullajes a\u00e9reos.<\/p><\/div>\n<p>El alcalde Pablo Bas\u00e1\u00f1ez Garc\u00eda present\u00f3 el nuevo sistema de patrullaje a\u00e9reo para el municipio, que permitir\u00e1 la combinaci\u00f3n de un sistema de inteligencia y log\u00edstica, operado por personal altamente especializado en la atenci\u00f3n de emergencias brindando cobertura a toda la ciudadan\u00eda de Tlalnepantla que as\u00ed lo requiera.<\/p>\n<p>Mencion\u00f3 que el helic\u00f3ptero tipo BELL-206 ser\u00e1 utilizado para cuatro direcciones municipales: la Comisar\u00eda de Seguridad Ciudadana, la direcci\u00f3n de Tr\u00e1nsito, Vialidad y Transporte, la de Protecci\u00f3n Civil y la de Ecolog\u00eda.<\/p>\n<p>En seguridad ciudadana, se ocupar\u00e1 fundamentalmente en disminuir el robo a casa habitaci\u00f3n, la detecci\u00f3n inmediata de autom\u00f3viles robados y \u00a0la supervisi\u00f3n de puntos de mayor \u00edndice delictivo para persuadir en la comisi\u00f3n de delitos. En tr\u00e1nsito para agilizar operativos de vialidad.<\/p>\n<p>Durante el acto de arreamiento de bandera en el que pas\u00f3 lista a las corporaciones de Seguridad Ciudadana, Tr\u00e1nsito y Vialidad y Protecci\u00f3n Civil y Bomberos, el alcalde a\u00f1adi\u00f3 que el aparato tambi\u00e9n brindar\u00e1 atenci\u00f3n de emergencias m\u00e9dicas y traslados. Tambi\u00e9n supervisar\u00e1 la Sierra de Guadalupe, para prevenir incendios forestales y brindar auxilios emergentes a los visitantes del parque ecotur\u00edstico.<\/p>\n<p>El presidente municipal precis\u00f3 que la renta del aparato, que incluye mantenimiento, pilotos, combustible, equipo de faro, sirena y camillas;\u00a0 tendr\u00e1 un costo mensual de 300 mil pesos e iniciar\u00e1 sus funciones a partir de hoy en diferentes horarios, con una disponibilidad de 24 horas, a trav\u00e9s de un contrato anual.<\/p>\n<p>&nbsp;<\/p>\n","protected":false},"excerpt":{"rendered":"<p>El alcalde Pablo Bas\u00e1\u00f1ez Garc\u00eda present\u00f3 el nuevo sistema de patrullaje a\u00e9reo para el municipio, que permitir\u00e1 la combinaci\u00f3n de un sistema de inteligencia y log\u00edstica, operado por personal altamente especializado en la atenci\u00f3n de emergencias brindando cobertura a toda la ciudadan\u00eda de Tlalnepantla que as\u00ed lo requiera.<\/p>\n","protected":false},"author":1,"featured_media":127470,"comment_status":"open","ping_status":"open","sticky":false,"template":"","format":"standard","meta":{"_monsterinsights_skip_tracking":false,"_monsterinsights_sitenote_active":false,"_monsterinsights_sitenote_note":"","_monsterinsights_sitenote_category":0,"footnotes":""},"categories":[5],"tags":[43675,21812,169],"class_list":["post-127397","post","type-post","status-publish","format-standard","has-post-thumbnail","hentry","category-estado-de-mexico","tag-estado-de-mexico","tag-pablo-basanez-garcia","tag-tlalnepantla"],"_links":{"self":[{"href":"https:\/\/www.diarioimagen.net\/index.php?rest_route=\/wp\/v2\/posts\/127397","targetHints":{"allow":["GET"]}}],"collection":[{"href":"https:\/\/www.diarioimagen.net\/index.php?rest_route=\/wp\/v2\/posts"}],"about":[{"href":"https:\/\/www.diarioimagen.net\/index.php?rest_route=\/wp\/v2\/types\/post"}],"author":[{"embeddable":true,"href":"https:\/\/www.diarioimagen.net\/index.php?rest_route=\/wp\/v2\/users\/1"}],"replies":[{"embeddable":true,"href":"https:\/\/www.diarioimagen.net\/index.php?rest_route=%2Fwp%2Fv2%2Fcomments&post=127397"}],"version-history":[{"count":0,"href":"https:\/\/www.diarioimagen.net\/index.php?rest_route=\/wp\/v2\/posts\/127397\/revisions"}],"wp:featuredmedia":[{"embeddable":true,"href":"https:\/\/www.diarioimagen.net\/index.php?rest_route=\/wp\/v2\/media\/127470"}],"wp:attachment":[{"href":"https:\/\/www.diarioimagen.net\/index.php?rest_route=%2Fwp%2Fv2%2Fmedia&parent=127397"}],"wp:term":[{"taxonomy":"category","embeddable":true,"href":"https:\/\/www.diarioimagen.net\/index.php?rest_route=%2Fwp%2Fv2%2Fcategories&post=127397"},{"taxonomy":"post_tag","embeddable":true,"href":"https:\/\/www.diarioimagen.net\/index.php?rest_route=%2Fwp%2Fv2%2Ftags&post=127397"}],"curies":[{"name":"wp","href":"https:\/\/api.w.org\/{rel}","templated":true}]}}