{"id":127562,"date":"2013-04-10T00:08:08","date_gmt":"2013-04-10T05:08:08","guid":{"rendered":"http:\/\/www.diarioimagen.net\/?p=127562"},"modified":"2013-04-10T01:56:16","modified_gmt":"2013-04-10T06:56:16","slug":"compaginar-desarrollo-estatal-y-nacional-el-reto-de-la-educacion","status":"publish","type":"post","link":"https:\/\/www.diarioimagen.net\/?p=127562","title":{"rendered":"Compaginar desarrollo estatal y nacional, el reto de la educaci\u00f3n"},"content":{"rendered":"<ul>\n<li><em><strong>Advierte Eduardo Gasca Pliego<\/strong><\/em><\/li>\n<\/ul>\n<div id=\"attachment_127644\" style=\"width: 250px\" class=\"wp-caption alignleft\"><a href=\"http:\/\/www.diarioimagen.net\/wp-content\/uploads\/2013\/04\/uaem-2073.jpg\"><img loading=\"lazy\" decoding=\"async\" aria-describedby=\"caption-attachment-127644\" class=\"size-medium wp-image-127644\" alt=\"El rector Eduardo Gasca Pliego y el presidente de la Fundaci\u00f3n UAEMex, C\u00e9sar Camacho Quiroz, durante la entrega de reconocimientos.\" src=\"http:\/\/www.diarioimagen.net\/wp-content\/uploads\/2013\/04\/uaem-2073-240x135.jpg\" width=\"240\" height=\"135\" srcset=\"https:\/\/www.diarioimagen.net\/wp-content\/uploads\/2013\/04\/uaem-2073-240x135.jpg 240w, https:\/\/www.diarioimagen.net\/wp-content\/uploads\/2013\/04\/uaem-2073-420x236.jpg 420w, https:\/\/www.diarioimagen.net\/wp-content\/uploads\/2013\/04\/uaem-2073-235x132.jpg 235w, https:\/\/www.diarioimagen.net\/wp-content\/uploads\/2013\/04\/uaem-2073-202x114.jpg 202w, https:\/\/www.diarioimagen.net\/wp-content\/uploads\/2013\/04\/uaem-2073-350x196.jpg 350w, https:\/\/www.diarioimagen.net\/wp-content\/uploads\/2013\/04\/uaem-2073-220x123.jpg 220w, https:\/\/www.diarioimagen.net\/wp-content\/uploads\/2013\/04\/uaem-2073-237x132.jpg 237w, https:\/\/www.diarioimagen.net\/wp-content\/uploads\/2013\/04\/uaem-2073.jpg 480w\" sizes=\"auto, (max-width: 240px) 100vw, 240px\" \/><\/a><p id=\"caption-attachment-127644\" class=\"wp-caption-text\">El rector Eduardo Gasca Pliego y el presidente de la Fundaci\u00f3n UAEMex, C\u00e9sar Camacho Quiroz, durante la entrega de reconocimientos.<\/p><\/div>\n<p><strong>Toluca, Estado de M\u00e9xico.-<\/strong> El reto de la educaci\u00f3n en M\u00e9xico, adem\u00e1s de ampliar la cobertura, sigue siendo compaginar las exigencias del desarrollo estatal y nacional, en cuanto a personal calificado, advirti\u00f3 Eduardo Gasca Pliego, acompa\u00f1ado por el presidente de la Fundaci\u00f3n UAEMex, C\u00e9sar Camacho Quiroz, quien distingui\u00f3 el trabajo realizado por el rector de la Universidad Aut\u00f3noma del Estado de M\u00e9xico durante el periodo 2009-2013; lo anterior, en el marco de la entrega de reconocimientos a servidores del Poder Judicial de la entidad, cuyas donaciones permitieron a la asociaci\u00f3n civil entregar dos aulas digitales m\u00f3viles a la instituci\u00f3n educativa.<\/p>\n<p>En la Escuela Judicial de la entidad, donde en representaci\u00f3n de los m\u00e1s de 2 mil benefactores de esta dependencia, el presidente del Tribunal Superior de Justicia del Estado de M\u00e9xico, Baruch Delgado Carbajal, recibi\u00f3 dicho reconocimiento, Gasca Pliego refiri\u00f3 que en M\u00e9xico s\u00f3lo estudian tres de cada 10 personas que se encuentran entre los 19 y 23 a\u00f1os; adem\u00e1s, abund\u00f3, a nivel nacional se forman 2 mil 500 doctores al a\u00f1o.<\/p>\n<p>\u201cEllo habla de la importancia de fortalecer el apoyo a la educaci\u00f3n y revalorar el valor estrat\u00e9gico que tiene para la sociedad\u201d, apunt\u00f3 el rector de la m\u00e1xima casa de estudios mexiquense, quien reconoci\u00f3 la colaboraci\u00f3n de los servidores p\u00fablicos que integran el Poder Judicial del Estado de M\u00e9xico para contribuir con la formaci\u00f3n integral de alumnos y profesores.<\/p>\n<p>Despu\u00e9s de dar a conocer que en los recientes cuatro a\u00f1os, la matr\u00edcula de la UAEM aument\u00f3 m\u00e1s de 26 por ciento, es decir, alrededor de 13 mil 900 alumnos, con respecto a 2009, Eduardo Gasca Pliego coment\u00f3 que durante cinco a\u00f1os de apoyo continuo, las aportaciones recibidas de los m\u00e1s de 2 mil\u00a0 benefactores del Poder Judicial suman m\u00e1s de un mill\u00f3n 700 mil pesos, utilizados para otorgar becas de movilidad estudiantil, titulaci\u00f3n y trabajo comunitario, entre otras actividades para adquirir equipo cient\u00edfico y tecnol\u00f3gico.<\/p>\n<p>&nbsp;<\/p>\n","protected":false},"excerpt":{"rendered":"<p>Toluca, Estado de M\u00e9xico.- El reto de la educaci\u00f3n en M\u00e9xico, adem\u00e1s de<\/p>\n","protected":false},"author":1,"featured_media":127644,"comment_status":"open","ping_status":"open","sticky":false,"template":"","format":"standard","meta":{"_monsterinsights_skip_tracking":false,"_monsterinsights_sitenote_active":false,"_monsterinsights_sitenote_note":"","_monsterinsights_sitenote_category":0,"footnotes":""},"categories":[5],"tags":[1492,43694,43675],"class_list":["post-127562","post","type-post","status-publish","format-standard","has-post-thumbnail","hentry","category-estado-de-mexico","tag-eduardo-gasca-pliego","tag-educacion","tag-estado-de-mexico"],"_links":{"self":[{"href":"https:\/\/www.diarioimagen.net\/index.php?rest_route=\/wp\/v2\/posts\/127562","targetHints":{"allow":["GET"]}}],"collection":[{"href":"https:\/\/www.diarioimagen.net\/index.php?rest_route=\/wp\/v2\/posts"}],"about":[{"href":"https:\/\/www.diarioimagen.net\/index.php?rest_route=\/wp\/v2\/types\/post"}],"author":[{"embeddable":true,"href":"https:\/\/www.diarioimagen.net\/index.php?rest_route=\/wp\/v2\/users\/1"}],"replies":[{"embeddable":true,"href":"https:\/\/www.diarioimagen.net\/index.php?rest_route=%2Fwp%2Fv2%2Fcomments&post=127562"}],"version-history":[{"count":0,"href":"https:\/\/www.diarioimagen.net\/index.php?rest_route=\/wp\/v2\/posts\/127562\/revisions"}],"wp:featuredmedia":[{"embeddable":true,"href":"https:\/\/www.diarioimagen.net\/index.php?rest_route=\/wp\/v2\/media\/127644"}],"wp:attachment":[{"href":"https:\/\/www.diarioimagen.net\/index.php?rest_route=%2Fwp%2Fv2%2Fmedia&parent=127562"}],"wp:term":[{"taxonomy":"category","embeddable":true,"href":"https:\/\/www.diarioimagen.net\/index.php?rest_route=%2Fwp%2Fv2%2Fcategories&post=127562"},{"taxonomy":"post_tag","embeddable":true,"href":"https:\/\/www.diarioimagen.net\/index.php?rest_route=%2Fwp%2Fv2%2Ftags&post=127562"}],"curies":[{"name":"wp","href":"https:\/\/api.w.org\/{rel}","templated":true}]}}