{"id":127740,"date":"2013-04-11T00:03:15","date_gmt":"2013-04-11T05:03:15","guid":{"rendered":"http:\/\/www.diarioimagen.net\/?p=127740"},"modified":"2013-04-11T02:59:13","modified_gmt":"2013-04-11T07:59:13","slug":"de-marchas-a-marchas","status":"publish","type":"post","link":"https:\/\/www.diarioimagen.net\/?p=127740","title":{"rendered":"De marchas  a marchas"},"content":{"rendered":"<h2>Detr\u00e1s del Poder<\/h2>\n<h5>Jos\u00e9 Antonio L\u00f3pez Sosa<\/h5>\n<p>&nbsp;<\/p>\n<p>La tarde de ayer, en las inmediaciones del Capitolio de Washington, sede del congreso de los Estados Unidos, cientos de personas se aglutinaron para exigir la reforma migratoria que favorecer\u00e1 sobre todo a los millones de mexicanos que viven indocumentados en aquel pa\u00eds.<\/p>\n<p>Esta marcha, manifestaci\u00f3n o protesta (el t\u00edtulo que se le quiera dar), es un mecanismo de presi\u00f3n para que los legisladores de los Estados Unidos pongan una soluci\u00f3n a este problema.<\/p>\n<p>Ahora bien, al observar el desarrollo de esta manifestaci\u00f3n, es imposible no pensar en lo que ocurre en M\u00e9xico particularmente con los maestros en el estado de Guerrero, que tambi\u00e9n marchan y protestan en este caso, para presionar a todos los niveles de gobierno.<\/p>\n<p>Me parece que en M\u00e9xico vivimos en los excesos, tanto de un lado como del otro.<\/p>\n<p>No encuentro que en Washington el contingente haya cerrado alg\u00fan \u201cfreeway\u201d o alguna vialidad primaria que genere un caos vehicular en la zona, en cambio en M\u00e9xico, los maestros insisten en tomar la autopista 95-D (M\u00e9xico-Acapulco) como mecanismo de presi\u00f3n.<\/p>\n<p>Sin lugar a duda, hay de marchas a marchas. La raz\u00f3n en ambos casos es leg\u00edtima, podemos estar de acuerdo o no con lo que piden o exigen, sin embargo los ciudadanos somos los menos responsables por lo que ocurre.<\/p>\n<p>El tema ahora es \u00bfc\u00f3mo en un pa\u00eds como M\u00e9xico hacer entender sin reprimir a los manifestantes que no pueden pasar sobre el derecho de todos?,<\/p>\n<p>por las condiciones hist\u00f3ricas el imped\u00edrselos se confunde con represi\u00f3n, sin embargo la represi\u00f3n tambi\u00e9n es contra quienes resultamos afectados.<\/p>\n<p>En fin, muchos temas complejos, por ahora solo nos queda observar que hay de marchas a marchas.<\/p>\n<p><em><a href=\"mailto:lopez.sosa@mexico.com\" target=\"_blank\">lopez.sosa@mexico.com<\/a><\/em><br \/>\n<em><a href=\"http:\/\/twitter.com\/#%21\/joseantonio1977\" target=\"_blank\">@joseantonio1977<br \/>\n<\/a><\/em><em><a href=\"http:\/\/www.formulaconfidencial.com.mx\/\" target=\"_blank\">www.formulaconfidencial.com.mx<\/a><\/em><\/p>\n","protected":false},"excerpt":{"rendered":"<p><span style=\"color: #005497;\"><strong>Jos\u00e9 Antonio L\u00f3pez Sosa<\/strong><\/span><\/p>\n","protected":false},"author":1,"featured_media":0,"comment_status":"open","ping_status":"open","sticky":false,"template":"","format":"standard","meta":{"_monsterinsights_skip_tracking":false,"_monsterinsights_sitenote_active":false,"_monsterinsights_sitenote_note":"","_monsterinsights_sitenote_category":0,"footnotes":""},"categories":[637],"tags":[638,43690,9861,43674],"class_list":["post-127740","post","type-post","status-publish","format-standard","hentry","category-jose-antonio-lopez-sosa","tag-detras-del-poder","tag-jose-antonio-lopez-sosa","tag-marchas","tag-opinion"],"_links":{"self":[{"href":"https:\/\/www.diarioimagen.net\/index.php?rest_route=\/wp\/v2\/posts\/127740","targetHints":{"allow":["GET"]}}],"collection":[{"href":"https:\/\/www.diarioimagen.net\/index.php?rest_route=\/wp\/v2\/posts"}],"about":[{"href":"https:\/\/www.diarioimagen.net\/index.php?rest_route=\/wp\/v2\/types\/post"}],"author":[{"embeddable":true,"href":"https:\/\/www.diarioimagen.net\/index.php?rest_route=\/wp\/v2\/users\/1"}],"replies":[{"embeddable":true,"href":"https:\/\/www.diarioimagen.net\/index.php?rest_route=%2Fwp%2Fv2%2Fcomments&post=127740"}],"version-history":[{"count":0,"href":"https:\/\/www.diarioimagen.net\/index.php?rest_route=\/wp\/v2\/posts\/127740\/revisions"}],"wp:attachment":[{"href":"https:\/\/www.diarioimagen.net\/index.php?rest_route=%2Fwp%2Fv2%2Fmedia&parent=127740"}],"wp:term":[{"taxonomy":"category","embeddable":true,"href":"https:\/\/www.diarioimagen.net\/index.php?rest_route=%2Fwp%2Fv2%2Fcategories&post=127740"},{"taxonomy":"post_tag","embeddable":true,"href":"https:\/\/www.diarioimagen.net\/index.php?rest_route=%2Fwp%2Fv2%2Ftags&post=127740"}],"curies":[{"name":"wp","href":"https:\/\/api.w.org\/{rel}","templated":true}]}}