{"id":127743,"date":"2013-04-11T00:02:11","date_gmt":"2013-04-11T05:02:11","guid":{"rendered":"http:\/\/www.diarioimagen.net\/?p=127743"},"modified":"2013-04-11T02:59:19","modified_gmt":"2013-04-11T07:59:19","slug":"cuando-la-protesta-se-sataniza","status":"publish","type":"post","link":"https:\/\/www.diarioimagen.net\/?p=127743","title":{"rendered":"Cuando la protesta se sataniza"},"content":{"rendered":"<h2>Acta P\u00fablica<\/h2>\n<h5>Claudia Rodr\u00edguez<\/h5>\n<p>&nbsp;<\/p>\n<p>De pronto tengo la impresi\u00f3n de que en M\u00e9xico, pese a los distintos discursos pol\u00edticos, no somos semejantes aunque tengamos derecho a la igualdad.<\/p>\n<p>No me refiero a los rasgos gen\u00e9ticos, ni a la cuna en la que nacimos, sino a las oportunidades y el respeto a nuestros derechos humanos.<\/p>\n<p>Es irrisorio que quienes demandan respeto a terceros por el derecho a la libre circulaci\u00f3n, a la no afectaci\u00f3n de los comercios a la actividad tur\u00edstica y a los paseantes; \u00a0sean los mismos que no quieren ver el \u00a0reclamo que distintas organizaciones hacen a sus garant\u00edas laborales.<\/p>\n<p>Nada es est\u00e1tico y tiene que ir cambiando en relaci\u00f3n a las demandas de las mayor\u00edas, y en eso coincido con los discursos.<\/p>\n<p>\u00bfPero porqu\u00e9 en M\u00e9xico nos hemos empa\u00f1ado en hablar de la pobreza como si de verdad fuera s\u00f3lo una cifra y no un importante grupo de mexicanos que viven en condiciones lacerantes y a quienes el futuro les pinta todav\u00eda m\u00e1s adverso como a la gran mayor\u00eda de los mexicanos?<\/p>\n<p>Hasta ahora, todos los gobiernos de cualquier color e ideolog\u00eda pol\u00edtica, no han atinado a dar soluciones reales y a largo plazo para reducir los niveles de desigualdad y ahora de violencia en nuestro pa\u00eds.<\/p>\n<p>Es por eso que doy el valor a quienes emprenden la manifestaci\u00f3n, el di\u00e1logo y el reclamo de sus garant\u00edas.<\/p>\n<p>Creo que como ayer aqu\u00ed lo manifestaba, m\u00e1s all\u00e1 de las simpat\u00edas que se tengan a la actriz Laura Zapata, como ella, deber\u00edamos m\u00e1s mexicanos atrevernos a disentir cuando nuestra individualidad lo reclame y tal vez en el camino, encontremos a otros con iguales demandas a las nuestras.<\/p>\n<p>Lo que hasta ahora muchos no han entendido, es que la desigualdad entre mexicanos que mantienen u orillan a un estado de pobreza, no se solucionar\u00e1 con acciones cruciales contra un solo grupo social y\/o econ\u00f3mico, habr\u00eda que emprenderlo con todos al mismo tiempo.<\/p>\n<p>La pobreza y la inseguridad tienen una alta proporci\u00f3n de relaci\u00f3n.\u00a0 Y ojo, los maestros con sus manifestaciones pueden generar desorden, desestabilizaci\u00f3n econ\u00f3mica y muchas incomodidades a terceros, pero no son los generadores de la inseguridad, ni de la pobreza end\u00e9mica.<\/p>\n<p><b><i>Acta Divina\u2026<\/i><\/b>\u00a0La relaci\u00f3n entre la educaci\u00f3n y la pobreza es una relaci\u00f3n construida. No es obvia o \u201cnatural\u201d, no obstante la idea muy difundida acerca de que la educaci\u00f3n es una de las formas privilegiadas de evitar y\/o salir de la pobreza.<\/p>\n<p>Las ideas de pobreza y de educaci\u00f3n est\u00e1n asociadas a supuestos e intenciones sociales que responden a los intereses de diversos grupos sociales espec\u00edficos<\/p>\n<p>Para advertir\u2026\u00a0 \u00bfEn que se parecen Jes\u00fas Reyna, secretario de Gobierno de Michoac\u00e1n y el vicepresidente Nicol\u00e1s Maduro durante la ausencia m\u00e9dica de Hugo Ch\u00e1vez all\u00e1 en Venezuela?<\/p>\n<p><em><a href=\"mailto:actapublica@gmail.com\" target=\"_blank\">actapublica@gmail.com<\/a><\/em><\/p>\n","protected":false},"excerpt":{"rendered":"<p><span style=\"color: #005497;\"><strong>Claudia Rodr\u00edguez<\/strong><\/span><\/p>\n","protected":false},"author":1,"featured_media":0,"comment_status":"open","ping_status":"open","sticky":false,"template":"","format":"standard","meta":{"_monsterinsights_skip_tracking":false,"_monsterinsights_sitenote_active":false,"_monsterinsights_sitenote_note":"","_monsterinsights_sitenote_category":0,"footnotes":""},"categories":[1281],"tags":[26688,43674],"class_list":["post-127743","post","type-post","status-publish","format-standard","hentry","category-claudia-rodriguez","tag-igualdad","tag-opinion"],"_links":{"self":[{"href":"https:\/\/www.diarioimagen.net\/index.php?rest_route=\/wp\/v2\/posts\/127743","targetHints":{"allow":["GET"]}}],"collection":[{"href":"https:\/\/www.diarioimagen.net\/index.php?rest_route=\/wp\/v2\/posts"}],"about":[{"href":"https:\/\/www.diarioimagen.net\/index.php?rest_route=\/wp\/v2\/types\/post"}],"author":[{"embeddable":true,"href":"https:\/\/www.diarioimagen.net\/index.php?rest_route=\/wp\/v2\/users\/1"}],"replies":[{"embeddable":true,"href":"https:\/\/www.diarioimagen.net\/index.php?rest_route=%2Fwp%2Fv2%2Fcomments&post=127743"}],"version-history":[{"count":0,"href":"https:\/\/www.diarioimagen.net\/index.php?rest_route=\/wp\/v2\/posts\/127743\/revisions"}],"wp:attachment":[{"href":"https:\/\/www.diarioimagen.net\/index.php?rest_route=%2Fwp%2Fv2%2Fmedia&parent=127743"}],"wp:term":[{"taxonomy":"category","embeddable":true,"href":"https:\/\/www.diarioimagen.net\/index.php?rest_route=%2Fwp%2Fv2%2Fcategories&post=127743"},{"taxonomy":"post_tag","embeddable":true,"href":"https:\/\/www.diarioimagen.net\/index.php?rest_route=%2Fwp%2Fv2%2Ftags&post=127743"}],"curies":[{"name":"wp","href":"https:\/\/api.w.org\/{rel}","templated":true}]}}