{"id":127913,"date":"2013-04-12T00:04:06","date_gmt":"2013-04-12T05:04:06","guid":{"rendered":"http:\/\/www.diarioimagen.net\/?p=127913"},"modified":"2013-04-12T03:01:19","modified_gmt":"2013-04-12T08:01:19","slug":"suplencia-dificil","status":"publish","type":"post","link":"https:\/\/www.diarioimagen.net\/?p=127913","title":{"rendered":"Suplencia dif\u00edcil"},"content":{"rendered":"<h2>Punto por punto<\/h2>\n<h5>Augusto Corro<\/h5>\n<p>&nbsp;<\/p>\n<p>En los primeros d\u00edas de suplencia, Jes\u00fas Reyna, secretario de Gobierno, en Michoac\u00e1n, demostr\u00f3 su incompetencia. Jes\u00fas Reyna se encargar\u00e1 del despacho mientras el gobernador Fausto Vallejo Trejo se ausente, cuantas veces sean necesarias, para atender su salud.<\/p>\n<p>Pero la situaci\u00f3n no es tan sencilla, en aquella entidad la situaci\u00f3n se vuelve cada d\u00eda m\u00e1s dif\u00edcil porque la violencia no cede.<\/p>\n<p>Y si Vallejo Trejo, con toda su experiencia, no pudo meter en cintura a los narcos, la inexperiencia de\u00a0 Jes\u00fas Reyna no ser\u00e1 garant\u00eda para que Michoac\u00e1n vuelva a la tranquilidad.\u00a0 Anteayer, por ejemplo, se registr\u00f3 una jornada sangrienta en el estado: catorce personas perdieron la vida al enfrentarse con la fuerza p\u00fablica federal. Dos de los hechos m\u00e1s sangrientos ocurrieron en la llamada Tierra Caliente.<\/p>\n<p align=\"center\"><b>BOLAS EL ENGRUDO<\/b><\/p>\n<p>Al gobierno capitalino se le hizo bolas el engrudo con el caso de la estatua del dictador de Azerbaiy\u00e1n, Heydar Aliyev.<\/p>\n<p>La historia, todo mundo la sabe, empez\u00f3 con un convenio entre el gobierno capitalino, en ese entonces representado por Marcelo Ebrard Casaub\u00f3n, y\u00a0 funcionarios del citado pa\u00eds.\u00a0 Las autoridades del DF recibieron apoyo econ\u00f3mico para remodelar algunos jardines o lugares p\u00fablicos, con el compromiso de colocar en alguna de esas \u00e1reas la mencionada la efigie del s\u00e1trapa Heydar Aliyev.<\/p>\n<p>Todo marchaba sobre ruedas, hasta que alguien descubri\u00f3 la estatua del dictador colocada en el Bosque de Chapultepec. Se cay\u00f3 el \u201cteatrito\u201d y se exigi\u00f3 al gobierno del DF que se llevara el monumento a otro sitio.<\/p>\n<p>As\u00ed ocurri\u00f3 y la escultura inici\u00f3 su recorrido de un lado a otro, porque fue rechazada por todos.\u00a0 Lo \u00faltimo que se supo sobre el destino de la estatua es que ser\u00e1 colocada en unas instalaciones que el gobierno capitalino construir\u00e1 para tal fin, pr\u00f3ximamente. Una especie de casa de cultura, seg\u00fan se dijo. Ahora falta saber, si los gastos del nuevo inmueble corren a cargo de los capitalinos o se trata de otro convenio entre las autoridades del DF y los azerbaiyanos.<\/p>\n<p align=\"center\"><b>MAYOR DEFENSA\u00a0<\/b><b>A PERIODISTAS<\/b><\/p>\n<p>Otra vez se toc\u00f3 el tema de la defensa de los periodistas en el Senado de la Rep\u00fablica.<\/p>\n<p>Se volvi\u00f3 a lo mismo. Esta vez, los legisladores aprobaron modificaciones\u00a0 a diversas leyes para que la Procuradur\u00eda General de la Rep\u00fablica (PGR) atraiga delitos del fuero com\u00fan cometidos contra periodistas, personas e instalaciones de medios, as\u00ed como violaciones a la libertad de expresi\u00f3n o de imprenta.\u00a0 En t\u00e9rminos reales se buscar\u00e1, seg\u00fan se entiende, mayor protecci\u00f3n a los comunicadores y una mejor atenci\u00f3n a quienes resultasen v\u00edctimas de alguna agresi\u00f3n.\u00a0 Sin embargo, en este caso, la teor\u00eda y la pr\u00e1ctica de la ley se encuentran separadas por un profundo abismo.<\/p>\n<p>Los ataques a los periodistas siguen y no hay manera de evitarlo. En este espacio hemos se\u00f1alado un sinn\u00famero de hechos en los que la impunidad de los delincuentes\u00a0 se da como algo com\u00fan. No solamente esto, tambi\u00e9n las autoridades\u00a0 c\u00f3mplices de los hampones son distinguidas con premios por su apoyo a la libertad de expresi\u00f3n. Vamos, pues, a esperar sentados que entre en vigencia esa ley llena de buenas intenciones.<\/p>\n<p align=\"center\"><b>ESPIONAJE<\/b><\/p>\n<p>Recientemente, Luis Echeverr\u00eda Alvarez (LEA)\u00a0 apareci\u00f3 en los medios debido a una revelaci\u00f3n de Wikileaks. Resulta que el embajador John Jova, en informaci\u00f3n secreta a su gobierno, se refiri\u00f3 al rumor de las intenciones de LEA por matar a Jos\u00e9 L\u00f3pez Portillo, para eternizarse en el poder.<\/p>\n<p>A ninguno de los mexicanos que vivieron la etapa de LEA en el gobierno les cay\u00f3 de sorpresa lo mencionado por\u00a0 Wikileaks, por una sencilla raz\u00f3n, todo mundo sab\u00eda que clase de gobernante\u00a0 era el responsable de la tragedia del 2 de octubre.\u00a0 \u00bfPor qu\u00e9 no se decidi\u00f3 LEA\u00a0 a atentar contra su amigo? Nadie lo sabe. Tal vez influyeron los a\u00f1os de amistad en la ni\u00f1ez, cuando andaban en pandilla, como lo demuestra una fotograf\u00eda en la que aparecen los mencionados, incluido el inefable\u00a0\u00a0 Arturo\u201cNegro\u201d Durazo.<\/p>\n<p>Algo le movi\u00f3 el coraz\u00f3n a LEA porque, francamente, s\u00ed hubiera sido capaz de llevarse entre las espuelas a su amigo.<\/p>\n<p><em><a href=\"mailto:aco2742@hotmail.com\" target=\"_blank\">aco2742@hotmail.com<\/a><\/em><\/p>\n","protected":false},"excerpt":{"rendered":"<p><span style=\"color: #005497;\"><strong>Augusto Corro<\/strong><\/span><\/p>\n","protected":false},"author":1,"featured_media":0,"comment_status":"open","ping_status":"open","sticky":false,"template":"","format":"standard","meta":{"_monsterinsights_skip_tracking":false,"_monsterinsights_sitenote_active":false,"_monsterinsights_sitenote_note":"","_monsterinsights_sitenote_category":0,"footnotes":""},"categories":[157],"tags":[43686,803,43674,11515],"class_list":["post-127913","post","type-post","status-publish","format-standard","hentry","category-augusto-corro","tag-augusto-corro","tag-michoacan","tag-opinion","tag-punto-por-punto"],"_links":{"self":[{"href":"https:\/\/www.diarioimagen.net\/index.php?rest_route=\/wp\/v2\/posts\/127913","targetHints":{"allow":["GET"]}}],"collection":[{"href":"https:\/\/www.diarioimagen.net\/index.php?rest_route=\/wp\/v2\/posts"}],"about":[{"href":"https:\/\/www.diarioimagen.net\/index.php?rest_route=\/wp\/v2\/types\/post"}],"author":[{"embeddable":true,"href":"https:\/\/www.diarioimagen.net\/index.php?rest_route=\/wp\/v2\/users\/1"}],"replies":[{"embeddable":true,"href":"https:\/\/www.diarioimagen.net\/index.php?rest_route=%2Fwp%2Fv2%2Fcomments&post=127913"}],"version-history":[{"count":0,"href":"https:\/\/www.diarioimagen.net\/index.php?rest_route=\/wp\/v2\/posts\/127913\/revisions"}],"wp:attachment":[{"href":"https:\/\/www.diarioimagen.net\/index.php?rest_route=%2Fwp%2Fv2%2Fmedia&parent=127913"}],"wp:term":[{"taxonomy":"category","embeddable":true,"href":"https:\/\/www.diarioimagen.net\/index.php?rest_route=%2Fwp%2Fv2%2Fcategories&post=127913"},{"taxonomy":"post_tag","embeddable":true,"href":"https:\/\/www.diarioimagen.net\/index.php?rest_route=%2Fwp%2Fv2%2Ftags&post=127913"}],"curies":[{"name":"wp","href":"https:\/\/api.w.org\/{rel}","templated":true}]}}