{"id":127928,"date":"2013-04-12T00:01:36","date_gmt":"2013-04-12T05:01:36","guid":{"rendered":"http:\/\/www.diarioimagen.net\/?p=127928"},"modified":"2013-04-12T03:01:31","modified_gmt":"2013-04-12T08:01:31","slug":"23-balazos-en-acatlan","status":"publish","type":"post","link":"https:\/\/www.diarioimagen.net\/?p=127928","title":{"rendered":"23 balazos en Acatl\u00e1n"},"content":{"rendered":"<h2>Pol\u00edtica Spot<\/h2>\n<h5>Juan Manuel Maga\u00f1a<\/h5>\n<p>&nbsp;<\/p>\n<p>La noticia apenas se supo y ocurri\u00f3 hace d\u00edas, pero igualmente provoca consternaci\u00f3n: dos estudiantes de la Facultad de Estudios Superiores Acatl\u00e1n de la Universidad Nacional Aut\u00f3noma de M\u00e9xico fueron baleados por federales y uno de ellos muri\u00f3.<\/p>\n<p>El viernes pasado seis polic\u00edas, una mujer entre ellos, de la SSP federal fueron detenidos por orden de un juez en la prisi\u00f3n de Barrientos y se espera que sean procesados por homicidio agravado y homicidio en grado de tentativa.<\/p>\n<p>Personal de la Procuradur\u00eda General de Justicia del Estado de M\u00e9xico ley\u00f3 a los detenidos el testimonio del joven sobreviviente sobre lo ocurrido el 5 de abril, con lo cual recupero aqu\u00ed la historia.<\/p>\n<p>Seg\u00fan esto, como a las 20:00 horas, los dos estudiantes circulaban en un autom\u00f3vil Dodge Ne\u00f3n por carriles centrales de Perif\u00e9rico Norte, cerca de Valle Dorado, cuando dos autos con logotipos de Tel\u00e9fonos de M\u00e9xico les cerraron el paso y de uno baj\u00f3 un hombre con un arma en la mano, que les orden\u00f3 descender.<\/p>\n<p>Por temor a ser secuestrados, los j\u00f3venes aceleraron y en su huida embistieron a un agente federal. En respuesta recibieron una r\u00e1faga de balazos. El auto qued\u00f3 con 23 impactos de pistolas calibre nueve mil\u00edmetros.<\/p>\n<p>En el asiento del copiloto todav\u00eda estaba vivo Alejandro Reyes D\u00edaz, de 23 a\u00f1os de edad, pero falleci\u00f3 en el hospital del ISSSTE de Tultitl\u00e1n. Estaba en el octavo semestre de la licenciatura en derecho, al igual que el sobreviviente.<\/p>\n<p>Se inform\u00f3 que al menos unos 100 elementos de la Secretar\u00eda de Seguridad Ciudadana estatal y de la Direcci\u00f3n de Seguridad P\u00fablica municipal de Tlalnepantla detuvieron a los seis federales agresores. Buen trabajo.<\/p>\n<p>A los detenidos se les confisc\u00f3 cinco armas de uso oficial con logotipos de la Secretar\u00eda de la Defensa Nacional (raro) calibre nueve mil\u00edmetros, 200 cartuchos \u00fatiles, as\u00ed como (rar\u00edsimo) dos autos Chevy con logotipos de Telmex. Adem\u00e1s, un mando de los federales huy\u00f3 a bordo de un Malib\u00fa (qu\u00e9 raro).<\/p>\n<p>\u00bfY qu\u00e9 dijeron los detenidos? Que se dirig\u00edan a una operaci\u00f3n encubierta en el municipio de Tultepec, por lo que circulaban en esos autos con logotipos de Telmex. Y que el veh\u00edculo Ne\u00f3n de los estudiantes golpe\u00f3 uno de esos veh\u00edculos con los agentes, y cuando uno de \u00e9stos baj\u00f3 para averiguar lo sucedido fue embestido por el auto de los universitarios.<\/p>\n<p>M\u00e1s a\u00fan, negaron haber disparado las dos docenas de balas contra los j\u00f3venes y dijeron atenerse a las pruebas de la necropsia.<\/p>\n<p>De entrada, los agentes federales rompieron el protocolo del mando \u00fanico, seg\u00fan la alcald\u00eda, porque nunca informaron de su presencia en el municipio. Y este es un caso que debe resolverse como de rayo y con todo el paso de la ley, si no se quiere que el esp\u00edritu de Garc\u00eda Luna se vuelva a meter cuando ya todos pens\u00e1bamos que la pesadilla se hab\u00eda ido.<\/p>\n<p><em><a href=\"mailto: maganapalace@yahoo.com.mx\" target=\"_blank\">maganapalace@yahoo.com.mx<\/a><\/em><\/p>\n","protected":false},"excerpt":{"rendered":"<p><span style=\"color: #005497;\"><strong>Juan Manuel Maga\u00f1a<\/strong><\/span><\/p>\n","protected":false},"author":1,"featured_media":0,"comment_status":"open","ping_status":"open","sticky":false,"template":"","format":"standard","meta":{"_monsterinsights_skip_tracking":false,"_monsterinsights_sitenote_active":false,"_monsterinsights_sitenote_note":"","_monsterinsights_sitenote_category":0,"footnotes":""},"categories":[22905],"tags":[43709,43674,22904],"class_list":["post-127928","post","type-post","status-publish","format-standard","hentry","category-juan-manuel-magana","tag-juan-manuel-magana","tag-opinion","tag-politica-spot"],"_links":{"self":[{"href":"https:\/\/www.diarioimagen.net\/index.php?rest_route=\/wp\/v2\/posts\/127928","targetHints":{"allow":["GET"]}}],"collection":[{"href":"https:\/\/www.diarioimagen.net\/index.php?rest_route=\/wp\/v2\/posts"}],"about":[{"href":"https:\/\/www.diarioimagen.net\/index.php?rest_route=\/wp\/v2\/types\/post"}],"author":[{"embeddable":true,"href":"https:\/\/www.diarioimagen.net\/index.php?rest_route=\/wp\/v2\/users\/1"}],"replies":[{"embeddable":true,"href":"https:\/\/www.diarioimagen.net\/index.php?rest_route=%2Fwp%2Fv2%2Fcomments&post=127928"}],"version-history":[{"count":0,"href":"https:\/\/www.diarioimagen.net\/index.php?rest_route=\/wp\/v2\/posts\/127928\/revisions"}],"wp:attachment":[{"href":"https:\/\/www.diarioimagen.net\/index.php?rest_route=%2Fwp%2Fv2%2Fmedia&parent=127928"}],"wp:term":[{"taxonomy":"category","embeddable":true,"href":"https:\/\/www.diarioimagen.net\/index.php?rest_route=%2Fwp%2Fv2%2Fcategories&post=127928"},{"taxonomy":"post_tag","embeddable":true,"href":"https:\/\/www.diarioimagen.net\/index.php?rest_route=%2Fwp%2Fv2%2Ftags&post=127928"}],"curies":[{"name":"wp","href":"https:\/\/api.w.org\/{rel}","templated":true}]}}