{"id":128098,"date":"2013-04-15T00:01:40","date_gmt":"2013-04-15T05:01:40","guid":{"rendered":"http:\/\/www.diarioimagen.net\/?p=128098"},"modified":"2013-04-15T03:17:04","modified_gmt":"2013-04-15T08:17:04","slug":"narcos-se-apaciguan","status":"publish","type":"post","link":"https:\/\/www.diarioimagen.net\/?p=128098","title":{"rendered":"Narcos se apaciguan"},"content":{"rendered":"<h2>Pol\u00edtica Spot<\/h2>\n<h5>Juan Manuel Maga\u00f1a<\/h5>\n<p>&nbsp;<\/p>\n<p>Hay se\u00f1ales de que los narcos se calman solos. Este es un fen\u00f3meno muy interesante que se empieza a dar en M\u00e9xico, captado por Javier Hern\u00e1ndez Valencia, representante en M\u00e9xico de la Oficina del Alto Comisionado de las Naciones Unidas para los Derechos Humanos.<\/p>\n<p>La pregunta es si eso es bueno, malo o, como dicen por ah\u00ed, regular.<\/p>\n<p>Lo que podr\u00eda en principio ser bueno es el hecho concreto de que hubo una reducci\u00f3n de homicidios, de 17 por ciento en el primer cuatrimestre de esta administraci\u00f3n, respecto al mismo periodo inmediato anterior, lo cual implica menos violencia.<\/p>\n<p>Pero la causa de esa reducci\u00f3n de homicidios en M\u00e9xico puede ser preocupante, pues es producto de los acomodos y acuerdos de los grupos criminales, seg\u00fan Hern\u00e1ndez Valencia.<\/p>\n<p>El funcionario refleja saber muy bien de lo que habla cuando se\u00f1ala:<\/p>\n<p>\u201cUna de las alertas que los involucrados en las instituciones de seguridad p\u00fablica est\u00e1n haciendo es que, en algunas regiones, la consolidaci\u00f3n de un grupo del crimen organizado, es decir, su hegemon\u00eda ante otros grupos que se disputan la plaza, lleva al cese de la conflictividad, y eso explica tambi\u00e9n la reducci\u00f3n de muertes violentas\u201d, dijo.<\/p>\n<p>De ser as\u00ed y de consolidarse este fen\u00f3meno, lo que quedar\u00eda definitivamente en evidencia ser\u00eda lo in\u00fatil que fue Felipe Calder\u00f3n con su mentada guerra.\u00a0 El asunto demostrar\u00eda que el objetivo no fue resolver un problema sino s\u00f3lo darle una revolcada, cuya polvareda ya se empieza a asentar.<\/p>\n<p>Si algo le probaron las mafias a Calder\u00f3n, ese algo fue que resultaron fortalecidas con su guerra. Y que en vez de que el problema aminorara, por el contrario creci\u00f3.<\/p>\n<p>V\u00e9ase esta preocupaci\u00f3n del funcionario de la ONU: \u201cAlegrarse porque se redujo la cantidad de muertes en una localidad puede llevarnos al efecto perverso de no darnos cuenta de que en esa localidad tal vez el mayor (riesgo sigue presente): el control, sin disputa, de una organizaci\u00f3n criminal, con todo el potencial de sustituir la voluntad ciudadana y de las autoridades\u201d.<\/p>\n<p>La cuesti\u00f3n tiene otro \u00e1ngulo, igualmente preocupante: que se perciba, dice Hern\u00e1ndez Valencia, la reducci\u00f3n de \u00edndices delictivos como una soluci\u00f3n del problema cuando en realidad, por ejemplo, puede mostrar que \u201cel cese de la mataz\u00f3n de periodistas en una localidad o un estado puede ocurrir sobre la base de que ahora todos los periodistas est\u00e9n amordazados por los l\u00edderes del crimen organizado\u201d.<\/p>\n<p>Tiene raz\u00f3n el representante de la ONU: el camino de salida a la situaci\u00f3n de violencia en M\u00e9xico pasar\u00e1 por la toma de decisiones al m\u00e1s alto nivel en el retiro, por ejemplo, del Ej\u00e9rcito y de la Marina en tareas de seguridad p\u00fablica o de la puesta en marcha de la anunciada Gendarmer\u00eda Nacional.<\/p>\n<p><em><a href=\"mailto: maganapalace@yahoo.com.mx\" target=\"_blank\">maganapalace@yahoo.com.mx<\/a><\/em><\/p>\n","protected":false},"excerpt":{"rendered":"<p><span style=\"color: #005497;\"><strong>Juan Manuel Maga\u00f1a<\/strong><\/span><\/p>\n","protected":false},"author":1,"featured_media":0,"comment_status":"open","ping_status":"open","sticky":false,"template":"","format":"standard","meta":{"_monsterinsights_skip_tracking":false,"_monsterinsights_sitenote_active":false,"_monsterinsights_sitenote_note":"","_monsterinsights_sitenote_category":0,"footnotes":""},"categories":[22905],"tags":[43709,43674,22904],"class_list":["post-128098","post","type-post","status-publish","format-standard","hentry","category-juan-manuel-magana","tag-juan-manuel-magana","tag-opinion","tag-politica-spot"],"_links":{"self":[{"href":"https:\/\/www.diarioimagen.net\/index.php?rest_route=\/wp\/v2\/posts\/128098","targetHints":{"allow":["GET"]}}],"collection":[{"href":"https:\/\/www.diarioimagen.net\/index.php?rest_route=\/wp\/v2\/posts"}],"about":[{"href":"https:\/\/www.diarioimagen.net\/index.php?rest_route=\/wp\/v2\/types\/post"}],"author":[{"embeddable":true,"href":"https:\/\/www.diarioimagen.net\/index.php?rest_route=\/wp\/v2\/users\/1"}],"replies":[{"embeddable":true,"href":"https:\/\/www.diarioimagen.net\/index.php?rest_route=%2Fwp%2Fv2%2Fcomments&post=128098"}],"version-history":[{"count":0,"href":"https:\/\/www.diarioimagen.net\/index.php?rest_route=\/wp\/v2\/posts\/128098\/revisions"}],"wp:attachment":[{"href":"https:\/\/www.diarioimagen.net\/index.php?rest_route=%2Fwp%2Fv2%2Fmedia&parent=128098"}],"wp:term":[{"taxonomy":"category","embeddable":true,"href":"https:\/\/www.diarioimagen.net\/index.php?rest_route=%2Fwp%2Fv2%2Fcategories&post=128098"},{"taxonomy":"post_tag","embeddable":true,"href":"https:\/\/www.diarioimagen.net\/index.php?rest_route=%2Fwp%2Fv2%2Ftags&post=128098"}],"curies":[{"name":"wp","href":"https:\/\/api.w.org\/{rel}","templated":true}]}}