{"id":128292,"date":"2013-04-16T00:01:17","date_gmt":"2013-04-16T05:01:17","guid":{"rendered":"http:\/\/www.diarioimagen.net\/?p=128292"},"modified":"2013-04-16T03:45:44","modified_gmt":"2013-04-16T08:45:44","slug":"antillas-y-caribe-sur-un-crucero-en-alianza-con-pullmantur-y-copa-airlines-iniciara-muy-pronto","status":"publish","type":"post","link":"https:\/\/www.diarioimagen.net\/?p=128292","title":{"rendered":"Antillas y Caribe Sur, un crucero en alianza con Pullmantur y Copa Airlines, iniciar\u00e1 muy pronto"},"content":{"rendered":"<h2>De cinco estrellas<\/h2>\n<h5>Victoria Gonz\u00e1lez Prado<\/h5>\n<p>&nbsp;<\/p>\n<ul>\n<li><em><strong>Grupo Canarios abri\u00f3 un nuevo restaurante en Insurgentes Sur<\/strong><\/em><\/li>\n<li><em><strong>Roberto Trauwitz, designado secretario de Turismo en Puebla<\/strong><\/em><\/li>\n<li><em><strong>La Hacienda San Jos\u00e9 Lavista revive la esencia de la arquitectura colonial<\/strong><\/em><\/li>\n<\/ul>\n<p>Antillas y Caribe Sur es un crucero que iniciar\u00e1 muy pronto gracias a la alianza integrada por<b> <\/b><i>Maga Travel,<\/i> Andante, <i>Julia Tours<\/i>, <i>Decameron<\/i> junto con\u00a0 <i>Copa Airlines<\/i> y <i>Pullmantur<\/i>, que garantizan el mejor servicio al mejor precio. <b>Judith Palleiro<\/b>, directora general de la naviera, asegur\u00f3 que est\u00e1n muy contentos con la alianza e integrar en un paquete: avi\u00f3n, hotel, una estancia en Panam\u00e1,\u00a0 traslados, el crucero por las Antillas y el Caribe Sur. De igual forma, dio a conocer dos grandes noticias, \u201cEl crucero Antillas y Caribe lo vamos a tener todo el a\u00f1o a partir del 26 de abril pr\u00f3ximo y la segunda novedad, es que tenemos un nuevo barco en la flota, el <i>Monarch,<\/i> que perteneci\u00f3 a <i>Royal Caribbean<\/i>, es un buque mucho m\u00e1s grande, para 2 mil 700 pasajeros aproximadamente\u201d, y realizar\u00e1 el recorrido de Antillas y Caribe del Sur, partiendo de Col\u00f3n, llegando a Cartagena, Aruba, La Guaira, Curacao y regresa a Col\u00f3n, este circuito lo tenemos en combinaci\u00f3n con las frecuencias de <i>Copa Airlines<\/i>, lo cual da una excelente oportunidad a los pasajeros de llegar a los diferentes puntos de embarque, y la posibilidad de combinar estos servicios con los hoteles <i>Decameron<\/i> en Panam\u00e1 y Cartagena\u201d. Por otra parte, <b>Judith Palleiro<\/b>, invit\u00f3 a los agentes de viajes reunidos a conocer la p\u00e1gina de Pullmantur.travel. En su oportunidad, <b>Mario Alcal\u00e1<\/b>, ejecutivo de ventas de <i>Copa Airlines<\/i>, se\u00f1al\u00f3: \u201cSomos\u00a0\u00a0 la aerol\u00ednea con mayor presencia en la Rep\u00fablica mexicana, adem\u00e1s abarcamos 65 destinos en 29 pa\u00edses y este a\u00f1o abriremos un nuevo vuelo a Boston\u201d, La aerol\u00ednea ofrece cuatro vuelos diarios de la ciudad de M\u00e9xico a Panam\u00e1, cinco vuelos semanales desde Guadalajara, cuatro vuelos semanales desde Monterrey y cinco vuelos diarios desde Canc\u00fan al DF. <b>Armando Medina<\/b>, gerente de la oficina de ventas de hoteles <i>Decameron<\/i> en M\u00e9xico, invito a los agentes de viaje a vender el <i>Hard Rock Panam\u00e1 Megapolis<\/i>, que cuenta con mil 468 habitaciones, distribuidas en 66 pisos, albercas, centro de negocios, <i>Rock shop<\/i>, 800 lugares de estacionamiento, helipuerto, centro de convenciones hasta para 3 mil 200 personas y m\u00e1s. Para finalizar <b>Palleiro<\/b> se refiri\u00f3 a las atractivas promociones del crucero Antillas y Caribe Sur, con precios que empiezan en los mil 648 d\u00f3lares con avi\u00f3n incluido, y atractivos descuentos para agentes de viaje y un acompa\u00f1ante.<\/p>\n<p><i>\u2730\u2730\u2730\u2730\u2730<\/i>\u00a0La fiesta fue en grande y se reunieron empresarios, socialit\u00e9s<b> <\/b>y clientes<b> <\/b>del ya famoso restaurante Los Canarios, ahora en Insurgentes Sur que abri\u00f3 con el mismo entusiasmo con que se abri\u00f3 el primer restaurante, siendo un trabajo en conjunto que ha dado como resultado la permanencia en el gusto de sus comensales. Y qu\u00e9 mejor que abrir alas hacia el sur de la ciudad de M\u00e9xico. Desde su apertura hace 10 a\u00f1os, el restaurante ha ido creciendo, formando un gran grupo que hoy se compone de nueve sucursales, el primero fue en\u00a0 Santa Fe,\u00a0\u00a0\u00a0 Masarik, Odeon Palmas, Antara, Los Canarios Marquis Reforma, San Jer\u00f3nimo, Los Canarios Emporio Veracruz, <i>King Fish<\/i> Santa Fe y ahora se integra Los Canarios Insurgentes. Todos sin perder el estilo y la tradici\u00f3n que los caracteriza. Restaurantes Los Canarios es reconocido\u00a0 por su cocina mexicana con toques espa\u00f1oles, mezclando sabores acostumbrados a esencias distintas y estilos encontrados. El ambiente que se vive entre semana es ejecutivo, sin embargo, los fines de semana se torna completamente familiar. Una caracter\u00edstica que no puede faltar\u00a0 son precisamente los canarios, que con su canto amenizan el lugar, ya que las jaulas est\u00e1n distribuidas estrat\u00e9gicamente para que siempre se escuchen. El \u00e9xito y permanencia se debe principalmente a la calidad en sus productos, as\u00ed como tambi\u00e9n en el buen servicio que ofrece. Y es que dentro de los restaurantes no hay c\u00e1maras de congelaci\u00f3n, lo que hace que sus productos siempre est\u00e9n frescos, porque los refrigeradores se vac\u00edan y\u00a0 llenan pr\u00e1cticamente diario. Entre los platillos estrella que podr\u00e1n encontrar en Los Canarios Insurgentes es el tradicional filete Chemita, as\u00ed como el p\u00e1mpano a la sal, adem\u00e1s\u00a0 tienen\u00a0 productos de temporada, para garantizar una excelente calidad, como los tradicionales chiles en nogada o los romeritos con tortitas de camar\u00f3n fresco.<\/p>\n<p><i>\u2730\u2730\u2730\u2730\u2730<\/i>\u00a0<b>Roberto Trauwitz Echeguren<\/b> fue designado por <b>Rafael Moreno Valle<\/b>, gobernador de Puebla, como nuevo secretario de Turismo en la entidad, <b>Trauwitz<\/b> ven\u00eda desempe\u00f1\u00e1ndose como director general de Grupo Pe-Tra, operadora mexicana. Es licenciado en econom\u00eda por el Tecnol\u00f3gico de Monterrey campus M\u00e9xico D.F. y ha realizado diversos diplomados en Negocios Internacionales y \u00c9tica de Negocios en la Universidad Pontifica de Comillas en Madrid, as\u00ed como Direcci\u00f3n y Gesti\u00f3n Tur\u00edstica en la Escuela Superior de Administraci\u00f3n y Direcci\u00f3n de Empresas de Barcelona; de igual forma en el Instituto Panamericano de Alta Direcci\u00f3n de Empresas, realiz\u00f3 un diplomado en Alta Direcci\u00f3n. En la industria tur\u00edstica, se desempe\u00f1\u00f3 del 2009 al 2012 como presidente de\u00a0 ExpoMayoristas de Viajes de M\u00e9xico y actualmente es tambi\u00e9n presidente de Skal Internacional Club ciudad de M\u00e9xico. Su principal objetivo al asumir este cargo, es elaborar pol\u00edticas y estrategias que fomenten y promuevan el turismo sustentable, as\u00ed como inversi\u00f3n que genere una derrama econ\u00f3mica para el estado. La Secretar\u00eda de Turismo del estado refrenda su compromiso por hacer de Puebla uno de los mejores destinos de M\u00e9xico, mediante acciones que fortalezcan y detonen el desarrollo de la entidad.<\/p>\n<div id=\"attachment_128393\" style=\"width: 250px\" class=\"wp-caption alignleft\"><a href=\"http:\/\/www.diarioimagen.net\/wp-content\/uploads\/2013\/04\/turismo-2077.jpg\"><img loading=\"lazy\" decoding=\"async\" aria-describedby=\"caption-attachment-128393\" class=\"size-medium wp-image-128393\" alt=\"Hacienda San Jos\u00e9 Lavista, en San Miguel de Allende.\" src=\"http:\/\/www.diarioimagen.net\/wp-content\/uploads\/2013\/04\/turismo-2077-240x135.jpg\" width=\"240\" height=\"135\" srcset=\"https:\/\/www.diarioimagen.net\/wp-content\/uploads\/2013\/04\/turismo-2077-240x135.jpg 240w, https:\/\/www.diarioimagen.net\/wp-content\/uploads\/2013\/04\/turismo-2077-420x236.jpg 420w, https:\/\/www.diarioimagen.net\/wp-content\/uploads\/2013\/04\/turismo-2077-235x132.jpg 235w, https:\/\/www.diarioimagen.net\/wp-content\/uploads\/2013\/04\/turismo-2077-202x114.jpg 202w, https:\/\/www.diarioimagen.net\/wp-content\/uploads\/2013\/04\/turismo-2077-350x196.jpg 350w, https:\/\/www.diarioimagen.net\/wp-content\/uploads\/2013\/04\/turismo-2077-220x123.jpg 220w, https:\/\/www.diarioimagen.net\/wp-content\/uploads\/2013\/04\/turismo-2077-237x132.jpg 237w, https:\/\/www.diarioimagen.net\/wp-content\/uploads\/2013\/04\/turismo-2077.jpg 480w\" sizes=\"auto, (max-width: 240px) 100vw, 240px\" \/><\/a><p id=\"caption-attachment-128393\" class=\"wp-caption-text\">Hacienda San Jos\u00e9 Lavista, en San Miguel de Allende.<\/p><\/div>\n<p><i>\u2730\u2730\u2730\u2730\u2730<\/i>\u00a0San Miguel de Allende ha logrado posicionarse a nivel mundial por su clima, su gente y sobre todo su arquitectura. Localizada a 7 km del famoso pueblo, en el kil\u00f3metro 10.2 del Nuevo Libramiento San Miguel Guanajuato, la Hacienda San Jos\u00e9 Lavista revive la esencia de la arquitectura colonial mexicana. Situada en una colina con vista a las luces de San Miguel y a la presa Allende; los arquitectos Jos\u00e9 Seoane y Pedro Urquiza lograron concebir un ambicioso proyecto iniciado desde cero en 2010. Retomando materiales antes usados en construcciones de este tipo; el adobe fue el protagonista de esta majestuosa construcci\u00f3n, que rescata varios principios de arquitectura, poniendo a prueba la nula estructura met\u00e1lica y los muros de m\u00e1s de 50 cm de ancho. Se utilizaron materiales y detalles que le dieron un toque actual, pero\u00a0 que a la vez envejecieron con dignidad cada uno de sus espacios para que cada detalle, lograra dar esa sensaci\u00f3n de estar como en casa, con las mejores instalaciones en todos los aspectos y las facilidades que se necesitan hoy en d\u00eda. Pensada para los rom\u00e1nticos que quieren casarse en este ambiente, la hacienda cuenta con su propia capilla rodeada de un lago que da el toque perfecto para ese d\u00eda tan especial. Siete suites, cada una con una vista asombrosa; una alberca que invita a pasar un fin de semana inolvidable y todas las comodidades,\u00a0 son el escenario perfecto para el gran d\u00eda. La estancia, sal\u00f3n de juegos, cava y terraza, recrean la atm\u00f3sfera\u00a0 de una hacienda antigua gracias a los objetos, piezas de arte y muebles coleccionados durante los \u00faltimos a\u00f1os para el proyecto. Sin duda alguna, cada espacio de las m\u00e1s de 10 hect\u00e1reas que conforman la Hacienda San Jos\u00e9 Lavista y sus vi\u00f1edos, son la combinaci\u00f3n perfecta entre tecnolog\u00eda, confort, buen gusto y un gran trabajo arquitect\u00f3nico.<i>\u00a0<\/i><\/p>\n<p><i><em><a href=\"mailto:victoriagprado@gmail.com\" target=\"_blank\">victoriagprado@gmail.com<\/a><\/em><\/i><\/p>\n<p>&nbsp;<\/p>\n","protected":false},"excerpt":{"rendered":"<p>Antillas y Caribe Sur es un crucero que iniciar\u00e1 muy pronto gracias a la alianza integrada por Maga Travel, Andante, Julia Tours, Decameron junto con  Copa Airlines y Pullmantur, que garantizan el mejor servicio al mejor precio.<\/p>\n","protected":false},"author":1,"featured_media":128393,"comment_status":"open","ping_status":"open","sticky":false,"template":"","format":"standard","meta":{"_monsterinsights_skip_tracking":false,"_monsterinsights_sitenote_active":false,"_monsterinsights_sitenote_note":"","_monsterinsights_sitenote_category":0,"footnotes":""},"categories":[11],"tags":[107,43681,106],"class_list":["post-128292","post","type-post","status-publish","format-standard","has-post-thumbnail","hentry","category-turismo","tag-de-cinco-estrellas","tag-turismo","tag-victoria-gonzalez-prado"],"_links":{"self":[{"href":"https:\/\/www.diarioimagen.net\/index.php?rest_route=\/wp\/v2\/posts\/128292","targetHints":{"allow":["GET"]}}],"collection":[{"href":"https:\/\/www.diarioimagen.net\/index.php?rest_route=\/wp\/v2\/posts"}],"about":[{"href":"https:\/\/www.diarioimagen.net\/index.php?rest_route=\/wp\/v2\/types\/post"}],"author":[{"embeddable":true,"href":"https:\/\/www.diarioimagen.net\/index.php?rest_route=\/wp\/v2\/users\/1"}],"replies":[{"embeddable":true,"href":"https:\/\/www.diarioimagen.net\/index.php?rest_route=%2Fwp%2Fv2%2Fcomments&post=128292"}],"version-history":[{"count":0,"href":"https:\/\/www.diarioimagen.net\/index.php?rest_route=\/wp\/v2\/posts\/128292\/revisions"}],"wp:featuredmedia":[{"embeddable":true,"href":"https:\/\/www.diarioimagen.net\/index.php?rest_route=\/wp\/v2\/media\/128393"}],"wp:attachment":[{"href":"https:\/\/www.diarioimagen.net\/index.php?rest_route=%2Fwp%2Fv2%2Fmedia&parent=128292"}],"wp:term":[{"taxonomy":"category","embeddable":true,"href":"https:\/\/www.diarioimagen.net\/index.php?rest_route=%2Fwp%2Fv2%2Fcategories&post=128292"},{"taxonomy":"post_tag","embeddable":true,"href":"https:\/\/www.diarioimagen.net\/index.php?rest_route=%2Fwp%2Fv2%2Ftags&post=128292"}],"curies":[{"name":"wp","href":"https:\/\/api.w.org\/{rel}","templated":true}]}}