{"id":128434,"date":"2013-04-17T00:07:57","date_gmt":"2013-04-17T05:07:57","guid":{"rendered":"http:\/\/www.diarioimagen.net\/?p=128434"},"modified":"2013-04-17T02:02:51","modified_gmt":"2013-04-17T07:02:51","slug":"cascada-de-reformas-en-el-poder-legislativo","status":"publish","type":"post","link":"https:\/\/www.diarioimagen.net\/?p=128434","title":{"rendered":"Cascada de reformas en el Poder Legislativo"},"content":{"rendered":"<h2>Tras la puerta del poder<\/h2>\n<h5>Roberto Vizca\u00edno<\/h5>\n<p>&nbsp;<\/p>\n<ul>\n<li><strong><i>Beltrones no desech\u00f3 la posibilidad de realizar periodos extraordinarios para sacar adelante el trabajo<\/i><\/strong><\/li>\n<li><strong><i>Esta semana los senadores discutir\u00e1n la controvertida reforma de telecomunicaciones<\/i><\/strong><\/li>\n<li><strong><i>Fausto Vallejo pedir\u00e1 licencia para ser operado, recuperarse y regresar al gobierno de Michoac\u00e1n<\/i><\/strong><\/li>\n<\/ul>\n<div id=\"attachment_128531\" style=\"width: 250px\" class=\"wp-caption alignleft\"><a href=\"http:\/\/www.diarioimagen.net\/wp-content\/uploads\/2013\/04\/EL-MARATON-trizas-2078.jpg\"><img loading=\"lazy\" decoding=\"async\" aria-describedby=\"caption-attachment-128531\" class=\"size-medium wp-image-128531\" alt=\"El marat\u00f3n... | Trizas\" src=\"http:\/\/www.diarioimagen.net\/wp-content\/uploads\/2013\/04\/EL-MARATON-trizas-2078-240x174.jpg\" width=\"240\" height=\"174\" srcset=\"https:\/\/www.diarioimagen.net\/wp-content\/uploads\/2013\/04\/EL-MARATON-trizas-2078-240x174.jpg 240w, https:\/\/www.diarioimagen.net\/wp-content\/uploads\/2013\/04\/EL-MARATON-trizas-2078-420x305.jpg 420w, https:\/\/www.diarioimagen.net\/wp-content\/uploads\/2013\/04\/EL-MARATON-trizas-2078-90x65.jpg 90w, https:\/\/www.diarioimagen.net\/wp-content\/uploads\/2013\/04\/EL-MARATON-trizas-2078.jpg 700w\" sizes=\"auto, (max-width: 240px) 100vw, 240px\" \/><\/a><p id=\"caption-attachment-128531\" class=\"wp-caption-text\">El marat\u00f3n&#8230; | Trizas<\/p><\/div>\n<p>Entramos en la parte final del per\u00edodo legislativo en curso y los grupos en el Senado y en la C\u00e1mara de Diputados se preparan para dar sus \u00faltimas batallas en medio de una cascada de reformas en tr\u00e1mite.<\/p>\n<p>En el Senado hoy habr\u00e1 reuni\u00f3n de comisiones para darle curso a una minuta de reforma de telecomunicaciones con cambios &#8211;respecto de lo que les enviaron los diputados&#8211;, para que el viernes le entren sin l\u00edmite de tiempo al debate y aprobaci\u00f3n del documento final.<\/p>\n<p>Ese mismo viernes, o el s\u00e1bado, la minuta resuelta de telecomunicaciones ser\u00e1 regresada a San L\u00e1zaro para que los diputados federales puedan revisarla y someterla a discusi\u00f3n, debate y aprobaci\u00f3n entre el lunes 22 y el martes 30 de este mes.<\/p>\n<p>El hecho es que la reforma de telecomunicaciones finalmente saldr\u00e1 con cambios al parecer importantes del Senado en una especie de conjura que pretende darles una lecci\u00f3n a los diputados, aunque sean de sus propios partidos.<\/p>\n<p>En medio de todo esto, como lo apuntamos ayer, existen los enredos de Ernesto Cordero y el grupo de senadores calderonista en contra de su dirigente Gustavo Madero y de los rencores del grupo lopezobradorista contra Jes\u00fas Zambrano.<\/p>\n<p align=\"center\"><b>IMSS-HACIENDA<\/b><\/p>\n<p>En San L\u00e1zaro por su parte los diputados se aprestan a dar una nueva contienda, esta vez por la iniciativa que es empujada por el coordinador de los pri\u00edstas, el sonorense Manlio Fabio Beltrones, a fin de que se homologuen los reportes de los salarios de los trabajadores que deben ser entregados por sus patrones al IMSS y al SAT.<\/p>\n<p>En este punto la iniciativa ha encontrado la resistencia de la fracci\u00f3n del PAN y un cabildeo muy persistente del presidente del Consejo Coordinador Empresarial, el oaxaque\u00f1o Gerardo Guti\u00e9rrez Candiani \u2013quien es empujado y candidateado por Di\u00f3doro Carrasco para competir por la gubernatura de Oaxaca en la siguiente contienda electoral&#8211;, quien ayer mismo anduvo convenciendo legisladores en San L\u00e1zaro.<\/p>\n<p>Candiani, a nombre de los patrones del pa\u00eds, pretende llevar a los diputados del PAN a impedir que sesione la comisi\u00f3n de Hacienda de la C\u00e1mara de Diputados, presidida por el blanquiazul zacatecano Jos\u00e9 Isabel \u00a0Trejo Reyes para evitar as\u00ed que pase la minuta sobre esta reforma.<\/p>\n<p>Al respecto dijo ayer el coordinador de los diputados tricolores:<\/p>\n<p>\u201cNadie tiene el derecho a impedir que una comisi\u00f3n sesione, sea miembro o integrante de la directiva. Nosotros seguiremos insistiendo en que la directiva de la Comisi\u00f3n de Hacienda sesione y resuelva lo conducente, como debe ser en democracia, por mayor\u00eda.<\/p>\n<p>\u201cDe tal suerte que estamos listos para votar esto que es la homologaci\u00f3n de criterios entre la Ley del Seguro Social y la Ley del Impuesto Sobre la Renta, para evitar que se declaren dos salarios distintos\u201d, indic\u00f3.<\/p>\n<p>Beltrones impulsa esta iniciativa porque hoy los patrones declaran un salario en la Secretar\u00eda de Hacienda y otro distinto del mismo trabajador en el Instituto Mexicano del Seguro Social.<\/p>\n<p>Este manejo doble repercute en que los patrones le dan menos dinero al IMSS y disminuyen sus pagos fiscales a trav\u00e9s de reportar un salario m\u00e1s alto en sus n\u00f3minas.<\/p>\n<p>\u201cY quien sale perdiendo es el Instituto Mexicano del Seguro Social, que lo que necesita son recursos para la inversi\u00f3n, para dar mejor atenci\u00f3n a los derechohabientes. Nosotros estamos del lado del Seguro Social\u201d, subraya el sonorense.<\/p>\n<p>La iniciativa podr\u00eda ser aprobada como la impulsa Beltrones, si es que los diputados del PRD la apoyan.<\/p>\n<p>Sobre eso indic\u00f3:<\/p>\n<p>\u201cLa mayor\u00eda de los integrantes de la Comisi\u00f3n, que pertenecen al Grupo Parlamentario del PRD nos han dicho que ellos est\u00e1n a favor de esta iniciativa; pero esto solamente lo podremos corroborar cuando sesione la Comisi\u00f3n y es por eso que nosotros urgimos a que la Comisi\u00f3n sesione de inmediato\u201d, dice.<\/p>\n<p>Pero la Comisi\u00f3n no sesiona y ya quedan pocos d\u00edas para que concluya el actual per\u00edodo.<\/p>\n<p>El sonorense coment\u00f3 que hoy no s\u00f3lo est\u00e1 entrampado en el tr\u00e1mite legislativo de la homologaci\u00f3n de las aportaciones al IMSS y al SAT, sino la Ley de Deuda P\u00fablica \u00a0de Estados y Municipios y varios otros asuntos.<\/p>\n<p>\u201cCreo que lo que tenemos como responsabilidad de aqu\u00ed al 30 de abril lo vamos a resolver con atingencia y con la importancia que merece cada uno de los casos.<\/p>\n<p>\u201c(Pero) Tememos en ciernes varias modificaciones Constitucionales: el 116 Constitucional, que es en materia de candidaturas independientes, para evitar que ya la Corte est\u00e9 resolviendo lo que debimos haber resuelto nosotros legislativamente.<\/p>\n<p>\u201cTenemos el 73 Constitucional, para reforzar la Ley de V\u00edctimas que el d\u00eda de hoy votamos; tenemos tambi\u00e9n el Art\u00edculo 27 Constitucional, para regularizar las propiedades de extranjeros en playas mexicanas, y acabar con la simulaci\u00f3n hip\u00f3crita con la que hemos actuado durante mucho tiempo, admiti\u00e9ndolos mediante subterfugios, como pueden ser prestanombres, o fideicomisos, o sociedades an\u00f3nimas, a diferencia de lo que ya sucede en todo el mundo, donde esto se admite.<\/p>\n<p>\u201cTambi\u00e9n tenemos una reforma Constitucional en materia de Arraigo, en donde intentamos modificar los t\u00e9rminos que, de manera abusiva, el gobierno ha utilizado en el pasado, para tener en arraigo por cerca de 80 d\u00edas a muchos de quienes posteriormente resultaron inocentes.<\/p>\n<p>\u201cEsta figura ha hecho que, sobre todo el Ministerio P\u00fablico, sea muy laxo en la investigaci\u00f3n, sabiendo que se puede atender a lo que es el mismo arraigo. Tenemos una f\u00f3rmula para reducir esos t\u00e9rminos, de tal suerte que, junto con la Ley del Seguro Social, la nueva Ley Minera, hay mucho material que estoy seguro lo podremos sacar adelante antes del 30 de abril.<\/p>\n<p>\u201cPero s\u00ed veo la posibilidad de periodos extraordinarios no nada m\u00e1s uno, sino cuantos sean necesarios para poder seguir avanzando en las reformas que est\u00e1 encabezando el gobierno del presidente Enrique Pe\u00f1a Nieto.<\/p>\n<p>\u201cYo conf\u00edo que todas las fuerzas pol\u00edticas atendamos la voluntad pol\u00edtica que tiene el Presidente de la Rep\u00fablica, Enrique Pe\u00f1a Nieto, la concertaci\u00f3n a la que nos han invitado alrededor del Pacto y la responsabilidad que tienen las c\u00e1maras que conforman el Congreso, de darle modernidad a M\u00e9xico y sobre todo progreso\u201d, indic\u00f3.<\/p>\n<p>Beltrones ve tambi\u00e9n un posible per\u00edodo extraordinario para sacar la Ley Reglamentaria de la Reforma Educativa.<\/p>\n<p>\u201cEs que no conozco ninguna iniciativa, entonces en qu\u00e9 nivel de la construcci\u00f3n de la misma se encuentra quien deba de hacerlo; si lo har\u00e1 la Secretar\u00eda de Educaci\u00f3n P\u00fablica, si lo har\u00e1 el Pacto por M\u00e9xico, si lo har\u00e1 alg\u00fan grupo parlamentario. En este caso el PRI, no\u201d, concluy\u00f3.<\/p>\n<p align=\"center\"><b>LICENCIA POR 3 MESES<\/b><\/p>\n<p>Sin aceptar decir que lo afecta, el gobernador de Michoac\u00e1n Fausto Vallejo finalmente sali\u00f3 a decir que pedir\u00e1 ma\u00f1ana jueves licencia por hasta 90 d\u00edas, es decir, tres meses, parea ser intervenido quir\u00fargicamente de una enfermedad que le exigir\u00e1 gran reposo y recuperaci\u00f3n.<\/p>\n<p>Por lo dem\u00e1s dijo que no renunciar\u00e1 y que todo lo solucionar\u00e1 con su equipo de colaboradores quienes se encargar\u00e1n de conducir a Michoac\u00e1n en el tiempo en el que est\u00e9 en hospitales.<\/p>\n<p><em><a href=\"mailto:rvizcaino@gmail.com\" target=\"_blank\">rvizcaino@gmail.com<\/a><\/em><\/p>\n<p>&nbsp;<\/p>\n","protected":false},"excerpt":{"rendered":"<p><span style=\"color: #005497;\"><strong>Roberto Vizca\u00edno<\/strong><\/span><\/p>\n","protected":false},"author":1,"featured_media":0,"comment_status":"open","ping_status":"open","sticky":false,"template":"","format":"standard","meta":{"_monsterinsights_skip_tracking":false,"_monsterinsights_sitenote_active":false,"_monsterinsights_sitenote_note":"","_monsterinsights_sitenote_category":0,"footnotes":""},"categories":[136],"tags":[43674,2357,93,94],"class_list":["post-128434","post","type-post","status-publish","format-standard","hentry","category-roberto-vizcaino-opinion","tag-opinion","tag-poder-legislativo","tag-roberto-vizcaino","tag-tras-la-puerta-del-poder"],"_links":{"self":[{"href":"https:\/\/www.diarioimagen.net\/index.php?rest_route=\/wp\/v2\/posts\/128434","targetHints":{"allow":["GET"]}}],"collection":[{"href":"https:\/\/www.diarioimagen.net\/index.php?rest_route=\/wp\/v2\/posts"}],"about":[{"href":"https:\/\/www.diarioimagen.net\/index.php?rest_route=\/wp\/v2\/types\/post"}],"author":[{"embeddable":true,"href":"https:\/\/www.diarioimagen.net\/index.php?rest_route=\/wp\/v2\/users\/1"}],"replies":[{"embeddable":true,"href":"https:\/\/www.diarioimagen.net\/index.php?rest_route=%2Fwp%2Fv2%2Fcomments&post=128434"}],"version-history":[{"count":0,"href":"https:\/\/www.diarioimagen.net\/index.php?rest_route=\/wp\/v2\/posts\/128434\/revisions"}],"wp:attachment":[{"href":"https:\/\/www.diarioimagen.net\/index.php?rest_route=%2Fwp%2Fv2%2Fmedia&parent=128434"}],"wp:term":[{"taxonomy":"category","embeddable":true,"href":"https:\/\/www.diarioimagen.net\/index.php?rest_route=%2Fwp%2Fv2%2Fcategories&post=128434"},{"taxonomy":"post_tag","embeddable":true,"href":"https:\/\/www.diarioimagen.net\/index.php?rest_route=%2Fwp%2Fv2%2Ftags&post=128434"}],"curies":[{"name":"wp","href":"https:\/\/api.w.org\/{rel}","templated":true}]}}