{"id":128634,"date":"2013-04-18T00:04:01","date_gmt":"2013-04-18T05:04:01","guid":{"rendered":"http:\/\/www.diarioimagen.net\/?p=128634"},"modified":"2013-04-18T02:04:20","modified_gmt":"2013-04-18T07:04:20","slug":"siempre-si","status":"publish","type":"post","link":"https:\/\/www.diarioimagen.net\/?p=128634","title":{"rendered":"Siempre s\u00ed"},"content":{"rendered":"<h2>Punto por punto<\/h2>\n<h5>Augusto Corro<\/h5>\n<p>&nbsp;<\/p>\n<p>Conforme pasa el tiempo, se agudiza la crisis en el gobierno en Michoac\u00e1n.<\/p>\n<p>Definitivamente, el gobernador se ausentar\u00e1 m\u00e1s de un mes del cargo porque se someter\u00e1 a una intervenci\u00f3n quir\u00fargica.<\/p>\n<p>Hace ocho d\u00edas, en este mismo espacio le dijimos, amable lector, que el mandatario estatal, Fausto Vallejo Figueroa, podr\u00eda separarse del cargo, debido a problemas de salud.\u00a0 Por cierto, solo \u00e9l sabe de la enfermedad que le aqueja. La licencia de Vallejo Figueroa para dejar\u00a0 su encargo ser\u00e1 de 60 a 90 d\u00edas, por lo que ser\u00e1 designado un mandatario interino.<\/p>\n<p>Los michoacanos no han podido vivir tranquilos.<\/p>\n<p>Antes de la administraci\u00f3n de Vallejo Figueroa, Michoac\u00e1n estuvo gobernado por dos perredistas: L\u00e1zaro C\u00e1rdenas Batel y Leonel Godoy.\u00a0 En esos dos sexenios, el narcotr\u00e1fico creci\u00f3 sin control alguno en la entidad.<\/p>\n<p>Grupos como \u201cLa Familia Michoacana\u201d o \u201cLos Caballeros Templarios\u201d, adem\u00e1s de otros c\u00e1rteles, se adue\u00f1aron de\u00a0 la entidad mencionada. El colmo de la influencia de la delincuencia organizada se not\u00f3 al ser descubierto el hermano de Leonel Godoy, Julio C\u00e9sar, como lugarteniente de \u201cLa Tuta\u201d, l\u00edder de \u201cLa Familia Michoacana\u201d. Felipe Calder\u00f3n Hinojosa, en su calidad de Presidente de la Rep\u00fablica y originario de Michoac\u00e1n, intent\u00f3 erradicar el narco en la regi\u00f3n.<\/p>\n<p>Con la intervenci\u00f3n de Calder\u00f3n, el ambiente pol\u00edtico, social y econ\u00f3mico se vici\u00f3. Ni siquiera su hermana Luisa Mar\u00eda Calder\u00f3n pudo ganar las elecciones para la gubernatura.<\/p>\n<p>No le fue bien con la guerra. La narcoviolencia se desat\u00f3 y nadie ha sido capaz de regresar a Michoac\u00e1n a la paz y a la tranquilidad que la poblaci\u00f3n disfrut\u00f3 en otras \u00e9pocas.<\/p>\n<p>Ante la llegada inminente del gobernador interino, los michoacanos empezar\u00e1n, otra vez, a buscar nuevos derroteros para\u00a0 superar la crisis que vive. Michoac\u00e1n es digno, a todas luces, de mejor suerte. \u00bfO no?<\/p>\n<p align=\"center\"><b>EN OAXACA<\/b><\/p>\n<p>En el gobierno oaxaque\u00f1o sigue la espiral\u00a0 de renuncias.<\/p>\n<p>El gobernador Gabino Cu\u00e9 Monteagudo acept\u00f3 las renuncias de los secretarios de Finanzas, Gerardo Cajiga Estrada, y de Desarrollo Agropecuario, Forestal, Pesca y Acuacultura, Salom\u00f3n Jara Cruz.\u00a0 Anteriormente, renunci\u00f3 a la Secretar\u00eda General de Gobierno, Jes\u00fas Mart\u00ednez \u00c1lvarez, un pol\u00edtico experimentado.\u00a0 En una carta que subi\u00f3 a su cuenta de Twitter, Mart\u00ednez Alvarez apunt\u00f3:<\/p>\n<p>\u201cCuando tuvo la gentileza de invitarme a formar parte de su administraci\u00f3n, estaba convencido de que contar\u00eda con su confianza; sin embargo, no fue as\u00ed, por ello, y por mi inter\u00e9s de servir a Oaxaca y a los oaxaque\u00f1os, acept\u00e9, estando consciente de los desaf\u00edos que tiene el estado\u201d.<\/p>\n<p>Indic\u00f3 que en diversas ocasiones constat\u00f3 que asuntos que ya deber\u00edan estar resueltos y otros que ya est\u00e1n en proceso de soluci\u00f3n, son reactivados por intereses internos, con el prop\u00f3sito de perjudicarlo.\u00a0 Sin embargo, la situaci\u00f3n en el gobierno de Oaxaca podr\u00eda ser otra, completamente diferente.\u00a0 Cu\u00e9 Monteagudo lleg\u00f3 al gobierno estatal como candidato de una coalici\u00f3n y no ha funcionado.<\/p>\n<p>M\u00e1s bien, el gobierno estatal ha servido para experimentar sobre el funcionamiento de los representantes de los diferentes partidos pol\u00edticos. Cambiar hasta en dos ocasiones al secretario general de Gobierno, s\u00f3lo \u00edndica que Cu\u00e9 Monteagudo no sabe lo que busca.\u00a0 Y echar a la calle al secretario de Finanzas, pues la situaci\u00f3n se agrava.\u00a0 Si\u00a0 Cu\u00e9 Monteagudo no le tiene confianza a ninguno de sus colaboradores, seguramente encontrar\u00e1 muchos obst\u00e1culos para gobernar.<\/p>\n<p>\u00bfQui\u00e9n es realmente el due\u00f1o del poder en Oaxaca? Hasta d\u00f3nde se ve est\u00e1 repartido en grupos que s\u00f3lo velan por sus intereses.<\/p>\n<p>El gobernador tiene su propio grupo, en las mismas condiciones se encuentra Ulises Ruiz Ortiz, el ex gobernador aprendiz de dictador y los dem\u00e1s partidos tambi\u00e9n tienen sus parcelas de poder.\u00a0 El pr\u00f3ximo mes de julio, en las elecciones locales se sabr\u00e1 c\u00f3mo ha gobernado Cu\u00e9 Monteagudo. Por ahora, si se trata de calificarlo, seguramente est\u00e1 reprobado.<\/p>\n<p><em><a href=\"mailto:aco2742@hotmail.com\" target=\"_blank\">aco2742@hotmail.com<\/a><\/em><\/p>\n","protected":false},"excerpt":{"rendered":"<p><span style=\"color: #005497;\"><strong>Augusto Corro<\/strong><\/span><\/p>\n","protected":false},"author":1,"featured_media":0,"comment_status":"open","ping_status":"open","sticky":false,"template":"","format":"standard","meta":{"_monsterinsights_skip_tracking":false,"_monsterinsights_sitenote_active":false,"_monsterinsights_sitenote_note":"","_monsterinsights_sitenote_category":0,"footnotes":""},"categories":[157],"tags":[43686,803,43674,11515],"class_list":["post-128634","post","type-post","status-publish","format-standard","hentry","category-augusto-corro","tag-augusto-corro","tag-michoacan","tag-opinion","tag-punto-por-punto"],"_links":{"self":[{"href":"https:\/\/www.diarioimagen.net\/index.php?rest_route=\/wp\/v2\/posts\/128634","targetHints":{"allow":["GET"]}}],"collection":[{"href":"https:\/\/www.diarioimagen.net\/index.php?rest_route=\/wp\/v2\/posts"}],"about":[{"href":"https:\/\/www.diarioimagen.net\/index.php?rest_route=\/wp\/v2\/types\/post"}],"author":[{"embeddable":true,"href":"https:\/\/www.diarioimagen.net\/index.php?rest_route=\/wp\/v2\/users\/1"}],"replies":[{"embeddable":true,"href":"https:\/\/www.diarioimagen.net\/index.php?rest_route=%2Fwp%2Fv2%2Fcomments&post=128634"}],"version-history":[{"count":0,"href":"https:\/\/www.diarioimagen.net\/index.php?rest_route=\/wp\/v2\/posts\/128634\/revisions"}],"wp:attachment":[{"href":"https:\/\/www.diarioimagen.net\/index.php?rest_route=%2Fwp%2Fv2%2Fmedia&parent=128634"}],"wp:term":[{"taxonomy":"category","embeddable":true,"href":"https:\/\/www.diarioimagen.net\/index.php?rest_route=%2Fwp%2Fv2%2Fcategories&post=128634"},{"taxonomy":"post_tag","embeddable":true,"href":"https:\/\/www.diarioimagen.net\/index.php?rest_route=%2Fwp%2Fv2%2Ftags&post=128634"}],"curies":[{"name":"wp","href":"https:\/\/api.w.org\/{rel}","templated":true}]}}