{"id":128659,"date":"2013-04-18T00:05:35","date_gmt":"2013-04-18T05:05:35","guid":{"rendered":"http:\/\/www.diarioimagen.net\/?p=128659"},"modified":"2013-04-19T03:30:10","modified_gmt":"2013-04-19T08:30:10","slug":"coordinacion-la-clave-para-combatir-violencia-pena-nieto","status":"publish","type":"post","link":"https:\/\/www.diarioimagen.net\/?p=128659","title":{"rendered":"Coordinaci\u00f3n, la clave para combatir violencia: Pe\u00f1a Nieto"},"content":{"rendered":"<ul>\n<li><em><strong>El Presidente recuerda a funcionarios que el combate al crimen es responsabilidad de todos los \u00f3rdenes de gobierno<\/strong><\/em><\/li>\n<\/ul>\n<h6>Roberto Vizca\u00edno<\/h6>\n<div id=\"attachment_128701\" style=\"width: 250px\" class=\"wp-caption alignleft\"><a href=\"http:\/\/www.diarioimagen.net\/wp-content\/uploads\/2013\/04\/epn-2079.jpg\"><img loading=\"lazy\" decoding=\"async\" aria-describedby=\"caption-attachment-128701\" class=\"size-medium wp-image-128701\" alt=\"El presidente Enrique Pe\u00f1a Nieto realiz\u00f3 ayer una gira por su entidad natal, el Estado de M\u00e9xico, donde entreg\u00f3 varias plazas y rindi\u00f3 homenaje al Ej\u00e9rcito.\" src=\"http:\/\/www.diarioimagen.net\/wp-content\/uploads\/2013\/04\/epn-2079-240x135.jpg\" width=\"240\" height=\"135\" srcset=\"https:\/\/www.diarioimagen.net\/wp-content\/uploads\/2013\/04\/epn-2079-240x135.jpg 240w, https:\/\/www.diarioimagen.net\/wp-content\/uploads\/2013\/04\/epn-2079-420x236.jpg 420w, https:\/\/www.diarioimagen.net\/wp-content\/uploads\/2013\/04\/epn-2079-235x132.jpg 235w, https:\/\/www.diarioimagen.net\/wp-content\/uploads\/2013\/04\/epn-2079-202x114.jpg 202w, https:\/\/www.diarioimagen.net\/wp-content\/uploads\/2013\/04\/epn-2079-350x196.jpg 350w, https:\/\/www.diarioimagen.net\/wp-content\/uploads\/2013\/04\/epn-2079-220x123.jpg 220w, https:\/\/www.diarioimagen.net\/wp-content\/uploads\/2013\/04\/epn-2079-237x132.jpg 237w, https:\/\/www.diarioimagen.net\/wp-content\/uploads\/2013\/04\/epn-2079.jpg 480w\" sizes=\"auto, (max-width: 240px) 100vw, 240px\" \/><\/a><p id=\"caption-attachment-128701\" class=\"wp-caption-text\">El presidente Enrique Pe\u00f1a Nieto realiz\u00f3 ayer una gira por su entidad natal, el Estado de M\u00e9xico, donde entreg\u00f3 varias plazas y rindi\u00f3 homenaje al Ej\u00e9rcito.<\/p><\/div>\n<p><strong>Huixquilucan, Estado de M\u00e9xico.-<\/strong> El presidente Enrique Pe\u00f1a Nieto reiter\u00f3 ayer aqu\u00ed que su principal prop\u00f3sito y objetivo es el de \u201creducir los niveles de violencia y garantizar la tranquilidad y paz social en M\u00e9xico\u201d y les record\u00f3 a gobernadores y alcaldes que esta responsabilidad y compromiso sociales no es s\u00f3lo del Ejecutivo federal, sino de todos los \u00f3rdenes del Estado mexicano.<\/p>\n<p>\u201cY cuando hablo del Estado mexicano me refiero a los tres \u00f3rdenes de gobierno, al gobierno federal, estatal y municipal; me refiero a los distintos poderes de la Uni\u00f3n: al Poder Ejecutivo, al Legislativo y al Poder Judicial. Todos debemos estar inmersos y comprometidos en la tarea de brindarle a la ciudadan\u00eda seguridad y asegurar y velar por un Estado de justicia para todos los mexicanos\u2026<\/p>\n<p>\u201cSi materializamos y hacemos realidad las distintas acciones encaminadas a la prevenci\u00f3n, y logramos una efectiva, real y comprometida coordinaci\u00f3n, los mexicanos pueden tener la certeza y la seguridad de que muy pronto veremos reducidos estos \u00edndices de criminalidad y lograremos lo que nos hemos propuesto: el M\u00e9xico de paz y de tranquilidad para todos los mexicanos\u201d, enfatiz\u00f3.<\/p>\n<p>Previamente, en Cuautitl\u00e1n Izcalli, encabez\u00f3 la inauguraci\u00f3n de la de la Plaza Estado de M\u00e9xico, en el municipio de Cuautitl\u00e1n Izcalli en homenaje al Ej\u00e9rcito y la Fuerza A\u00e9rea Mexicana, al tiempo que cancel\u00f3 el timbre postal conmemorativo al Centenario del Ej\u00e9rcito Mexicano.<\/p>\n<p>Durante este evento, el jefe del Ejecutivo federal realiz\u00f3 un recorrido por el t\u00fanel tem\u00e1tico y las instalaciones de la plaza inaugurada, acompa\u00f1ado por el gobernador Eruviel \u00c1vila Villegas; el general Salvador Cienfuegos Zepeda, secretario de la Defensa Nacional; el almirante Vidal Francisco Sober\u00f3n Sanz, secretario de la Marina Armada de M\u00e9xico; y Aurelio Nu\u00f1o Mayer, jefe de la Oficina de la Presidencia de la Rep\u00fablica y enlace del Presidente de la Rep\u00fablica con el gobierno del Estado de M\u00e9xico.<\/p>\n<p>Ah\u00ed expres\u00f3 su reconocimiento al Ej\u00e9rcito mexicano, del cual dijo: \u201ces una instituci\u00f3n de prestigio, de orden, que sin duda ha sido un baluarte fundamental en la construcci\u00f3n del Estado mexicano y del desarrollo del pa\u00eds. Vayan mis palabras de agradecimiento y reconocimiento a todos los miembros del Ej\u00e9rcito mexicano, que todos los d\u00edas procuran y dan lo mejor de s\u00ed para servir a la naci\u00f3n entera\u201d.<\/p>\n<p>Luego, al recordar las l\u00edneas de acci\u00f3n para la seguridad p\u00fablica del pa\u00eds, destac\u00f3 que \u201cla prevenci\u00f3n social del delito es un programa que el gobierno ha instaurado a trav\u00e9s de distintas acciones, con una importante inversi\u00f3n de recursos del orden de 118 mil millones de pesos, en programas que corren entre distintas dependencias del gobierno de la Rep\u00fablica y en estrecha coordinaci\u00f3n con los otros \u00f3rdenes de gobierno.<\/p>\n<p>\u201cAnhelamos ser una sociedad de pleno derecho, una sociedad donde se privilegie el Estado de derecho, y en ella debe caber la salvaguarda a los derechos humanos. En la actuaci\u00f3n de las instituciones de seguridad p\u00fablica, en la actuaci\u00f3n de las \u00e1reas de administraci\u00f3n y de procuraci\u00f3n de justicia, una premisa fundamental es salvaguardar los derechos humanos de todo mexicano\u201d, dijo.<\/p>\n<p>Luego, durante la entrega de equipamiento a la Secretar\u00eda de Seguridad Ciudadana y la Procuradur\u00eda de Justicia del Estado de M\u00e9xico, el presidente Pe\u00f1a Nieto insisti\u00f3 en uno de los grandes objetivos nacionales de los que su gobierno habr\u00e1 de ocuparse \u201ces asegurar un M\u00e9xico de paz, de armon\u00eda y de tranquilidad, donde las fuerzas del orden, las instituciones de seguridad p\u00fablica, de procuraci\u00f3n y administraci\u00f3n de justicia puedan ampliar su capacidad institucional para servir a los mexicanos y que ello permita asegurar el clima de paz y armon\u00eda entre la sociedad mexicana\u201d.<\/p>\n<p>Precis\u00f3 que no s\u00f3lo se debe trabajar en el equipamiento a las fuerzas de seguridad, sino tambi\u00e9n en asegurar que el Poder Judicial, al momento de aplicar la ley, pueda hacerlo de manera \u00e1gil y amparado en la ley. Por eso, agreg\u00f3, \u201ctenemos que acelerar el proceso para instrumentar la oralidad en los juicios penales\u201d.<\/p>\n<p>Record\u00f3 que actualmente s\u00f3lo tres entidades del pa\u00eds se encuentran en esta condici\u00f3n, entre ellas el Estado de M\u00e9xico.<\/p>\n<p>\u201cVamos a acelerar este proceso para que todo el pa\u00eds, todas sus entidades y el orden federal, es decir la justicia federal, pueda ser oral, adversarial y acusatoria, como lo prev\u00e9 la Constituci\u00f3n General de la Rep\u00fablica, y que de esa manera podamos asegurar una justicia pronta y expedita y darle mayor soporte a las investigaciones\u201d.<\/p>\n<p>En su oportunidad el gobernador Eruviel \u00c1vila indic\u00f3 que los veh\u00edculos y el equipamiento que les entreg\u00f3 el presidente Pe\u00f1a Nieto fueron adquiridos con recursos del gobierno federal, y afirm\u00f3 que, sin duda alguna, \u201cnos dar\u00e1n m\u00e1s y mejor capacidades para poder enfrentar a la delincuencia\u201d.<\/p>\n<p>Destac\u00f3 que, con ello, se demuestra que el Estado est\u00e1 mucho m\u00e1s organizado que la delincuencia, al tiempo que consider\u00f3 que con el apoyo del Presidente de la Rep\u00fablica y \u201ctrabajando en equipo, con todas y todos los presidentes municipales y, desde luego, el gobierno del estado, vamos a darle al Estado de M\u00e9xico la paz y la tranquilidad que se necesita\u201d.<\/p>\n<p>Precis\u00f3 que \u201cno es f\u00e1cil; no es de un d\u00eda para otro\u201d, pero puntualiz\u00f3 que \u201cse est\u00e1n tomando las determinaciones con seriedad desde el \u00e1mbito federal y, desde luego, en el \u00e1mbito local\u201d.<\/p>\n<p>En ese sentido, dijo que otra l\u00ednea para alcanzar el M\u00e9xico en paz es el relacionado a la prevenci\u00f3n social del delito, y expres\u00f3 que \u201ccomo bien dec\u00eda el se\u00f1or Presidente: hay que ser m\u00e1s proactivos que reactivos. Ni todas las patrullas, ni todas las armas, ni todos los polic\u00edas van a ser suficientes para combatir la inseguridad, si no le apostamos a la educaci\u00f3n, a la recreaci\u00f3n, al deporte\u201d.<\/p>\n<p>Durante ambos eventos el Presidente agradeci\u00f3 a todos los asistentes su presencia y les record\u00f3 que \u00e9l forma parte de este estado.<\/p>\n<p>\u201cLes hemos entregado en una suma de recursos, tanto del gobierno estatal, como del gobierno federal, patrullas, equipamiento, armas, para que cumplan con su deber los servidores p\u00fablicos que est\u00e1n dentro de estas dependencias de la seguridad p\u00fablica del Estado de M\u00e9xico.<\/p>\n<p>\u201cY esto se enmarca en las distintas acciones que el gobierno de la Rep\u00fablica ha comprometido para asegurar un M\u00e9xico de paz y un M\u00e9xico de tranquilidad.<\/p>\n<p>\u201cQuiero s\u00f3lo recordar con ustedes, que desde el inicio de mi gobierno, con toda claridad y con toda puntualidad, dej\u00e9 muy en claro ante los mexicanos cu\u00e1les son cinco grandes objetivos de los que mi Gobierno habr\u00e1 de ocuparse\u201d.<\/p>\n<p>Y los enumer\u00f3: el primero, alcanzar un M\u00e9xico de paz; el segundo lograr una educaci\u00f3n de calidad; el tercero un M\u00e9xico incluyente; el cuarto un M\u00e9xico pr\u00f3spero y el quinto, un M\u00e9xico global.<\/p>\n<p>En el segundo, agreg\u00f3, \u201cestamos trabajando, y hemos convocado a las maestras y maestros de M\u00e9xico, y a los padres de familia, para que podamos instrumentar la nueva reforma constitucional, y la que derive de ella, para asegurar una educaci\u00f3n de calidad\u201d.<\/p>\n<p>Se\u00f1alo que los cinco objetivos tienen que ver con las lecciones del mundo las cuales, dijo, \u201cson muy claras\u201d.<\/p>\n<p>\u201cLos pa\u00edses que han logrado mayor desarrollo entre su sociedad, aquellos que realmente han abatido los niveles de pobreza, aquellos que han logrado condiciones de mayor seguridad, son aquellos que han venido creciendo de manera importante en los \u00faltimos a\u00f1os.<\/p>\n<p>Y por ello consider\u00f3 que M\u00e9xico no puede vivir encerrado en s\u00ed mismo.<\/p>\n<p>\u201cM\u00e9xico tiene que participar de las grandes causas de la humanidad, y tiene que asumir actitud mucho m\u00e1s protag\u00f3nica y de mayor responsabilidad y de solidaridad con las grandes causas de la humanidad\u201d, concluy\u00f3.<\/p>\n<p>&nbsp;<\/p>\n","protected":false},"excerpt":{"rendered":"<p><span style=\"color: #005497;\"><strong>Roberto Vizca\u00edno<\/strong><\/span><br \/>\n<br \/>\nEl presidente Enrique Pe\u00f1a Nieto reiter\u00f3 ayer aqu\u00ed que su principal prop\u00f3sito y objetivo es el de \u201creducir los niveles de violencia y garantizar la tranquilidad y paz social en M\u00e9xico\u201d y les record\u00f3 a gobernadores y alcaldes que esta responsabilidad y compromiso sociales no es s\u00f3lo del Ejecutivo federal, sino de todos los \u00f3rdenes del Estado mexicano.<\/p>\n","protected":false},"author":1,"featured_media":128701,"comment_status":"open","ping_status":"open","sticky":false,"template":"","format":"standard","meta":{"_monsterinsights_skip_tracking":false,"_monsterinsights_sitenote_active":false,"_monsterinsights_sitenote_note":"","_monsterinsights_sitenote_category":0,"footnotes":""},"categories":[17,3],"tags":[18,5828,1097,43673,5066],"class_list":["post-128659","post","type-post","status-publish","format-standard","has-post-thumbnail","hentry","category-especiales","category-nacional","tag-enrique-pena-nieto","tag-eruviel-avila-villegas","tag-huixquilucan","tag-nacional","tag-violencia"],"_links":{"self":[{"href":"https:\/\/www.diarioimagen.net\/index.php?rest_route=\/wp\/v2\/posts\/128659","targetHints":{"allow":["GET"]}}],"collection":[{"href":"https:\/\/www.diarioimagen.net\/index.php?rest_route=\/wp\/v2\/posts"}],"about":[{"href":"https:\/\/www.diarioimagen.net\/index.php?rest_route=\/wp\/v2\/types\/post"}],"author":[{"embeddable":true,"href":"https:\/\/www.diarioimagen.net\/index.php?rest_route=\/wp\/v2\/users\/1"}],"replies":[{"embeddable":true,"href":"https:\/\/www.diarioimagen.net\/index.php?rest_route=%2Fwp%2Fv2%2Fcomments&post=128659"}],"version-history":[{"count":0,"href":"https:\/\/www.diarioimagen.net\/index.php?rest_route=\/wp\/v2\/posts\/128659\/revisions"}],"wp:featuredmedia":[{"embeddable":true,"href":"https:\/\/www.diarioimagen.net\/index.php?rest_route=\/wp\/v2\/media\/128701"}],"wp:attachment":[{"href":"https:\/\/www.diarioimagen.net\/index.php?rest_route=%2Fwp%2Fv2%2Fmedia&parent=128659"}],"wp:term":[{"taxonomy":"category","embeddable":true,"href":"https:\/\/www.diarioimagen.net\/index.php?rest_route=%2Fwp%2Fv2%2Fcategories&post=128659"},{"taxonomy":"post_tag","embeddable":true,"href":"https:\/\/www.diarioimagen.net\/index.php?rest_route=%2Fwp%2Fv2%2Ftags&post=128659"}],"curies":[{"name":"wp","href":"https:\/\/api.w.org\/{rel}","templated":true}]}}