{"id":128680,"date":"2013-04-18T00:06:51","date_gmt":"2013-04-18T05:06:51","guid":{"rendered":"http:\/\/www.diarioimagen.net\/?p=128680"},"modified":"2013-04-18T02:20:46","modified_gmt":"2013-04-18T07:20:46","slug":"mexico-supero-con-exito-la-crisis-financiera-omc","status":"publish","type":"post","link":"https:\/\/www.diarioimagen.net\/?p=128680","title":{"rendered":"M\u00e9xico super\u00f3 con \u00e9xito la crisis financiera: OMC"},"content":{"rendered":"<ul>\n<li><em><strong>El organismo internacional destaca que fue por la aplicaci\u00f3n de pol\u00edticas fiscales y monetarias anticiclicas<\/strong><\/em><\/li>\n<\/ul>\n<div id=\"attachment_128735\" style=\"width: 250px\" class=\"wp-caption alignleft\"><a href=\"http:\/\/www.diarioimagen.net\/wp-content\/uploads\/2013\/04\/OMC-2079.jpg\"><img loading=\"lazy\" decoding=\"async\" aria-describedby=\"caption-attachment-128735\" class=\"size-medium wp-image-128735\" alt=\"Pascal Lamy, director general de la Organizaci\u00f3n Mundial de Comercio, da a conocer resultados del crecimiento del comercio mundial.\" src=\"http:\/\/www.diarioimagen.net\/wp-content\/uploads\/2013\/04\/OMC-2079-240x135.jpg\" width=\"240\" height=\"135\" srcset=\"https:\/\/www.diarioimagen.net\/wp-content\/uploads\/2013\/04\/OMC-2079-240x135.jpg 240w, https:\/\/www.diarioimagen.net\/wp-content\/uploads\/2013\/04\/OMC-2079-420x236.jpg 420w, https:\/\/www.diarioimagen.net\/wp-content\/uploads\/2013\/04\/OMC-2079-235x132.jpg 235w, https:\/\/www.diarioimagen.net\/wp-content\/uploads\/2013\/04\/OMC-2079-202x114.jpg 202w, https:\/\/www.diarioimagen.net\/wp-content\/uploads\/2013\/04\/OMC-2079-350x196.jpg 350w, https:\/\/www.diarioimagen.net\/wp-content\/uploads\/2013\/04\/OMC-2079-220x123.jpg 220w, https:\/\/www.diarioimagen.net\/wp-content\/uploads\/2013\/04\/OMC-2079-237x132.jpg 237w, https:\/\/www.diarioimagen.net\/wp-content\/uploads\/2013\/04\/OMC-2079.jpg 480w\" sizes=\"auto, (max-width: 240px) 100vw, 240px\" \/><\/a><p id=\"caption-attachment-128735\" class=\"wp-caption-text\">Pascal Lamy, director general de la Organizaci\u00f3n Mundial de Comercio, da a conocer resultados del crecimiento del comercio mundial.<\/p><\/div>\n<p><strong>Ginebra, Suiza.-<\/strong> La Organizaci\u00f3n Mundial de Comercio (OMC) reconoci\u00f3 que la econom\u00eda mexicana super\u00f3 con \u00e9xito la crisis financiera global de 2008-2009 con pol\u00edticas fiscales y monetarias antic\u00edclicas y el apoyo de la demanda interna y las exportaciones.<\/p>\n<p>\u201cLos Estados miembros destacaron que M\u00e9xico sali\u00f3 fortalecido de la crisis financiera y aplaudieron el esfuerzo que hizo el pa\u00eds para sortear la crisis y continuar hacia adelante mostrando en todo momento un fuerte compromiso con el sistema multilateral de comercio\u201d, dijeron fuentes diplom\u00e1ticas cercanas a la OMC.<\/p>\n<p>Las fuentes consultadas asistieron al Examen de la Pol\u00edtica Comercial de M\u00e9xico que se lleva a cabo a partir de este mi\u00e9rcoles y hasta el pr\u00f3ximo viernes en la sede del organismo en Ginebra.<\/p>\n<p>Los miembros de la OMC destacaron las reformas impulsadas por el presidente Enrique Pe\u00f1a Nieto en los sectores de educaci\u00f3n y telecomunicaciones, entre otras.<\/p>\n<p>El Informe sobre la Pol\u00edtica Comercial de M\u00e9xico realizado por la OMC destac\u00f3 que M\u00e9xico desde su \u00faltimo examen, en 2008, \u201cha puesto en marcha un programa de liberalizaci\u00f3n unilateral que se extiende de 2009 a 2013 y reduce los aranceles aplicables a una amplia gama de productos manufacturados\u201d. Subray\u00f3 que \u201cesto es digno de menci\u00f3n\u201d.<\/p>\n<p>\u201cM\u00e9xico fue uno de los pocos pa\u00edses que redujeron sustancialmente los aranceles tras la crisis financiera global, que afect\u00f3 considerablemente a la econom\u00eda mexicana. El cambio m\u00e1s importante tuvo lugar en 2010, cuando se eliminaron los aranceles correspondientes a tres mil 852 l\u00edneas arancelarias\u201d, agreg\u00f3.<\/p>\n<p>\u201cDurante el mismo per\u00edodo, M\u00e9xico simplific\u00f3 su estructura arancelaria reduciendo el n\u00famero de niveles arancelarios de 88 a 28\u201d, indic\u00f3.<\/p>\n<p>&nbsp;<\/p>\n","protected":false},"excerpt":{"rendered":"<p>La Organizaci\u00f3n Mundial de Comercio (OMC) reconoci\u00f3 que la econom\u00eda mexicana super\u00f3 con \u00e9xito la crisis financiera global de 2008-2009 con pol\u00edticas fiscales y monetarias antic\u00edclicas y el apoyo de la demanda interna y las exportaciones.<\/p>\n","protected":false},"author":1,"featured_media":128735,"comment_status":"open","ping_status":"open","sticky":false,"template":"","format":"standard","meta":{"_monsterinsights_skip_tracking":false,"_monsterinsights_sitenote_active":false,"_monsterinsights_sitenote_note":"","_monsterinsights_sitenote_category":0,"footnotes":""},"categories":[3],"tags":[43673,26766,1194],"class_list":["post-128680","post","type-post","status-publish","format-standard","has-post-thumbnail","hentry","category-nacional","tag-nacional","tag-organizacion-mundial-de-comercio","tag-suiza"],"_links":{"self":[{"href":"https:\/\/www.diarioimagen.net\/index.php?rest_route=\/wp\/v2\/posts\/128680","targetHints":{"allow":["GET"]}}],"collection":[{"href":"https:\/\/www.diarioimagen.net\/index.php?rest_route=\/wp\/v2\/posts"}],"about":[{"href":"https:\/\/www.diarioimagen.net\/index.php?rest_route=\/wp\/v2\/types\/post"}],"author":[{"embeddable":true,"href":"https:\/\/www.diarioimagen.net\/index.php?rest_route=\/wp\/v2\/users\/1"}],"replies":[{"embeddable":true,"href":"https:\/\/www.diarioimagen.net\/index.php?rest_route=%2Fwp%2Fv2%2Fcomments&post=128680"}],"version-history":[{"count":0,"href":"https:\/\/www.diarioimagen.net\/index.php?rest_route=\/wp\/v2\/posts\/128680\/revisions"}],"wp:featuredmedia":[{"embeddable":true,"href":"https:\/\/www.diarioimagen.net\/index.php?rest_route=\/wp\/v2\/media\/128735"}],"wp:attachment":[{"href":"https:\/\/www.diarioimagen.net\/index.php?rest_route=%2Fwp%2Fv2%2Fmedia&parent=128680"}],"wp:term":[{"taxonomy":"category","embeddable":true,"href":"https:\/\/www.diarioimagen.net\/index.php?rest_route=%2Fwp%2Fv2%2Fcategories&post=128680"},{"taxonomy":"post_tag","embeddable":true,"href":"https:\/\/www.diarioimagen.net\/index.php?rest_route=%2Fwp%2Fv2%2Ftags&post=128680"}],"curies":[{"name":"wp","href":"https:\/\/api.w.org\/{rel}","templated":true}]}}