{"id":128826,"date":"2013-04-19T00:03:50","date_gmt":"2013-04-19T05:03:50","guid":{"rendered":"http:\/\/www.diarioimagen.net\/?p=128826"},"modified":"2013-04-22T02:57:48","modified_gmt":"2013-04-22T07:57:48","slug":"acuerdan-tsjdf-pgr-y-sre-proteger-a-menores","status":"publish","type":"post","link":"https:\/\/www.diarioimagen.net\/?p=128826","title":{"rendered":"Acuerdan TSJDF, PGR y SRE proteger a menores"},"content":{"rendered":"<ul>\n<li><em><strong>Firman el Convenio de Colaboraci\u00f3n en Materia de Adopci\u00f3n y Restituci\u00f3n Internacional de Menores<\/strong><\/em><\/li>\n<\/ul>\n<div id=\"attachment_128892\" style=\"width: 250px\" class=\"wp-caption alignleft\"><a href=\"http:\/\/www.diarioimagen.net\/wp-content\/uploads\/2013\/04\/elias-2080.jpg\"><img loading=\"lazy\" decoding=\"async\" aria-describedby=\"caption-attachment-128892\" class=\"size-medium wp-image-128892\" alt=\"Jes\u00fas Murillo Karam, Edgar El\u00edas Azar y Jos\u00e9 Antonio Meade, procurador general, presidente del TSJDF y canciller, despu\u00e9s de firmar el convenio.\" src=\"http:\/\/www.diarioimagen.net\/wp-content\/uploads\/2013\/04\/elias-2080-240x135.jpg\" width=\"240\" height=\"135\" srcset=\"https:\/\/www.diarioimagen.net\/wp-content\/uploads\/2013\/04\/elias-2080-240x135.jpg 240w, https:\/\/www.diarioimagen.net\/wp-content\/uploads\/2013\/04\/elias-2080-420x236.jpg 420w, https:\/\/www.diarioimagen.net\/wp-content\/uploads\/2013\/04\/elias-2080-235x132.jpg 235w, https:\/\/www.diarioimagen.net\/wp-content\/uploads\/2013\/04\/elias-2080-202x114.jpg 202w, https:\/\/www.diarioimagen.net\/wp-content\/uploads\/2013\/04\/elias-2080-350x196.jpg 350w, https:\/\/www.diarioimagen.net\/wp-content\/uploads\/2013\/04\/elias-2080-220x123.jpg 220w, https:\/\/www.diarioimagen.net\/wp-content\/uploads\/2013\/04\/elias-2080-237x132.jpg 237w, https:\/\/www.diarioimagen.net\/wp-content\/uploads\/2013\/04\/elias-2080.jpg 480w\" sizes=\"auto, (max-width: 240px) 100vw, 240px\" \/><\/a><p id=\"caption-attachment-128892\" class=\"wp-caption-text\">Jes\u00fas Murillo Karam, Edgar El\u00edas Azar y Jos\u00e9 Antonio Meade, procurador general, presidente del TSJDF y canciller, despu\u00e9s de firmar el convenio.<\/p><\/div>\n<p>Con la coincidencia en la importancia del respeto al inter\u00e9s superior del menor y de la necesidad de conjuntar esfuerzos a favor lograr el desarrollo libre de la personalidad de los ni\u00f1os, se firm\u00f3 el Convenio de Colaboraci\u00f3n en Materia de Adopci\u00f3n y Restituci\u00f3n Internacional de Menores entre la Red Mexicana de Cooperaci\u00f3n Judicial para la Protecci\u00f3n de la Ni\u00f1ez, la Procuradur\u00eda General de la Rep\u00fablica y la Secretar\u00eda de Relaciones Exteriores.<\/p>\n<p>Mediante este mecanismo se coordinar\u00e1n los esfuerzos para asegurar la adecuada protecci\u00f3n y defensa de los derechos humanos de los ni\u00f1os involucrados en procesos de adopci\u00f3n y restituci\u00f3n internacional, se precis\u00f3 en la inauguraci\u00f3n de la Cuarta Reuni\u00f3n de la Red Mexicana de Cooperaci\u00f3n Judicial para la Protecci\u00f3n de la Ni\u00f1ez, en la que se destac\u00f3 el papel de M\u00e9xico con su responsabilidad global a favor de los infantes, y en la que se efectu\u00f3 la firma del convenio.<\/p>\n<p>En la sede del Tribunal Superior de Justicia del Distrito Federal (TSJDF), su presidente, magistrado Edgar El\u00edas Azar, se refiri\u00f3 a la participaci\u00f3n en la red del total de los poderes judiciales de las entidades federativas, y a\u00f1adi\u00f3 que hoy se cuenta con los elementos fundamentales indispensables para encarar los retos en la materia, gracias al trabajo ya desarrollado desde que se constituy\u00f3 el organismo.<\/p>\n<p>Enfatiz\u00f3 que es deber del Estado promover y garantizar la efectiva protecci\u00f3n igualitaria de los derechos humanos, y, en virtud de ello, se reconoce la existencia de protecciones jur\u00eddicas y derechos espec\u00edficos de ciertos grupos, como el de los ni\u00f1os.<\/p>\n<p>El\u00edas Azar dijo que el inter\u00e9s superior del ni\u00f1o es un concepto jur\u00eddico relativo al tiempo y al espacio, el cual debe ser interpretado como una noci\u00f3n a largo plazo, conectado con un proyecto de vida, y se refiri\u00f3 en espec\u00edfico a la importancia de trabajar a favor del desarrollo libre de la personalidad del infante.<\/p>\n<p>Al destacar el rol de mecanismos como la red, el procurador general de la Rep\u00fablica, Jes\u00fas Murillo Karam, destac\u00f3, en su oportunidad, sobre la importancia de convenir en torno a las normas para la actuaci\u00f3n, y c\u00f3mo lograr el libre desarrollo de la personalidad del ni\u00f1o, en medio la incapacidad de modificar aquello que a diario se pone ante ellos.<\/p>\n<p>\u201c\u00bfC\u00f3mo vamos a desarrollar la personalidad del ni\u00f1o, si juega matando; si se entretiene viendo en la televisi\u00f3n el rompimiento\u00a0pleno del Estado de derecho; si la venganza se convierte en uniforme del ego\u00edsmo; si el que mata por venganza se le confunde con justicia\u2026?\u201d, cuestion\u00f3.<\/p>\n<p>A su vez, el secretario de Relaciones Exteriores, Jos\u00e9 Antonio Meade Kuribre\u00f1a, subray\u00f3 el papel de M\u00e9xico como pa\u00eds que promueve la legalidad y el derecho, as\u00ed como el respeto a los derechos humanos, entre \u00e9stos, los de los menores.<\/p>\n<p>Record\u00f3 que, desde la d\u00e9cada de los noventa, el pa\u00eds ratific\u00f3 tratados internacionales orientados a garantizar la restituci\u00f3n inmediata de menores trasladados o retenidos il\u00edcitamente, as\u00ed como los derechos de custodia, y recalc\u00f3 la trascendencia de la suma de esfuerzos y fortalecimiento de v\u00ednculos institucionales a favor de los ni\u00f1os.<\/p>\n<p>En tanto, el presidente de la Comisi\u00f3n Nacional de Tribunales Superiores de Justicia de los Estados Unidos Mexicanos, Baruch Delgado Carbajal, expres\u00f3 el compromiso del organismo en la tarea de fortalecer la transmisi\u00f3n de conocimientos y el desarrollo de habilidades, que son fundamentales en los jueces, en la nueva etapa del derecho internacional, a trav\u00e9s de la capacitaci\u00f3n y de la formaci\u00f3n judicial.<\/p>\n<p>Prestar la asistencia necesaria a los \u00f3rganos judiciales para facilitar la protecci\u00f3n nacional e internacional de los ni\u00f1os, conforme a los tratados internacionales aplicables, es el compromiso.<\/p>\n<p>&nbsp;<\/p>\n","protected":false},"excerpt":{"rendered":"<p>Con la coincidencia en la importancia del respeto al inter\u00e9s superior del menor y de la necesidad de conjuntar esfuerzos a favor lograr el desarrollo libre de la personalidad de los ni\u00f1os, se firm\u00f3 el Convenio de Colaboraci\u00f3n en Materia de Adopci\u00f3n y Restituci\u00f3n Internacional de Menores entre la Red Mexicana de Cooperaci\u00f3n Judicial para la Protecci\u00f3n de la Ni\u00f1ez, la Procuradur\u00eda General de la Rep\u00fablica y la Secretar\u00eda de Relaciones Exteriores.<\/p>\n","protected":false},"author":1,"featured_media":128892,"comment_status":"open","ping_status":"open","sticky":false,"template":"","format":"standard","meta":{"_monsterinsights_skip_tracking":false,"_monsterinsights_sitenote_active":false,"_monsterinsights_sitenote_note":"","_monsterinsights_sitenote_category":0,"footnotes":""},"categories":[17,3],"tags":[43673,6187,232,880,862],"class_list":["post-128826","post","type-post","status-publish","format-standard","has-post-thumbnail","hentry","category-especiales","category-nacional","tag-nacional","tag-ninos","tag-pgr","tag-sre","tag-tsjdf"],"_links":{"self":[{"href":"https:\/\/www.diarioimagen.net\/index.php?rest_route=\/wp\/v2\/posts\/128826","targetHints":{"allow":["GET"]}}],"collection":[{"href":"https:\/\/www.diarioimagen.net\/index.php?rest_route=\/wp\/v2\/posts"}],"about":[{"href":"https:\/\/www.diarioimagen.net\/index.php?rest_route=\/wp\/v2\/types\/post"}],"author":[{"embeddable":true,"href":"https:\/\/www.diarioimagen.net\/index.php?rest_route=\/wp\/v2\/users\/1"}],"replies":[{"embeddable":true,"href":"https:\/\/www.diarioimagen.net\/index.php?rest_route=%2Fwp%2Fv2%2Fcomments&post=128826"}],"version-history":[{"count":0,"href":"https:\/\/www.diarioimagen.net\/index.php?rest_route=\/wp\/v2\/posts\/128826\/revisions"}],"wp:featuredmedia":[{"embeddable":true,"href":"https:\/\/www.diarioimagen.net\/index.php?rest_route=\/wp\/v2\/media\/128892"}],"wp:attachment":[{"href":"https:\/\/www.diarioimagen.net\/index.php?rest_route=%2Fwp%2Fv2%2Fmedia&parent=128826"}],"wp:term":[{"taxonomy":"category","embeddable":true,"href":"https:\/\/www.diarioimagen.net\/index.php?rest_route=%2Fwp%2Fv2%2Fcategories&post=128826"},{"taxonomy":"post_tag","embeddable":true,"href":"https:\/\/www.diarioimagen.net\/index.php?rest_route=%2Fwp%2Fv2%2Ftags&post=128826"}],"curies":[{"name":"wp","href":"https:\/\/api.w.org\/{rel}","templated":true}]}}