{"id":129240,"date":"2013-04-23T00:08:14","date_gmt":"2013-04-23T05:08:14","guid":{"rendered":"http:\/\/www.diarioimagen.net\/?p=129240"},"modified":"2013-04-23T03:16:02","modified_gmt":"2013-04-23T08:16:02","slug":"huixquilucan-da-prioridad-al-apoyo-de-emprendedores","status":"publish","type":"post","link":"https:\/\/www.diarioimagen.net\/?p=129240","title":{"rendered":"Huixquilucan da prioridad al apoyo de emprendedores"},"content":{"rendered":"<ul>\n<li><em><strong>Principalmente a la peque\u00f1a empresa<\/strong><\/em><\/li>\n<\/ul>\n<div id=\"attachment_129271\" style=\"width: 250px\" class=\"wp-caption alignleft\"><a href=\"http:\/\/www.diarioimagen.net\/wp-content\/uploads\/2013\/04\/HUIXQUILUCAN-2082.jpg\"><img loading=\"lazy\" decoding=\"async\" aria-describedby=\"caption-attachment-129271\" class=\"size-medium wp-image-129271\" alt=\"El alcalde de Huixquilucan, Carlos Iriarte, se reuni\u00f3 ayer con la Asociaci\u00f3n de Ciudadanos y Empresarios del Estado de M\u00e9xico.\" src=\"http:\/\/www.diarioimagen.net\/wp-content\/uploads\/2013\/04\/HUIXQUILUCAN-2082-240x135.jpg\" width=\"240\" height=\"135\" srcset=\"https:\/\/www.diarioimagen.net\/wp-content\/uploads\/2013\/04\/HUIXQUILUCAN-2082-240x135.jpg 240w, https:\/\/www.diarioimagen.net\/wp-content\/uploads\/2013\/04\/HUIXQUILUCAN-2082-420x236.jpg 420w, https:\/\/www.diarioimagen.net\/wp-content\/uploads\/2013\/04\/HUIXQUILUCAN-2082-235x132.jpg 235w, https:\/\/www.diarioimagen.net\/wp-content\/uploads\/2013\/04\/HUIXQUILUCAN-2082-202x114.jpg 202w, https:\/\/www.diarioimagen.net\/wp-content\/uploads\/2013\/04\/HUIXQUILUCAN-2082-350x196.jpg 350w, https:\/\/www.diarioimagen.net\/wp-content\/uploads\/2013\/04\/HUIXQUILUCAN-2082-220x123.jpg 220w, https:\/\/www.diarioimagen.net\/wp-content\/uploads\/2013\/04\/HUIXQUILUCAN-2082-237x132.jpg 237w, https:\/\/www.diarioimagen.net\/wp-content\/uploads\/2013\/04\/HUIXQUILUCAN-2082.jpg 480w\" sizes=\"auto, (max-width: 240px) 100vw, 240px\" \/><\/a><p id=\"caption-attachment-129271\" class=\"wp-caption-text\">El alcalde de Huixquilucan, Carlos Iriarte, se reuni\u00f3 ayer con la Asociaci\u00f3n de Ciudadanos y Empresarios del Estado de M\u00e9xico.<\/p><\/div>\n<p><strong>Huixquilucan, Estado de M\u00e9xico.-<\/strong> Al reconocer que unos de los motores que impulsa la econom\u00eda del pa\u00eds son las micro y medianas empresas, el alcalde Carlos Iriarte se\u00f1al\u00f3 que en esta ciudad se ha establecido una pol\u00edtica transversal de apoyo al desarrollo productivo para emprendedores con asesor\u00eda, reducci\u00f3n de tr\u00e1mites, b\u00fasqueda de financiamientos y principalmente certeza y seguridad para los inversionistas que han confiado en el municipio para sus operaciones.<\/p>\n<p>Durante una reuni\u00f3n con integrantes de la Asociaci\u00f3n de Ciudadanos y Empresarios del Estado de M\u00e9xico (ASECEM), que preside Ra\u00fal Chaparro Romero y donde estuvo como invitado el coordinador ejecutivo del Pacto por M\u00e9xico, Jos\u00e9 Murat Casab, el edil destac\u00f3 que hay una vocaci\u00f3n de Huixquilucan por ser \u201cun gobierno facilitador\u201dpara las inversiones.<\/p>\n<p>Por eso, dijo, las distintas pol\u00edticas integrales como seguridad p\u00fablica, modernizaci\u00f3n tecnol\u00f3gica, reducci\u00f3n de gestiones, acercamiento a fuentes de financiamiento y reforzamiento del Centro de Impulso al Emprendedor y la Competitividad, entre otras acciones, establecen los esquemas necesarios para enlazar a los egresados de las instituciones educativas del municipio con empresas que demandan profesionales.<\/p>\n<p>Iriarte Mercado reconoci\u00f3 que ante el actual panorama mundial la inversi\u00f3n no es f\u00e1cil, pero hay confianza de los empresarios nacionales y extranjeros en el pa\u00eds, singularmente en el estado de M\u00e9xico y en esta parte de la zona metropolitana donde se ubica Huixquilucan, por lo que \u201chay que ser capaces de otorgar certeza jur\u00eddica y seguridad para los inversionistas\u201d.<\/p>\n<p>&nbsp;<\/p>\n","protected":false},"excerpt":{"rendered":"<p>Huixquilucan, Estado de M\u00e9xico.- Al reconocer que unos de los motores que impulsa la econom\u00eda del pa\u00eds son las micro y medianas empresas, el alcalde Carlos Iriarte se\u00f1al\u00f3 que en esta ciudad se ha establecido una pol\u00edtica transversal de apoyo al desarrollo productivo para emprendedores con asesor\u00eda, reducci\u00f3n de tr\u00e1mites, b\u00fasqueda de financiamientos y principalmente certeza y seguridad para los inversionistas que han confiado en el municipio para sus operaciones.<\/p>\n","protected":false},"author":1,"featured_media":129271,"comment_status":"open","ping_status":"open","sticky":false,"template":"","format":"standard","meta":{"_monsterinsights_skip_tracking":false,"_monsterinsights_sitenote_active":false,"_monsterinsights_sitenote_note":"","_monsterinsights_sitenote_category":0,"footnotes":""},"categories":[5],"tags":[43675,1097],"class_list":["post-129240","post","type-post","status-publish","format-standard","has-post-thumbnail","hentry","category-estado-de-mexico","tag-estado-de-mexico","tag-huixquilucan"],"_links":{"self":[{"href":"https:\/\/www.diarioimagen.net\/index.php?rest_route=\/wp\/v2\/posts\/129240","targetHints":{"allow":["GET"]}}],"collection":[{"href":"https:\/\/www.diarioimagen.net\/index.php?rest_route=\/wp\/v2\/posts"}],"about":[{"href":"https:\/\/www.diarioimagen.net\/index.php?rest_route=\/wp\/v2\/types\/post"}],"author":[{"embeddable":true,"href":"https:\/\/www.diarioimagen.net\/index.php?rest_route=\/wp\/v2\/users\/1"}],"replies":[{"embeddable":true,"href":"https:\/\/www.diarioimagen.net\/index.php?rest_route=%2Fwp%2Fv2%2Fcomments&post=129240"}],"version-history":[{"count":0,"href":"https:\/\/www.diarioimagen.net\/index.php?rest_route=\/wp\/v2\/posts\/129240\/revisions"}],"wp:featuredmedia":[{"embeddable":true,"href":"https:\/\/www.diarioimagen.net\/index.php?rest_route=\/wp\/v2\/media\/129271"}],"wp:attachment":[{"href":"https:\/\/www.diarioimagen.net\/index.php?rest_route=%2Fwp%2Fv2%2Fmedia&parent=129240"}],"wp:term":[{"taxonomy":"category","embeddable":true,"href":"https:\/\/www.diarioimagen.net\/index.php?rest_route=%2Fwp%2Fv2%2Fcategories&post=129240"},{"taxonomy":"post_tag","embeddable":true,"href":"https:\/\/www.diarioimagen.net\/index.php?rest_route=%2Fwp%2Fv2%2Ftags&post=129240"}],"curies":[{"name":"wp","href":"https:\/\/api.w.org\/{rel}","templated":true}]}}