{"id":129373,"date":"2013-04-24T00:01:29","date_gmt":"2013-04-24T05:01:29","guid":{"rendered":"http:\/\/www.diarioimagen.net\/?p=129373"},"modified":"2013-04-24T04:22:34","modified_gmt":"2013-04-24T09:22:34","slug":"ataque-a-la-unam","status":"publish","type":"post","link":"https:\/\/www.diarioimagen.net\/?p=129373","title":{"rendered":"Ataque a la UNAM"},"content":{"rendered":"<h2>Pol\u00edtica Spot<\/h2>\n<h5>Juan Manuel Maga\u00f1a<\/h5>\n<p>&nbsp;<\/p>\n<p>La UNAM vuelve a vivir momentos de m\u00e1xima tensi\u00f3n. Ya en el pasado eso ha ocurrido y por causas que nunca han quedado claras del todo.<\/p>\n<p>Hace unos d\u00edas ocurri\u00f3 la toma violenta de la Rector\u00eda por s\u00f3lo unas 15 o 20 personas que se separaron de una marcha que parti\u00f3 del Parque Hundido y con un mazo rompieron una de las ventanas del ala norte del inmueble para introducirse en \u00e9l.<\/p>\n<p>Esas personas, con el rostro cubierto, dicen demandar la reinstalaci\u00f3n de seis alumnos expulsados del Colegio de Ciencias y Humanidades (CCH) Naucalpan y dar marcha atr\u00e1s a la reforma a los planes de estudio de ese sistema de bachillerato.<\/p>\n<p>El rector Jos\u00e9 Narro Robles, de inmediato se fue al juego de vencidas, al subrayar que se agotar\u00e1n los recursos para as\u00ed dejar abierta la v\u00eda de la fuerza legal. Por eso, dijo que corresponder\u00e1 a las autoridades federales actuar en consecuencia.<\/p>\n<p>El rector se ech\u00f3 todo un rollo para al final exhortar a quienes permanecen en el edificio a entregarlo de inmediato, pues mientras se mantenga la toma no habr\u00e1 di\u00e1logo de ninguna naturaleza, apunt\u00f3 el rector.<\/p>\n<p>Al mediod\u00eda de ayer el asunto escalaba. El comisionado nacional de Seguridad, Manuel Mondrag\u00f3n y Kalb advert\u00eda que la Polic\u00eda Federal estaba lista para recuperar la Torre de Rector\u00eda, si es que as\u00ed se les ordenaba. Sostuvo: \u201cvamos a hacer estrictamente lo que nos diga la Procuradur\u00eda General de la Rep\u00fablica. No tomamos nosotros acciones directas y decisiones directas en ese sentido\u201d.<\/p>\n<p>Parte del problema viene de la violencia de algunos del CCH Naucalpan que el 1 de febrero agredieron a trabajadores. Por ello seis fueron suspendidos provisionalmente aquella vez. Apenas ayer, se respondi\u00f3 con la baja definitiva de cinco de ellos.<\/p>\n<p>Entre el 1 y el 6 de febrero los \u201cceceacheros\u201d actuaron con violencia desusada, pretendieron incendiar la direcci\u00f3n del plantel, prendieron objetos incendiarios y estallaron petardos, causando la lesi\u00f3n de una alumna.<\/p>\n<p>Uso de fuerza y anonimato reaparecen como en otras ocasiones, como el 1 de diciembre cuando algunos reventaron la protesta pac\u00edfica en las calles del movimiento #yosoy132. Dos elementos que parecen esconder lo que de veras hay detr\u00e1s de los problemas.<\/p>\n<p>Esta clase de hechos, que se asemejan m\u00e1s a pr\u00e1cticas porriles suelen presentar demandas como pretexto y bajo un estado de confusi\u00f3n para forzar de manera indirecta arreglos que beneficien intereses de otra \u00edndole, por cierto criticables.<\/p>\n<p>Esto podr\u00eda o no saberlo el rector Narro. Si lo sabe, deber\u00eda tambi\u00e9n denunciarlo porque con ello desnudar\u00eda lo inadmisible de un nuevo ataque a nuestra UNAM.<\/p>\n<p><em><a href=\"mailto: maganapalace@yahoo.com.mx\" target=\"_blank\">maganapalace@yahoo.com.mx<\/a><\/em><\/p>\n","protected":false},"excerpt":{"rendered":"<p><span style=\"color: #005497;\"><strong>Juan Manuel Maga\u00f1a<\/strong><\/span><\/p>\n","protected":false},"author":1,"featured_media":0,"comment_status":"open","ping_status":"open","sticky":false,"template":"","format":"standard","meta":{"_monsterinsights_skip_tracking":false,"_monsterinsights_sitenote_active":false,"_monsterinsights_sitenote_note":"","_monsterinsights_sitenote_category":0,"footnotes":""},"categories":[22905],"tags":[43709,43674,22904,570],"class_list":["post-129373","post","type-post","status-publish","format-standard","hentry","category-juan-manuel-magana","tag-juan-manuel-magana","tag-opinion","tag-politica-spot","tag-unam"],"_links":{"self":[{"href":"https:\/\/www.diarioimagen.net\/index.php?rest_route=\/wp\/v2\/posts\/129373","targetHints":{"allow":["GET"]}}],"collection":[{"href":"https:\/\/www.diarioimagen.net\/index.php?rest_route=\/wp\/v2\/posts"}],"about":[{"href":"https:\/\/www.diarioimagen.net\/index.php?rest_route=\/wp\/v2\/types\/post"}],"author":[{"embeddable":true,"href":"https:\/\/www.diarioimagen.net\/index.php?rest_route=\/wp\/v2\/users\/1"}],"replies":[{"embeddable":true,"href":"https:\/\/www.diarioimagen.net\/index.php?rest_route=%2Fwp%2Fv2%2Fcomments&post=129373"}],"version-history":[{"count":0,"href":"https:\/\/www.diarioimagen.net\/index.php?rest_route=\/wp\/v2\/posts\/129373\/revisions"}],"wp:attachment":[{"href":"https:\/\/www.diarioimagen.net\/index.php?rest_route=%2Fwp%2Fv2%2Fmedia&parent=129373"}],"wp:term":[{"taxonomy":"category","embeddable":true,"href":"https:\/\/www.diarioimagen.net\/index.php?rest_route=%2Fwp%2Fv2%2Fcategories&post=129373"},{"taxonomy":"post_tag","embeddable":true,"href":"https:\/\/www.diarioimagen.net\/index.php?rest_route=%2Fwp%2Fv2%2Ftags&post=129373"}],"curies":[{"name":"wp","href":"https:\/\/api.w.org\/{rel}","templated":true}]}}