{"id":129533,"date":"2013-04-25T00:07:29","date_gmt":"2013-04-25T05:07:29","guid":{"rendered":"http:\/\/www.diarioimagen.net\/?p=129533"},"modified":"2013-04-25T02:08:29","modified_gmt":"2013-04-25T07:08:29","slug":"quien-quiere-provocar-caos-en-mexico","status":"publish","type":"post","link":"https:\/\/www.diarioimagen.net\/?p=129533","title":{"rendered":"\u00bfQui\u00e9n quiere provocar caos en M\u00e9xico?"},"content":{"rendered":"<h2>Tras la puerta del poder<\/h2>\n<h5>Roberto Vizca\u00edno<\/h5>\n<p>&nbsp;<\/p>\n<ul>\n<li><strong><i>El CISEN ha descubierto a 3 organizaciones anarquistas dedicadas a infiltrar movimientos sociales<\/i><\/strong><\/li>\n<li><strong><i>La ley de telecomunicaciones podr\u00eda ser modificada hoy por el PRD y PAN en San L\u00e1zaro<\/i><\/strong><\/li>\n<li><strong><i>M\u00e9xico copresidir\u00e1 a partir de septiembre la Alianza para un Gobierno Abierto<\/i><\/strong><\/li>\n<\/ul>\n<div id=\"attachment_129643\" style=\"width: 250px\" class=\"wp-caption alignleft\"><a href=\"http:\/\/www.diarioimagen.net\/wp-content\/uploads\/2013\/04\/CONTINGENCIA-trizas-2084.jpg\"><img loading=\"lazy\" decoding=\"async\" aria-describedby=\"caption-attachment-129643\" class=\"size-medium wp-image-129643\" alt=\"Contingencia... | Trizas\" src=\"http:\/\/www.diarioimagen.net\/wp-content\/uploads\/2013\/04\/CONTINGENCIA-trizas-2084-240x198.jpg\" width=\"240\" height=\"198\" srcset=\"https:\/\/www.diarioimagen.net\/wp-content\/uploads\/2013\/04\/CONTINGENCIA-trizas-2084-240x198.jpg 240w, https:\/\/www.diarioimagen.net\/wp-content\/uploads\/2013\/04\/CONTINGENCIA-trizas-2084-420x347.jpg 420w, https:\/\/www.diarioimagen.net\/wp-content\/uploads\/2013\/04\/CONTINGENCIA-trizas-2084.jpg 700w\" sizes=\"auto, (max-width: 240px) 100vw, 240px\" \/><\/a><p id=\"caption-attachment-129643\" class=\"wp-caption-text\">Contingencia&#8230; | Trizas<\/p><\/div>\n<p>\u00bfEn verdad los maestros de la Coordinadora son tan irracionales y violentos?, \u00bfo hay un plan para meter a M\u00e9xico en la ruta del caos?<\/p>\n<p>Los acontecimientos ocurridos ayer en Chilpancingo, Guerrero, en que grupos presumiblemente de maestros de la Coordinadora asaltaron y destrozaron las oficinas del PRI, PAN, PRD y Movimiento Ciudadano y otras, y que le dieron la vuelta al mundo a trav\u00e9s de los medios internacionales han rebasado ya la estrategia de lucha de un importante grupo sindical para colocarse en una abierta afrenta a la paz social del pa\u00eds y en un reto al Estado.<\/p>\n<p>Es importante recordar hoy que en aquel movimiento de mayo a diciembre del 2006 en Oaxaca que comenz\u00f3 como un reclamo magisterial y termin\u00f3 como un levantamiento popular, los servicios de inteligencia identificaron en sus filas desde anarquistas hasta guerrilleros.<\/p>\n<p>Aquel movimiento que la APPO le arrebat\u00f3 a la coordinadora de la secci\u00f3n 22 y que mantuvo en vilo a la ciudad de Oaxaca, demostr\u00f3 la facilidad con que estos grupos pudieron infiltrar y apoderarse de una protesta o reclamo para extrapolarlo y conducirlo a un\u00a0 choque con el Estado.<\/p>\n<p>Ayer los hechos en Chilpancingo realizados bajo las siglas de la CETEG y que dejaron una estela de destrucci\u00f3n y miedo en los habitantes de la capital guerrerense, dejaron en claro que la coordinadora del magisterio en esa entidad ya no est\u00e1 bajo el control de sus l\u00edderes.<\/p>\n<p>Amparados bajo pasamonta\u00f1as, armados ya con tubos y palos, los anarquistas o guerrilleros han logrado sembrar entre algunos de los maestros la din\u00e1mica de la violencia destructiva a quienes lanzan contra edificios y otras instalaciones, bajo el pretexto de que eso est\u00e1 justificado porque se est\u00e1n manifestando contra traidores a su causa y porque ellos tienen la raz\u00f3n moral.<\/p>\n<p>De acuerdo a informaciones surgidas del Centro de Investigaciones y Seguridad Nacional, el CISEN, que dirige el hidalguense Eugenio Imaz, en el pa\u00eds se tienen identificados ya al menos a 3 grupos anarquistas, que se dedican a infiltrar movimientos de descontento y reclamo social, para conducirlos al choque con las autoridades.<\/p>\n<p>La investigaci\u00f3n ha encontrado que estos grupos tienen v\u00ednculos con otras c\u00e9lulas de Europa y Sudam\u00e9rica.<\/p>\n<p>Miembros de estos grupos actuaron en los hechos violentos del 1 de diciembre pasado en la ciudad de M\u00e9xico.<\/p>\n<p>Uno en especial, se\u00f1ala el CISEN, es muy violento y muy posiblemente posee armas.<\/p>\n<p>Esta investigaci\u00f3n se inici\u00f3 apenas con la llegada a la Presidencia de Enrique Pe\u00f1a Nieto, pues en los archivos de este centro la administraci\u00f3n anterior no dej\u00f3 expediente alguno sobre estos grupos.<\/p>\n<p>Hasta hoy se han encontrado v\u00ednculos de estos grupos con maestros, estudiantes e incluso con parte del movimiento #Yosoy 132 y podr\u00edan estar integrados por unos 300 anarquistas.<\/p>\n<p>Seg\u00fan algunas notas period\u00edsticas, parte de estos grupos anarquistas podr\u00edan pertenecer a las organizaciones Coordinadora Estudiantil Anarquista, Bloque Negro M\u00e9xico y Cruz Negra.<\/p>\n<p>Se tiene confirmado que al menos 3 de quienes asaltaron y se encontraban hasta ayer dentro de la Torre de Rector\u00eda en Ciudad Universitaria, de la UNAM, son de estos grupos.<\/p>\n<p>En fin, que todos estos hechos comienzan a tener una l\u00f3gica y esta es la del caos que se quiere provocar mediante la infiltraci\u00f3n y apoderamiento de movimientos sociales o de reclamo pol\u00edtico y econ\u00f3mico.<\/p>\n<p>Por lo pronto lo de ayer de Chilpancingo al parecer forma ya parte de esta estrategia, que est\u00e1 buscando urgentemente una reacci\u00f3n del gobierno y una v\u00edctima que pueda ser esgrimida para escalar la protesta.<b>\u00a0<\/b><\/p>\n<p align=\"center\"><b>PACTO<\/b><\/p>\n<p>Luego del suplicio vivido por Rosario Robles, secretaria de Desarrollo Social, durante su comparecencia en el Senado, y de que el PAN la hubiera desechado como interlocutora, el presidente Enrique Pe\u00f1a Nieto afirm\u00f3 que esos desencuentros son normales en una democracia y que \u00e9l considera que el Pacto por M\u00e9xico continuar\u00e1 vigente luego de que las diferentes fuerzas acudan a la soluci\u00f3n de sus diferencias a trav\u00e9s del di\u00e1logo.<\/p>\n<p>Pero el presidente del PAN, Gustavo Madero, insisti\u00f3 en que ser\u00e1 hasta el lunes y despu\u00e9s de consultar a su Consejo Pol\u00edtico cuando se defina si su partido sigue dentro o no de este pacto.<\/p>\n<p>Si nos atenemos a las declaraciones de senadores, diputados y dirigentes blanquiazules podr\u00edamos decir que los panistas est\u00e1n fuera\u2026 pero la pol\u00edtica da muchas sorpresas.<\/p>\n<p align=\"center\"><b>REFORMAS<\/b><\/p>\n<p>Desde San L\u00e1zaro, el coordinador de los diputados del PRI, <b>Manlio Fabio Beltrones<\/b>, se congratul\u00f3 que durante su encuentro con el secretario de Gobernaci\u00f3n, Miguel \u00c1ngel Osorio Chong los dirigentes del PAN, Gustavo Madero y del PRD, Jes\u00fas Zambrano hayan decidido continuar en el di\u00e1logo\u2026<\/p>\n<p>\u201cEs bueno que se haya impuesto la cordura, la sensatez, el trabajo pol\u00edtico y la visi\u00f3n por un M\u00e9xico y que el Pacto por M\u00e9xico siga sirvi\u00e9ndole al pa\u00eds con las reformas\u2026 que m\u00e1s le convienen a M\u00e9xico\u201d, dijo el sonorense.<\/p>\n<p>En cuanto a las reformas de telecomunicaciones que se supone deber\u00e1 ser aprobada hoy, dijo que las fracciones del PRD y PAN quieren modificar la minuta enviada por el Senado porque tienen dudas de si se le rest\u00f3 autonom\u00eda al nuevo \u00f3rgano de Telecom\u2026 y ellos tienen varias propuestas.<\/p>\n<p>Interrogado respecto a si Rosario Robles comparecer\u00eda tambi\u00e9n en la C\u00e1mara de Diputados, dijo.<\/p>\n<p>\u201cYa lo hizo ante el Senado y nosotros observamos con atenci\u00f3n todo lo que ah\u00ed se manifest\u00f3. \u00a0Estamos m\u00e1s que ciertos que no quedaron preguntas sin responder, y no hubo actitud que no fuera vista, a trav\u00e9s de los medios, de parte de los partidos pol\u00edticos y respuestas por parte de la funcionaria\u201d.<\/p>\n<p>En cuanto a los hechos de Guerrero, Beltrones demand\u00f3:<\/p>\n<p>\u201cEs necesario que la autoridad intervenga, para evitar que ese clima de agresividad y hostilidad con la que se est\u00e1n conduciendo &#8211;violando cualquier ley&#8211;, siga imperando en cualquier estado donde se presente. Para eso existe la autoridad y para eso est\u00e1 el Estado.<\/p>\n<p>\u201cNo debemos de permitir ning\u00fan secuestro. Lo que est\u00e1 sucediendo en la UNAM, lo que est\u00e1 sucediendo UAM, lo que est\u00e1 aconteciendo en el estado de Guerrero y en algunos otros lugares, ameritan que la autoridad est\u00e9 presente, buscando una soluci\u00f3n, primero mediante el di\u00e1logo, insistiendo en que debe existir un acuerdo en donde todos coincidamos que debemos buscar el beneficio de M\u00e9xico\u201d.<\/p>\n<p align=\"center\"><b>GOBIERNO ABIERTO<\/b><\/p>\n<p>En un encuentro en Londres con Francis Maude, ministro de la Oficina del Gabinete del Reino Unido, el subsecretario de Responsabilidades Administrativas y Contrataciones P\u00fablicas, encargado del Despacho de la Secretar\u00eda de la Funci\u00f3n P\u00fablica, Juli\u00e1n Olivas, afirm\u00f3 que en M\u00e9xico se ha consolidado un espacio de di\u00e1logo permanente entre el gobierno y la sociedad civil organizada, lo cual le ha permitido un avance importante en materia de Gobierno Abierto.<\/p>\n<p>En este contexto, coment\u00f3, es que junto con Indonesia, M\u00e9xico asumir\u00e1 en septiembre pr\u00f3ximo la copresidencia de la Alianza para el Gobierno Abierto para continuar trabajando en la promoci\u00f3n de una mayor transparencia, colaboraci\u00f3n y participaci\u00f3n ciudadana.<\/p>\n<p>Olivas Ugalde anticip\u00f3 que el Plan de Acci\u00f3n 2013-2015, incluir\u00e1 temas que refrendan el compromiso de la actual administraci\u00f3n federal con la rendici\u00f3n de cuentas y la participaci\u00f3n ciudadana, y por ende, con el gobierno abierto.<\/p>\n<p>Ugalde inform\u00f3 que ya se han creado dos portales, uno de ellos, a cargo de la Procuradur\u00eda General de la Rep\u00fablica, la PGR, que fue desarrollado en conjunto con la Organizaci\u00f3n Art\u00edculo 19 y cuyo prop\u00f3sito es que las v\u00edctimas de un delito tengan acceso al estado que guarda su averiguaci\u00f3n previa.<\/p>\n<p>El otro pertenece a la secretar\u00eda de Hacienda que, con la participaci\u00f3n del Centro de An\u00e1lisis e Investigaci\u00f3n Fundar, dise\u00f1\u00f3 un sitio web de transparencia presupuestaria en el que los ciudadanos pueden conocer de qu\u00e9 forma se ejerce el presupuesto p\u00fablico con detalle.<\/p>\n<p>Los dos esfuerzos forman parte de los compromisos asumidos por el secretariado T\u00e9cnico Tripartita de la AGA, creado en 2011, para desempe\u00f1arse como un puente que facilitara el trabajo y el di\u00e1logo entre las organizaciones de la sociedad civil y el gobierno, dijo.<\/p>\n<p><em><a href=\"mailto:rvizcaino@gmail.com\" target=\"_blank\">rvizcaino@gmail.com<\/a><\/em><\/p>\n<p>&nbsp;<\/p>\n","protected":false},"excerpt":{"rendered":"<p><span style=\"color: #005497;\"><strong>Roberto Vizca\u00edno<\/strong><\/span><\/p>\n","protected":false},"author":1,"featured_media":0,"comment_status":"open","ping_status":"open","sticky":false,"template":"","format":"standard","meta":{"_monsterinsights_skip_tracking":false,"_monsterinsights_sitenote_active":false,"_monsterinsights_sitenote_note":"","_monsterinsights_sitenote_category":0,"footnotes":""},"categories":[136],"tags":[7251,43674,93,94],"class_list":["post-129533","post","type-post","status-publish","format-standard","hentry","category-roberto-vizcaino-opinion","tag-cisen","tag-opinion","tag-roberto-vizcaino","tag-tras-la-puerta-del-poder"],"_links":{"self":[{"href":"https:\/\/www.diarioimagen.net\/index.php?rest_route=\/wp\/v2\/posts\/129533","targetHints":{"allow":["GET"]}}],"collection":[{"href":"https:\/\/www.diarioimagen.net\/index.php?rest_route=\/wp\/v2\/posts"}],"about":[{"href":"https:\/\/www.diarioimagen.net\/index.php?rest_route=\/wp\/v2\/types\/post"}],"author":[{"embeddable":true,"href":"https:\/\/www.diarioimagen.net\/index.php?rest_route=\/wp\/v2\/users\/1"}],"replies":[{"embeddable":true,"href":"https:\/\/www.diarioimagen.net\/index.php?rest_route=%2Fwp%2Fv2%2Fcomments&post=129533"}],"version-history":[{"count":0,"href":"https:\/\/www.diarioimagen.net\/index.php?rest_route=\/wp\/v2\/posts\/129533\/revisions"}],"wp:attachment":[{"href":"https:\/\/www.diarioimagen.net\/index.php?rest_route=%2Fwp%2Fv2%2Fmedia&parent=129533"}],"wp:term":[{"taxonomy":"category","embeddable":true,"href":"https:\/\/www.diarioimagen.net\/index.php?rest_route=%2Fwp%2Fv2%2Fcategories&post=129533"},{"taxonomy":"post_tag","embeddable":true,"href":"https:\/\/www.diarioimagen.net\/index.php?rest_route=%2Fwp%2Fv2%2Ftags&post=129533"}],"curies":[{"name":"wp","href":"https:\/\/api.w.org\/{rel}","templated":true}]}}