{"id":129543,"date":"2013-04-25T00:06:33","date_gmt":"2013-04-25T05:06:33","guid":{"rendered":"http:\/\/www.diarioimagen.net\/?p=129543"},"modified":"2013-04-25T02:08:38","modified_gmt":"2013-04-25T07:08:38","slug":"el-turco-terrorista-1","status":"publish","type":"post","link":"https:\/\/www.diarioimagen.net\/?p=129543","title":{"rendered":"\u201cEl Turco\u201d terrorista (1)"},"content":{"rendered":"<h2>\u00cdndice pol\u00edtico<\/h2>\n<h5>Francisco Rodr\u00edguez<\/h5>\n<p>&nbsp;<\/p>\n<p>Ambicioso, vengativo y habilidoso intrigante, con enormes recursos para invertir en \u201cinteligencia\u201d -escucha y grabaci\u00f3n telef\u00f3nica, \u201csiembra\u201d de c\u00e1maras de video, interceptaci\u00f3n de todo tipo de comunicaciones electr\u00f3nicas- a Miguel \u00c1ngel Yunes Linares, esta vez, le sali\u00f3 el tiro por la culata.<\/p>\n<p>Apodado cual \u201cEl Turco\u201d el personaje se sinti\u00f3 v\u00edctima del cl\u00e1sico \u201cqu\u00edtate t\u00fa para ponerme yo\u201d en el manejo discrecional y electorero de los recursos de los contribuyentes te\u00f3ricamente destinados a saciar las m\u00ednimas necesidades de los m\u00e1s pobres del pa\u00eds y, la semana anterior, dio a conocer el producto de sus actividades il\u00edcitas.<\/p>\n<p>Y no, no aquellas que involucran a empresas de su propiedad, de sus familiares y amigos con las que hizo negocios turbios en el ISSSTE que dirigi\u00f3 durante buena parte del fat\u00eddico calderonato, sino apenas aquellas que involucran sus ilegales tareas de espionaje. \u201cBomba pol\u00edtica\u201d fue calificada. Y le deton\u00f3 tambi\u00e9n a \u00e9l en las manos.<\/p>\n<p>Y es que, efectivamente, los manejos sucios que hoy denuncia, tambi\u00e9n fueron perpetrados por \u00e9l en tiempos recientes, usando a su hijo del mismo nombre.<\/p>\n<p>Miguel \u00c1ngel Yunes M\u00e1rquez, que as\u00ed se llama el reto\u00f1o, fue hasta el primer d\u00eda de marzo del a\u00f1o que corre -hasta hace casi dos meses, pues- el encargado del programa asistencialista -electorero, en realidad- Oportunidades, con el que \u201coper\u00f3\u201d a favor del PAN\u2026 y del peculio de los propios Yunes, quienes siempre han gravitado en torno a los presupuestos p\u00fablicos y de los negocios que pueden llevarse a cabo gracias a su manejo tambi\u00e9n discrecional.<\/p>\n<p>Deton\u00f3 \u201cla bomba\u201d Yunes y cimbr\u00f3 tambi\u00e9n a la dirigencia panista encabezada por Gustavo Madero quien -seguramente, con todo el dolor de su coraz\u00f3n, cual se dice- se vio obligado a arremeter en contra del Pacto por M\u00e9xico, convertido desde el segundo d\u00eda de diciembre del a\u00f1o anterior en su \u201csalvavidas\u201d, en su \u00fanico asidero, frente a las constantes embestidas de las viudas y hu\u00e9rfanos pol\u00edticos del nefasto Felipe Calder\u00f3n, entre quienes el mismo Yunes Linares forma filas.<\/p>\n<p>Con esa misma \u201cbomba\u201d puso en riesgo, asimismo, al programa estrella de la naciente administraci\u00f3n federal, la Cruzada Contra el Hambre, justo en la v\u00edspera de que arrancara formalmente con la presencia, incluso, del ex presidente brasile\u00f1o Luiz Inacio Lula.<\/p>\n<p>\u00a1Qu\u00e9 pena con los invitados ilustres!, \u00bfa poco no?<\/p>\n<p>Y por si tal no fuera poco, en el esc\u00e1ndalo, hasta qued\u00f3 como mendaz, al presumir falsamente que tiene influencia y poder de decisi\u00f3n frente a la comunicadora Carmen Aristegui.<\/p>\n<p>Todo un terrorista fallido \u201cEl Turco\u201d, \u00bfa poco no?<\/p>\n<p align=\"center\"><b>BIOGRAF\u00cdA DE VERG\u00dcENZA<\/b><\/p>\n<p>Justo la semana anterior, el respetado colega C\u00e9sar Augusto V\u00e1zquez Chagoya dio a conocer, en su le\u00edda columna Pasillos del Poder publicada en los diarios <i>AZ<\/i> de Xalapa y Veracruz, una s\u00edntesis biogr\u00e1fica de Yunes Linares que, para aquellos pocos que no conozcan su mala fama, vale la pena reproducir:<\/p>\n<p>\u201cNo se puede explicar c\u00f3mo el pol\u00edtico veracruzano Miguel \u00c1ngel Yunes Linares, en toda su vida, ha gozado de total impunidad de la justicia estatal y federal por los delitos que ha cometido, aparte de las traiciones que es su modo de vivir y hacerse inmensamente rico, cuya fortuna no puede explicar ni justificar. (Reci\u00e9n apenas, vale apuntar, \u00e9l y su hijo hom\u00f3nimo estrenaron residencias que, juntas, est\u00e1n valuadas en m\u00e1s de 80 millones de pesos).<\/p>\n<p>\u201cSus traiciones son marcadas por a\u00f1os y sus enemigos no son pocos, porque adem\u00e1s es experto \u2014junto con el subsecretario de Javier Duarte, Enrique Ampudia Mello\u2014 para inventar la peor intriga contra alguien y en crear escenarios pol\u00edticos a su conveniencia.<\/p>\n<p>\u201cEste es un resumen de las traiciones y la guerra sucia de Yunes Linares.<\/p>\n<p>\u201c1.- Miguel \u00c1ngel era, antes de 1968, integrante del Frente Renovador Veracruzano, un organismo estudiantil llamado FREV.<\/p>\n<p>En estos tiempos se pelea con Dante Delgado Rannauro, porque ambos eran consentidos del rector de la Universidad Veracruzana doctor Carlos D\u00edaz Rom\u00e1n, perteneciente a una respetada familia en el puerto de Veracruz y Alvarado; pero Miguel, al ver que le llevaba delantera el originario de Alvarado, toma la rector\u00eda y cae el rector; adem\u00e1s golpean a Dante con porros.<\/p>\n<p>\u201c2.- En el r\u00e9gimen de Rafael Hern\u00e1ndez Ochoa, Yunes Linares \u2014siendo dirigente de la CNOP\u2014 en la campa\u00f1a de Agust\u00edn Acosta Lagunes, empez\u00f3 hablar mal del candidato a la gubernatura, aunque quer\u00eda gan\u00e1rselo. Entrando Don Agust\u00edn al poder, mete a la c\u00e1rcel a Jos\u00e9 Luis Lobato Campos, director del Instituto de Pensiones del Estado. Siendo amigo de Yunes, \u00e9ste corre a la Ciudad de M\u00e9xico porque seg\u00fan \u00e9l no le pagaban en la Legislatura siendo diputado. Con el tiempo se pelea con su amigo Lobato Campos, demostrando que no tiene lealtades ni amigos, s\u00f3lo intereses.<\/p>\n<p>\u201c3.- Yunes fue compa\u00f1ero del gabinete estatal de Carlos Brito G\u00f3mez, subsecretario de Gobierno, y posteriormente se va a la Ciudad de M\u00e9xico como jefe de delegaciones de la CNOP nacional, con el hidalguense Humberto Lugo Gil. En 1982, gracias a Lugo, Yunes fue oficial mayor de la C\u00e1mara de Diputados y tambi\u00e9n fue diputado federal Carlos Brito G\u00f3mez, a quien Yunes \u2014lleno de furia, como es su car\u00e1cter\u2014 persigue con una pistola en el recinto legislativo al originario de Coatzacoalcos porque le ca\u00eda mal. Nunca fue castigado\u2026\u201d (Continuar\u00e1).<\/p>\n<p><b><i>\u00cdndice Flam\u00edgero:<\/i><\/b> El tema de la semana es abordado, con inteligencia y humor como siempre, por don Alfredo \u00c1lvarez Barr\u00f3n \u2014a quien tambi\u00e9n conocemos como El Poeta del Nopal\u2014 en el epigrama que hoy nos comparte: \u201cNo te preocupes, Rosario, \/ se trata de fuego amigo, \/ con un piquete de ombligo \/ los bajo del escenario, \/ un tema tan ordinario \/ que mi palabra sostengo, \/ cuando ellos van, yo ya vengo, \/ pues checa la informaci\u00f3n: \/ \u00bfpartidos de oposici\u00f3n? \/ \u00a1a mi servicio los tengo!\u201d.<\/p>\n<p><em><a href=\"http:\/\/www.indicepolitico.com\/\" target=\"_blank\"><em>www.indicepolitico.com<\/em><\/a><br \/>\n<\/em><em><a href=\"mailto:pacorodriguez@journalist.com\" target=\"_blank\">pacorodriguez@journalist.com<\/a><\/em><\/p>\n","protected":false},"excerpt":{"rendered":"<p><span style=\"color: #005497;\"><strong>Francisco Rodr\u00edguez<\/strong><\/span><\/p>\n","protected":false},"author":1,"featured_media":0,"comment_status":"open","ping_status":"open","sticky":false,"template":"","format":"standard","meta":{"_monsterinsights_skip_tracking":false,"_monsterinsights_sitenote_active":false,"_monsterinsights_sitenote_note":"","_monsterinsights_sitenote_category":0,"footnotes":""},"categories":[549],"tags":[43689,550,43674],"class_list":["post-129543","post","type-post","status-publish","format-standard","hentry","category-francisco-rodriguez","tag-francisco-rodriguez","tag-indice-politico","tag-opinion"],"_links":{"self":[{"href":"https:\/\/www.diarioimagen.net\/index.php?rest_route=\/wp\/v2\/posts\/129543","targetHints":{"allow":["GET"]}}],"collection":[{"href":"https:\/\/www.diarioimagen.net\/index.php?rest_route=\/wp\/v2\/posts"}],"about":[{"href":"https:\/\/www.diarioimagen.net\/index.php?rest_route=\/wp\/v2\/types\/post"}],"author":[{"embeddable":true,"href":"https:\/\/www.diarioimagen.net\/index.php?rest_route=\/wp\/v2\/users\/1"}],"replies":[{"embeddable":true,"href":"https:\/\/www.diarioimagen.net\/index.php?rest_route=%2Fwp%2Fv2%2Fcomments&post=129543"}],"version-history":[{"count":0,"href":"https:\/\/www.diarioimagen.net\/index.php?rest_route=\/wp\/v2\/posts\/129543\/revisions"}],"wp:attachment":[{"href":"https:\/\/www.diarioimagen.net\/index.php?rest_route=%2Fwp%2Fv2%2Fmedia&parent=129543"}],"wp:term":[{"taxonomy":"category","embeddable":true,"href":"https:\/\/www.diarioimagen.net\/index.php?rest_route=%2Fwp%2Fv2%2Fcategories&post=129543"},{"taxonomy":"post_tag","embeddable":true,"href":"https:\/\/www.diarioimagen.net\/index.php?rest_route=%2Fwp%2Fv2%2Ftags&post=129543"}],"curies":[{"name":"wp","href":"https:\/\/api.w.org\/{rel}","templated":true}]}}