{"id":129549,"date":"2013-04-25T00:05:35","date_gmt":"2013-04-25T05:05:35","guid":{"rendered":"http:\/\/www.diarioimagen.net\/?p=129549"},"modified":"2013-04-25T02:08:48","modified_gmt":"2013-04-25T07:08:48","slug":"delegados-federales-2","status":"publish","type":"post","link":"https:\/\/www.diarioimagen.net\/?p=129549","title":{"rendered":"Delegados federales"},"content":{"rendered":"<h2>De frente y de perfil<\/h2>\n<h5>Ram\u00f3n Zurita Sahag\u00fan<\/h5>\n<p>&nbsp;<\/p>\n<p>Hoy, como nunca, los nombramientos de delegados del gobierno federal en los estados se encuentran sumamente cuestionados.<\/p>\n<p>La participaci\u00f3n de algunos de ellos como presuntos operadores del partido en el poder (PRI) detonada por la dirigencia nacional panista y la r\u00e9plica presentada por diputados pri\u00edstas sobre el actuar de delegados del PAN en el pasado, dejan en claro el uso y abuso de los programas del gobierno en asuntos electorales.<\/p>\n<p>Desde siempre, los delegados federales se han encontrado bajo sospecha del trabajo que realizan en los estados, donde la mayor\u00eda de ellos optan por dos alternativas: convertirse en empleados del gobernador en turno o intentar convertirse en vicegobernadores, dentro de su feudo. Los delegados federales son enviados a los estados para que operen los programas y obras que el gobierno federal destina a esas entidades, aunque no siempre cumplen con su cometido. Son plazas sumamente disputadas, ya que el manejo de recursos en cada \u00e1rea es extraordinario, adem\u00e1s de devengar salarios y prestaciones sumamente atractivos. Existen un par de formas de seleccionar a los delegados federales, los que llegan a esas posiciones a petici\u00f3n de los propios gobernantes o los que el gobierno federal env\u00eda sin consultar a los mandatarios estatales.<\/p>\n<p>La m\u00e1s frecuente es la que se negocia entre el gobierno federal y el gobernador en turno, lo que lleva a unos y otros a ceder terreno en algunos sectores, a cambio de otros en \u00e1reas consideradas prioritarias para unos y otros. El terreno de la negociaci\u00f3n casi siempre acarrea buenos resultados y deja conforme a los dos bandos.<\/p>\n<p>Se habla que en algunos casos, los gobernadores encaprichados con la designaci\u00f3n de alguno de los delegados federales en el \u00e1rea que pretenden, son capaces de ceder hasta una decena de nombramientos en otros sectores. Durante mucho tiempo se decidi\u00f3 que los delegados federales no fuesen del propio estado al que eran enviados, para evitar confrontaciones entre los grupos de poder o que se desatasen las ambiciones personales de cada uno de ellos. Esa premisa fue respetada, aunque tambi\u00e9n la de que para operar esas funciones de delegado federal, el primer requisito era que pertenecieran al partido gobernante.<\/p>\n<p>De esa manera los priistas aprovechaban para recompensar a aquellos personajes que colaboraban en una campa\u00f1a presidencial y que no alcanzaban cargos importantes dentro de la estructura de las dependencias.<\/p>\n<p>La delegaci\u00f3n federal viene siendo una buena posici\u00f3n, en la que, incluso, abundan los negocios para aquellos que buscan consolidar su posici\u00f3n econ\u00f3mica.<\/p>\n<p>Al arribo de la transici\u00f3n y el cambio de partido en la administraci\u00f3n p\u00fablica federal, el esquema sigui\u00f3 siendo el mismo y los panistas se sintieron c\u00f3modos aprovechando las reglas no escritas de la operaci\u00f3n de los programas de gobierno y la funci\u00f3n que desempe\u00f1aban los delegados federales.<\/p>\n<p>Durante los gobiernos de Vicente Fox y Felipe Calder\u00f3n se detonaron una serie de asuntos relacionados con la forma de ejercer el poder por parte de los delegados federales, ya que siguiendo la ruta trazada por el PRI, los delegados federales ten\u00edan que confirmar su militancia en el partido en el poder, para obtener el privilegio de ser enviados como delegados federales a los distintos estados del pa\u00eds.<\/p>\n<p>El regreso del PRI al gobierno federal, despu\u00e9s de 12 a\u00f1os de ausencia, mostr\u00f3 que la estrategia se mantendr\u00eda similar, aunque con una variante, la de enviar delegados federales, de preferencia, nativos del propio estado al que se les designaba. De esa manera, los delegados federales estar\u00edan m\u00e1s compenetrados con los asuntos relacionados a su labor de enviados gubernamentales, aunque tambi\u00e9n, a decir de algunos, para operar todo tipo de estrategias. Eso s\u00ed, los delegados federales, como siempre, deben mostrar su militancia partidista y, en muchos de los casos, haber desempe\u00f1ado cargos de dirigencia partidista y de representaci\u00f3n popular.<\/p>\n<p align=\"center\">\u00a0<b>M\u00c1S GRABACIONES<\/b><\/p>\n<p>\u00a0El filtrar grabaciones provenientes del estado de Veracruz se convirti\u00f3 desde hace mucho tiempo en el deporte de moda Desde la partida del PRI de su militante Miguel \u00c1ngel Yunes Linares, las intercepciones telef\u00f3nicas, las grabaciones y posteriores filtraciones sacuden con gran frecuencia el escenario local y nacional.<\/p>\n<p>Los procesos electorales en esa entidad son salpicadas con revelaciones que van desde los temas electorales, econ\u00f3micos y personales. Ahora toc\u00f3 el turno conocer la forma en que operan los Yunes, padre e hijo, mediante sendas grabaciones. Con varios meses por transcurrir, antes de que el 7 de julio acudan los ciudadanos a las urnas veracruzanas, queda mucho por saber en lo que respecta a situaciones an\u00f3malas que evidencian la forma de actuar de unos y otros. Detr\u00e1s de las grabaciones solamente se encuentran las ambiciones del poder pol\u00edtico y econ\u00f3mico y de ninguna forma contribuir al bienestar de la poblaci\u00f3n de aquella entidad.<\/p>\n<p align=\"center\"><b>\u00a0ENMASCARADOS<\/b><\/p>\n<p>\u00a0\u00bfQu\u00e9 hay detr\u00e1s de las tomas de las rector\u00edas de las dos principales universidades p\u00fablicas de M\u00e9xico? Nadie conoce el fondo del asunto, aunque resulta preocupante que un reducido grupo de personas tomen por asalto las instalaciones universitarias.<\/p>\n<p>Primero fue la UNAM y despu\u00e9s la UAM, \u00a0donde se apoderan de las instalaciones y amagan con no dejarlas, hasta que no se cumpla con su pliego petitorio. El pretexto para la toma en la UNAM es la expulsi\u00f3n de alumnos, considerados violentos y de la UAM en solidaridad con quienes mantiene la toma de la primera. La realidad es que ambos grupos tratan de medir hasta d\u00f3nde llega el l\u00edmite de autoridad y tolerancia. Se recuerda como hace poco m\u00e1s de una d\u00e9cada, finales de la administraci\u00f3n presidencial de Ernesto Zedillo, la reci\u00e9n creada polic\u00eda federal entr\u00f3 a territorio de la UNAM, para desalojar a un grupo similar. \u00bfSuceder\u00e1 lo mismo ahora?<\/p>\n<p><em><a href=\"mailto:ramonzurita44@hotmail.com\" target=\"_blank\"><em>ramonzurita44@hotmail.com<br \/>\n<\/em><\/a><\/em><em><a href=\"mailto:zurita_sahagun@hotmail.com\" target=\"_blank\">zurita_sahagun@hotmail.com<\/a><\/em><\/p>\n","protected":false},"excerpt":{"rendered":"<p><span style=\"color: #005497;\"><strong>Ram\u00f3n Zurita Sahag\u00fan<\/strong><\/span><\/p>\n","protected":false},"author":1,"featured_media":0,"comment_status":"open","ping_status":"open","sticky":false,"template":"","format":"standard","meta":{"_monsterinsights_skip_tracking":false,"_monsterinsights_sitenote_active":false,"_monsterinsights_sitenote_note":"","_monsterinsights_sitenote_category":0,"footnotes":""},"categories":[234],"tags":[304,43674,43687],"class_list":["post-129549","post","type-post","status-publish","format-standard","hentry","category-ramon-zurita-sahagun","tag-de-frente-y-de-perfil","tag-opinion","tag-ramon-zurita-sahagun"],"_links":{"self":[{"href":"https:\/\/www.diarioimagen.net\/index.php?rest_route=\/wp\/v2\/posts\/129549","targetHints":{"allow":["GET"]}}],"collection":[{"href":"https:\/\/www.diarioimagen.net\/index.php?rest_route=\/wp\/v2\/posts"}],"about":[{"href":"https:\/\/www.diarioimagen.net\/index.php?rest_route=\/wp\/v2\/types\/post"}],"author":[{"embeddable":true,"href":"https:\/\/www.diarioimagen.net\/index.php?rest_route=\/wp\/v2\/users\/1"}],"replies":[{"embeddable":true,"href":"https:\/\/www.diarioimagen.net\/index.php?rest_route=%2Fwp%2Fv2%2Fcomments&post=129549"}],"version-history":[{"count":0,"href":"https:\/\/www.diarioimagen.net\/index.php?rest_route=\/wp\/v2\/posts\/129549\/revisions"}],"wp:attachment":[{"href":"https:\/\/www.diarioimagen.net\/index.php?rest_route=%2Fwp%2Fv2%2Fmedia&parent=129549"}],"wp:term":[{"taxonomy":"category","embeddable":true,"href":"https:\/\/www.diarioimagen.net\/index.php?rest_route=%2Fwp%2Fv2%2Fcategories&post=129549"},{"taxonomy":"post_tag","embeddable":true,"href":"https:\/\/www.diarioimagen.net\/index.php?rest_route=%2Fwp%2Fv2%2Ftags&post=129549"}],"curies":[{"name":"wp","href":"https:\/\/api.w.org\/{rel}","templated":true}]}}