{"id":129591,"date":"2013-04-25T00:07:22","date_gmt":"2013-04-25T05:07:22","guid":{"rendered":"http:\/\/www.diarioimagen.net\/?p=129591"},"modified":"2013-04-25T02:30:46","modified_gmt":"2013-04-25T07:30:46","slug":"entregan-a-gabriel-oshea-cuevas-la-presea-al-merito-medico-hospitalario","status":"publish","type":"post","link":"https:\/\/www.diarioimagen.net\/?p=129591","title":{"rendered":"Entregan a Gabriel O\u2019Shea Cuevas la Presea al M\u00e9rito M\u00e9dico-Hospitalario"},"content":{"rendered":"<ul>\n<li><em><strong>En su discurso se\u00f1al\u00f3 que es necesario fortalecer el seguimiento de los recursos para asegurar que s\u00ed lleguen a los beneficiarios<\/strong><\/em><\/li>\n<\/ul>\n<div id=\"attachment_129652\" style=\"width: 250px\" class=\"wp-caption alignleft\"><a href=\"http:\/\/www.diarioimagen.net\/wp-content\/uploads\/2013\/04\/oshea-2084.jpg\"><img loading=\"lazy\" decoding=\"async\" aria-describedby=\"caption-attachment-129652\" class=\"size-medium wp-image-129652\" alt=\"El doctor Gabriel O'Shea Cuevas recibi\u00f3 el galard\u00f3n.\" src=\"http:\/\/www.diarioimagen.net\/wp-content\/uploads\/2013\/04\/oshea-2084-240x135.jpg\" width=\"240\" height=\"135\" srcset=\"https:\/\/www.diarioimagen.net\/wp-content\/uploads\/2013\/04\/oshea-2084-240x135.jpg 240w, https:\/\/www.diarioimagen.net\/wp-content\/uploads\/2013\/04\/oshea-2084-420x236.jpg 420w, https:\/\/www.diarioimagen.net\/wp-content\/uploads\/2013\/04\/oshea-2084-235x132.jpg 235w, https:\/\/www.diarioimagen.net\/wp-content\/uploads\/2013\/04\/oshea-2084-202x114.jpg 202w, https:\/\/www.diarioimagen.net\/wp-content\/uploads\/2013\/04\/oshea-2084-350x196.jpg 350w, https:\/\/www.diarioimagen.net\/wp-content\/uploads\/2013\/04\/oshea-2084-220x123.jpg 220w, https:\/\/www.diarioimagen.net\/wp-content\/uploads\/2013\/04\/oshea-2084-237x132.jpg 237w, https:\/\/www.diarioimagen.net\/wp-content\/uploads\/2013\/04\/oshea-2084.jpg 480w\" sizes=\"auto, (max-width: 240px) 100vw, 240px\" \/><\/a><p id=\"caption-attachment-129652\" class=\"wp-caption-text\">El comisionado Nacional de Protecci\u00f3n Social en Salud, Gabriel O&#8217;Shea Cuevas recibi\u00f3 el galard\u00f3n.<\/p><\/div>\n<p>\u201cEs necesario fortalecer los mecanismos de seguimientos de los recursos, para asegurar que \u00e9stos lleguen a los beneficiarios del Seguro Popular, durante todo el proceso de atenci\u00f3n, adem\u00e1s de superar la segmentaci\u00f3n de los diversos esquemas de Seguridad Social para transitar hacia el siguiente estadio que es el de la protecci\u00f3n social universal,\u00a0 en el que el acceso a la salud deje de ser un derecho laboral y se convierta en un derecho ciudadano\u201d.<\/p>\n<p>As\u00ed lo aseguro, el comisionado Nacional de Protecci\u00f3n Social en Salud, Gabriel J. O\u2019Shea Cuevas, luego de recibir la Presea al M\u00e9rito M\u00e9dico-Hospitalario, por su destacada trayectoria en beneficio de la salud de la poblaci\u00f3n, dado su alto grado de humanismo y estar siempre dispuesto para apoyar a quienes m\u00e1s lo necesitan.<\/p>\n<p>Lo anterior, en el marco del 21\u00b0 Aniversario del Centro M\u00e9dico Toluca, en donde -ante la comunidad m\u00e9dica y cient\u00edfica de la entidad mexiquense y acompa\u00f1ado por el secretario de Salud del estado de M\u00e9xico, C\u00e9sar G\u00f3mez Monge- dict\u00f3 la conferencia magistral \u201cEl futuro de la salud en M\u00e9xico, compromiso de todos\u201d.<\/p>\n<p>El comisionado Nacional de Protecci\u00f3n Social en Salud, destac\u00f3 los principales objetivos que tiene el Seguro Popular, as\u00ed como los retos que habr\u00e1 de superar a lo largo de la presente administraci\u00f3n federal, encabeza por el licenciado Enrique Pe\u00f1a Nieto.<\/p>\n<p>En ese sentido, subray\u00f3 la necesidad de garantizar el acceso efectivo a los servicios de salud para toda la poblaci\u00f3n, a trav\u00e9s de la portabilidad y la convergencia de los servicios, lo que permitir\u00e1 incrementar las opciones de atenci\u00f3n para los mexicanos.<\/p>\n<p>Adem\u00e1s, puntualiz\u00f3 la necesidad de implementar acciones encaminadas a fortalecer la calidad en la atenci\u00f3n y fortalecer la labor preventiva desde el primer nivel de atenci\u00f3n.<\/p>\n<p>En el evento se cont\u00f3 con la presencia del director general de Centro M\u00e9dico Toluca, Francisco Xavier Miranda Linares; el director m\u00e9dico de Centro M\u00e9dico Toluca, Jorge Ignacio Legorreta Hern\u00e1ndez; el destacado trasplant\u00f3logo, doctor Rub\u00e9n Arg\u00fcero S\u00e1nchez y la presidenta del Consejo de Administraci\u00f3n del Centro M\u00e9dico de Toluca, licenciada Mar\u00eda de Lourdes Monroy de Miranda.<\/p>\n","protected":false},"excerpt":{"rendered":"<p>\u201cEs necesario fortalecer los mecanismos de seguimientos de los recursos, para<\/p>\n","protected":false},"author":1,"featured_media":129652,"comment_status":"open","ping_status":"open","sticky":false,"template":"","format":"standard","meta":{"_monsterinsights_skip_tracking":false,"_monsterinsights_sitenote_active":false,"_monsterinsights_sitenote_note":"","_monsterinsights_sitenote_category":0,"footnotes":""},"categories":[3],"tags":[14168,43673],"class_list":["post-129591","post","type-post","status-publish","format-standard","has-post-thumbnail","hentry","category-nacional","tag-gabriel-oshea-cuevas","tag-nacional"],"_links":{"self":[{"href":"https:\/\/www.diarioimagen.net\/index.php?rest_route=\/wp\/v2\/posts\/129591","targetHints":{"allow":["GET"]}}],"collection":[{"href":"https:\/\/www.diarioimagen.net\/index.php?rest_route=\/wp\/v2\/posts"}],"about":[{"href":"https:\/\/www.diarioimagen.net\/index.php?rest_route=\/wp\/v2\/types\/post"}],"author":[{"embeddable":true,"href":"https:\/\/www.diarioimagen.net\/index.php?rest_route=\/wp\/v2\/users\/1"}],"replies":[{"embeddable":true,"href":"https:\/\/www.diarioimagen.net\/index.php?rest_route=%2Fwp%2Fv2%2Fcomments&post=129591"}],"version-history":[{"count":0,"href":"https:\/\/www.diarioimagen.net\/index.php?rest_route=\/wp\/v2\/posts\/129591\/revisions"}],"wp:featuredmedia":[{"embeddable":true,"href":"https:\/\/www.diarioimagen.net\/index.php?rest_route=\/wp\/v2\/media\/129652"}],"wp:attachment":[{"href":"https:\/\/www.diarioimagen.net\/index.php?rest_route=%2Fwp%2Fv2%2Fmedia&parent=129591"}],"wp:term":[{"taxonomy":"category","embeddable":true,"href":"https:\/\/www.diarioimagen.net\/index.php?rest_route=%2Fwp%2Fv2%2Fcategories&post=129591"},{"taxonomy":"post_tag","embeddable":true,"href":"https:\/\/www.diarioimagen.net\/index.php?rest_route=%2Fwp%2Fv2%2Ftags&post=129591"}],"curies":[{"name":"wp","href":"https:\/\/api.w.org\/{rel}","templated":true}]}}