{"id":129594,"date":"2013-04-25T00:13:03","date_gmt":"2013-04-25T05:13:03","guid":{"rendered":"http:\/\/www.diarioimagen.net\/?p=129594"},"modified":"2013-04-25T02:27:34","modified_gmt":"2013-04-25T07:27:34","slug":"eruviel-avila-presenta-tema-musical-y-video-del-edomex","status":"publish","type":"post","link":"https:\/\/www.diarioimagen.net\/?p=129594","title":{"rendered":"Eruviel \u00c1vila presenta tema musical y video del Edomex"},"content":{"rendered":"<h2>Arco Norte<\/h2>\n<h5>Jos\u00e9 Luis Monta\u00f1ez Aguilar<\/h5>\n<p>&nbsp;<\/p>\n<div id=\"attachment_129658\" style=\"width: 250px\" class=\"wp-caption alignleft\"><a href=\"http:\/\/www.diarioimagen.net\/wp-content\/uploads\/2013\/04\/eruviel-2084.jpg\"><img loading=\"lazy\" decoding=\"async\" aria-describedby=\"caption-attachment-129658\" class=\"size-medium wp-image-129658\" alt=\"El gobernador Eruviel \u00c1vila Villegas indic\u00f3 que el video y tema musical Yo soy mexiquense, es un tributo al Estado de M\u00e9xico, adem\u00e1s de ser una campa\u00f1a que permite valorar lo que ha sido la entidad, lo que es y lo que puede ser, adem\u00e1s de proyectar y compartir valores con el resto del pa\u00eds.\" src=\"http:\/\/www.diarioimagen.net\/wp-content\/uploads\/2013\/04\/eruviel-2084-240x135.jpg\" width=\"240\" height=\"135\" srcset=\"https:\/\/www.diarioimagen.net\/wp-content\/uploads\/2013\/04\/eruviel-2084-240x135.jpg 240w, https:\/\/www.diarioimagen.net\/wp-content\/uploads\/2013\/04\/eruviel-2084-420x236.jpg 420w, https:\/\/www.diarioimagen.net\/wp-content\/uploads\/2013\/04\/eruviel-2084-235x132.jpg 235w, https:\/\/www.diarioimagen.net\/wp-content\/uploads\/2013\/04\/eruviel-2084-202x114.jpg 202w, https:\/\/www.diarioimagen.net\/wp-content\/uploads\/2013\/04\/eruviel-2084-350x196.jpg 350w, https:\/\/www.diarioimagen.net\/wp-content\/uploads\/2013\/04\/eruviel-2084-220x123.jpg 220w, https:\/\/www.diarioimagen.net\/wp-content\/uploads\/2013\/04\/eruviel-2084-237x132.jpg 237w, https:\/\/www.diarioimagen.net\/wp-content\/uploads\/2013\/04\/eruviel-2084.jpg 480w\" sizes=\"auto, (max-width: 240px) 100vw, 240px\" \/><\/a><p id=\"caption-attachment-129658\" class=\"wp-caption-text\">El gobernador Eruviel \u00c1vila Villegas indic\u00f3 que el video y tema musical Yo soy mexiquense, es un tributo al Estado de M\u00e9xico, adem\u00e1s de ser una campa\u00f1a que permite valorar lo que ha sido la entidad, lo que es y lo que puede ser, adem\u00e1s de proyectar y compartir valores con el resto del pa\u00eds.<\/p><\/div>\n<p>Para mostrar la riqueza cultural del Estado de M\u00e9xico, alrededor de mil 200 m\u00fasicos y cantantes se unieron para realizar un video mediante el cual, adem\u00e1s de promocionar a la entidad, se muestran las riquezas naturales, art\u00edsticas e hist\u00f3ricas, sus paisajes y la diversidad de su gente, anunci\u00f3 ayer el gobernador Eruviel \u00c1vila Villegas. \u201cEste proyecto que hoy nos re\u00fane es un tributo a esta gran entidad, cuya riqueza es tan grande y su territorio tan extenso que muchas veces los propios mexiquenses no alcanzamos a conocer a profundidad. Por eso, con un sentimiento de orgullo, el orgullo de ser mexiquenses, con un sentido de pertenencia, es que impulsamos esta campa\u00f1a que fortalece el amor por nuestro querido Estado de M\u00e9xico\u201d, expres\u00f3. En la Sala de Conciertos Elisa Carrillo del Centro Cultural Mexiquense Bicentenario (CCMB), dijo que este proyecto permite valorar lo que ha sido el estado, lo que es y lo que puede ser, un hermanamiento entre mexiquenses, para conocerse mejor, para proyectar y compartir valores con el resto del pa\u00eds e inclusive con el resto del mundo, a trav\u00e9s de la cultura.Por ello agradeci\u00f3 a los m\u00e1s de mil 200 participantes que respondieron a la convocatoria emitida en noviembre, quienes pusieron lo mejor de s\u00ed para homenajear a la patria chica, cant\u00e1ndole a nuestra riqueza natural, a su historia, su cultura, pero sobre todo a su gente. \u201cHoy vengo a hablarles m\u00e1s que como gobernador como un ciudadano que ha tenido el privilegio y la maravillosa oportunidad de recorrer cada rinc\u00f3n de nuestro estado y conocerlo cada d\u00eda mejor\u201d.<\/p>\n<p><em><a href=\"mailto:montanezaguilar@gmail.com\" target=\"_blank\">montanezaguilar@gmail.com<\/a><\/em><\/p>\n","protected":false},"excerpt":{"rendered":"<p><span style=\"color: #005497;\"><strong>Jos\u00e9 Luis Monta\u00f1ez Aguilar<\/strong><\/span><br \/>\n<br \/>\nPara mostrar la riqueza cultural del Estado de M\u00e9xico, alrededor de mil 200 m\u00fasicos y cantantes se unieron para realizar un video mediante el cual, adem\u00e1s de promocionar a la entidad, se muestran las riquezas naturales, art\u00edsticas e hist\u00f3ricas, sus paisajes y la diversidad de su gente, anunci\u00f3 ayer el gobernador Eruviel \u00c1vila Villegas.<\/p>\n","protected":false},"author":1,"featured_media":129658,"comment_status":"open","ping_status":"open","sticky":false,"template":"","format":"standard","meta":{"_monsterinsights_skip_tracking":false,"_monsterinsights_sitenote_active":false,"_monsterinsights_sitenote_note":"","_monsterinsights_sitenote_category":0,"footnotes":""},"categories":[5],"tags":[13284,5828,43675,43704],"class_list":["post-129594","post","type-post","status-publish","format-standard","has-post-thumbnail","hentry","category-estado-de-mexico","tag-arco-norte","tag-eruviel-avila-villegas","tag-estado-de-mexico","tag-jose-luis-montanez-aguilar"],"_links":{"self":[{"href":"https:\/\/www.diarioimagen.net\/index.php?rest_route=\/wp\/v2\/posts\/129594","targetHints":{"allow":["GET"]}}],"collection":[{"href":"https:\/\/www.diarioimagen.net\/index.php?rest_route=\/wp\/v2\/posts"}],"about":[{"href":"https:\/\/www.diarioimagen.net\/index.php?rest_route=\/wp\/v2\/types\/post"}],"author":[{"embeddable":true,"href":"https:\/\/www.diarioimagen.net\/index.php?rest_route=\/wp\/v2\/users\/1"}],"replies":[{"embeddable":true,"href":"https:\/\/www.diarioimagen.net\/index.php?rest_route=%2Fwp%2Fv2%2Fcomments&post=129594"}],"version-history":[{"count":0,"href":"https:\/\/www.diarioimagen.net\/index.php?rest_route=\/wp\/v2\/posts\/129594\/revisions"}],"wp:featuredmedia":[{"embeddable":true,"href":"https:\/\/www.diarioimagen.net\/index.php?rest_route=\/wp\/v2\/media\/129658"}],"wp:attachment":[{"href":"https:\/\/www.diarioimagen.net\/index.php?rest_route=%2Fwp%2Fv2%2Fmedia&parent=129594"}],"wp:term":[{"taxonomy":"category","embeddable":true,"href":"https:\/\/www.diarioimagen.net\/index.php?rest_route=%2Fwp%2Fv2%2Fcategories&post=129594"},{"taxonomy":"post_tag","embeddable":true,"href":"https:\/\/www.diarioimagen.net\/index.php?rest_route=%2Fwp%2Fv2%2Ftags&post=129594"}],"curies":[{"name":"wp","href":"https:\/\/api.w.org\/{rel}","templated":true}]}}