{"id":129704,"date":"2013-04-26T00:07:28","date_gmt":"2013-04-26T05:07:28","guid":{"rendered":"http:\/\/www.diarioimagen.net\/?p=129704"},"modified":"2013-04-26T02:47:16","modified_gmt":"2013-04-26T07:47:16","slug":"graco-aureoles-y-barbosa-alejan-al-prd-del-pan","status":"publish","type":"post","link":"https:\/\/www.diarioimagen.net\/?p=129704","title":{"rendered":"Graco, Aureoles y Barbosa alejan al PRD del PAN"},"content":{"rendered":"<h2>Tras la puerta del poder<\/h2>\n<h5>Roberto Vizca\u00edno<\/h5>\n<p>&nbsp;<\/p>\n<ul>\n<li><strong><i>Graco afirma: lo de Veracruz es Kramer vs Kramer, los Yunes del PAN contra los Yunes del PRI, igual de sucios<\/i><\/strong><\/li>\n<li><strong><i>Cordero insiste en que o se van Rosario y Duarte o los panistas no regresan a la mesa del Pacto por M\u00e9xico<\/i><\/strong><\/li>\n<li><strong><i>Mancera prometi\u00f3 que su gobierno apoyar\u00e1 a transportistas a mejorar unidades urbanas<\/i><\/strong><\/li>\n<\/ul>\n<div id=\"attachment_129829\" style=\"width: 250px\" class=\"wp-caption alignleft\"><a href=\"http:\/\/www.diarioimagen.net\/wp-content\/uploads\/2013\/04\/HAY-NIVELES-trizas-2085.jpg\"><img loading=\"lazy\" decoding=\"async\" aria-describedby=\"caption-attachment-129829\" class=\"size-medium wp-image-129829\" alt=\"Hay niveles... | Trizas\" src=\"http:\/\/www.diarioimagen.net\/wp-content\/uploads\/2013\/04\/HAY-NIVELES-trizas-2085-240x170.jpg\" width=\"240\" height=\"170\" srcset=\"https:\/\/www.diarioimagen.net\/wp-content\/uploads\/2013\/04\/HAY-NIVELES-trizas-2085-240x170.jpg 240w, https:\/\/www.diarioimagen.net\/wp-content\/uploads\/2013\/04\/HAY-NIVELES-trizas-2085-420x298.jpg 420w, https:\/\/www.diarioimagen.net\/wp-content\/uploads\/2013\/04\/HAY-NIVELES-trizas-2085-90x65.jpg 90w, https:\/\/www.diarioimagen.net\/wp-content\/uploads\/2013\/04\/HAY-NIVELES-trizas-2085.jpg 700w\" sizes=\"auto, (max-width: 240px) 100vw, 240px\" \/><\/a><p id=\"caption-attachment-129829\" class=\"wp-caption-text\">Hay niveles&#8230; | Trizas<\/p><\/div>\n<p>Tres personajes claves de la c\u00fapula perredista, los coordinadores de las bancadas del partido del sol azteca en la C\u00e1mara de Diputados, el michoacano Silvano Aureoles y el poblano Miguel Barbosa en la de Senadores, junto con el gobernador de Morelos, Graco Ram\u00edrez, afirmaron que ni su partido, ni sus bancadas pueden entrar en la din\u00e1mica de atracci\u00f3n de un PAN confrontado con el gobierno de Enrique Pe\u00f1a Nieto, ni por ello exponer su participaci\u00f3n dentro del Pacto por M\u00e9xico.<\/p>\n<p>El mandatario morelense, quien fue senador en la legislatura anterior y participante de pr\u00e1cticamente todos los movimientos de izquierda sobresalientes de los \u00faltimos 30 a\u00f1os, advirti\u00f3:<\/p>\n<p>\u201cRespecto del Pacto por M\u00e9xico\u2026 es la primera vez que la izquierda participa (en las decisiones de Estado), a diferencia de lo que hizo el PRI y el PAN durante muchos a\u00f1os, 20 a\u00f1os por lo menos desde Carlos Salinas hasta ahora que estamos nosotros participando, donde la econom\u00eda no creci\u00f3, donde se generaron monopolios, donde se entregaron empresas p\u00fablicas a amigos y donde se hizo todo esto que hoy vemos del pa\u00eds.<\/p>\n<p>\u201cHoy estamos en una ley de telecomunicaciones que puede y acota monopolios, que abre inversiones importantes en el mercado, estamos ante una ley de reforma educativa que plantea la calidad de la educaci\u00f3n y se preservaron derechos de los trabajadores y se les generan condiciones para apoyarlos para que puedan profesionalizarse, y en el caso de la reforma bancaria que viene que yo conozco, esta reforma de la banca es muy importante, lo intentamos nosotros en el Senado, bajar las tasas de inter\u00e9s, bajar las comisiones que se cobran por los servicios de la banca y muchas otras cosas m\u00e1s que han convertido a la banca mexicana en una banca extranjerizada y privilegiada que no est\u00e1 comprometida con el pa\u00eds.<\/p>\n<p>\u201cNo hay banca de desarrollo en M\u00e9xico y el hecho de que Nafinsa lo sea y para ser una banca de desarrollo es un salto cualitativo tambi\u00e9n para el pa\u00eds.<\/p>\n<p>Todo ello nos parece que esta iniciativa que se va a presentar pr\u00f3ximamente, que ha superado los problemas de diferencias electorales y espero que as\u00ed sea\u2026<\/p>\n<p>\u201cAvancemos, vayamos a la reforma energ\u00e9tica preservando a Pemex como una empresa del Estado mexicano y hagamos reforma fiscal, hay que sacar a Pemex del presupuesto para aquella reforma fiscal; en tanto en M\u00e9xico no haya, no est\u00e9 Pemex fuera del presupuesto no habr\u00e1 reforma fiscal.<\/p>\n<p>\u201cPemex le garantiza al gobierno 40 centavos de cada peso del gasto, \u00bfpara qu\u00e9 va a cobrar impuestos a los contribuyentes si de Pemex va a sacar el dinero?<\/p>\n<p>Y la situaci\u00f3n de Pemex hoy d\u00eda es la que tenemos porque no le permiten capitalizarse como una gran empresa que es (inaudible).<\/p>\n<p>\u201cHay que sacarla del presupuesto, convertirla en la empresa estatal del Estado, al modelo franc\u00e9s y tener una reforma fiscal donde los dem\u00e1s contribuyentes paguen impuestos en este pa\u00eds y podamos tener ingresos de acuerdo con el Producto Interno Bruto de m\u00e1s de 10 puntos de los que no pagan impuestos ahora.<\/p>\n<p>\u201cHoy si quitamos a Pemex solamente se pagan impuestos y equivalen a 12 puntos del Producto Interno Bruto, equivalemos a una econom\u00eda como la de Nicaragua, con todo respeto, El Salvador, Guatemala, que son equivalentes a este tipo de ingresos, de 6 a 12.<\/p>\n<p>\u201cPara poder ser un pa\u00eds sano financieramente y un gobierno sano financieramente requerimos llegar a cerca de 27 puntos del Producto Interno Bruto y esto va a ser posible si quitamos los privilegios a los grandes contribuyentes.<\/p>\n<p>\u201cEl tema no es si pagamos IVA o no, es el tema de si pagan los que no pagan hoy d\u00eda en este pa\u00eds\u201d.<\/p>\n<p>Todos eso, indic\u00f3, no vale la pena exponerlo por seguir a un grupo de panistas obsesionados con asuntos en los cuales son tan culpables como a quienes acusan.<\/p>\n<p>\u201cEl tema de Veracruz es como el de de Kramer contra Kramer\u2026 los Yunes del PAN contra los Yunes del PRI, igual de cochinos ambos, ese es el tema de Veracruz\u2026<\/p>\n<p>\u201cY ahora toman el argumento de que sea Rosario Robles la responsable, cuando la que menos tiene que ver con eso es Rosario Robles, evidentemente.<\/p>\n<p>\u201cEste es un tema de los caciques\u00a0 veracruzanos que est\u00e1n en el PAN y est\u00e1n en el PRI, y esa es otra cosa, y no confundamos el tema de la pol\u00edtica social\u201d, indic\u00f3 el gobernador morelense.<\/p>\n<p>Al respecto Silvano Aureoles, lo secund\u00f3:<\/p>\n<p>\u201c\u2026 lo que s\u00ed creo es que no podemos atender los asuntos legislativos importantes, en funci\u00f3n de las circunstancias que vive internamente un partido pol\u00edtico (el PAN), ni que cada vez que algo no sale ac\u00e1 porque hay alguna diferencia, se amenace con entonces nos vamos de la mesa de los acuerdos (es decir, del Pacto por M\u00e9xico)\u2026<\/p>\n<p>\u201cEs decir, est\u00e1n en su libertad como partido pol\u00edtico de asumir la postura que sea, pero no puede ser que siga arrastrando esa din\u00e1mica a la C\u00e1mara o a las C\u00e1maras (de Diputados y Senadores) con el resto de los temas\u2026\u201d<\/p>\n<p align=\"center\"><b>ROSARIO Y DUARTE<\/b><\/p>\n<p>Casi en respuesta, Ernesto Cordero, coordinador de los senadores del PAN y presidente de su C\u00e1mara, convoc\u00f3 a conferencia de prensa para reiterar que su fracci\u00f3n apoya a su presidente de partido, Gustavo Madero en su decisi\u00f3n de no regresar a la mesa del Pacto por M\u00e9xico mientras el presidente Pe\u00f1a Nieto no corra a Rosario y le abra juicio pol\u00edtico al gobernador de Veracruz, Javier Duarte.<\/p>\n<p>\u201cNo nos imaginamos un regreso (del PAN) al Pacto por M\u00e9xico sin que antes sea atendida la demanda ciudadana de que se haga justicia y se castigue a los responsables\u201d.<\/p>\n<p>Cordero advirti\u00f3 que junto con el despido de Rosario y el enjuiciamiento de Duarte, deben ser cesados los secretarios de Finanzas y \u00a0de Salud del gobierno de Veracruz.<\/p>\n<p>Dijo que mientras eso no ocurra, Pe\u00f1a Nieto ni ser\u00e1 ni cre\u00edble ni confiable para los panistas.<\/p>\n<p>\u201cNosotros vamos a estar muy atentos, vamos a estar supervisando. Estamos seguros que lo que pasa en Veracruz no es un hecho aislado. Vamos a estar muy atentos. Y vamos, desde el punto de vista legislativo, a impulsar una legislaci\u00f3n que nos permita condicionar y poner candados estrictos a los perfiles de los delegados federales\u201d, concluy\u00f3.<b>\u00a0<\/b><\/p>\n<p align=\"center\"><b>TRANSPORTE\u00a0<\/b><b>EFICIENTE<\/b><\/p>\n<p>Uno de los principales reclamos de los capitalinos, es sobre el p\u00e9simo servicio de transporte p\u00fablico.<\/p>\n<p>Ayer el Jefe de Gobierno del DF, Miguel \u00c1ngel Mancera se comprometi\u00f3 a que en su administraci\u00f3n la ciudad de M\u00e9xico contar\u00e1 con un transporte p\u00fablico moderno, eficiente, seguro y de calidad que le garantice a los ciudadanos la movilidad y la seguridad que exige.<\/p>\n<p>Y, al inaugurar el Quinto Congreso Internacional de Transporte Redise\u00f1ando el Futuro de las Ciudades y la Movilidad, a donde acudieron los principales concesionarios les inform\u00f3 a estos que pronto se revisar\u00e1 la normatividad para que los prestadores del servicio reparen sus veh\u00edculos o adquieran nuevos.<\/p>\n<p>Ah\u00ed advirti\u00f3 que las unidades de quienes infrinjan la norma administrativa, carezcan de documentaci\u00f3n o presenten un estado de deterioro para ser calificados de chatarra, ser\u00e1n retiradas de la circulaci\u00f3n.<\/p>\n<p>El mandatario les record\u00f3 que recientemente se autoriz\u00f3 alza de un peso en la tarifa, y que ante ello los concesionarios se comprometieron a modernizar, reordenar, respetar el reglamento de tr\u00e1nsito y acatar el acuerdo suscrito con el GDF, que los obliga a la prestaci\u00f3n eficiente y segura del servicio, pues la movilidad de los capitalinos es una exigencia que no admite demora.<\/p>\n<p>Luego, ante representantes de transportistas de 11 pa\u00edses y de 14 estados de la Rep\u00fablica, Mancera detallo la experiencia del DF en el tema:<\/p>\n<p>\u201cTenemos unidades que cumplen con los m\u00e1s altos par\u00e1metros de ahorro de combustible, de comunicaci\u00f3n armoniosa con el ambiente, cumplimos con las normas internacionales, contamos con el Sistema Metrob\u00fas, que es ejemplo nacional y\u00a0 con presencia\u00a0 internacional; dise\u00f1amos corredores de transporte para cambiar el concepto de hombre-cami\u00f3n por la modalidad\u00a0 empresa de transporte p\u00fablico\u201d.<\/p>\n<p>Y por ello se dar\u00e1 apoyo a los otros concesionarios para que mejoren sus unidades a fin de que se incorporen a la din\u00e1mica de modernizaci\u00f3n del transporte de punta que ya opera en esta ciudad, les dijo.<\/p>\n<p><em><a href=\"mailto:rvizcaino@gmail.com\" target=\"_blank\">rvizcaino@gmail.com<\/a><\/em><\/p>\n<p>&nbsp;<\/p>\n","protected":false},"excerpt":{"rendered":"<p><span style=\"color: #005497;\"><strong>Roberto Vizca\u00edno<\/strong><\/span><\/p>\n","protected":false},"author":1,"featured_media":0,"comment_status":"open","ping_status":"open","sticky":false,"template":"","format":"standard","meta":{"_monsterinsights_skip_tracking":false,"_monsterinsights_sitenote_active":false,"_monsterinsights_sitenote_note":"","_monsterinsights_sitenote_category":0,"footnotes":""},"categories":[136],"tags":[98,43674,93,94],"class_list":["post-129704","post","type-post","status-publish","format-standard","hentry","category-roberto-vizcaino-opinion","tag-camara-de-diputados","tag-opinion","tag-roberto-vizcaino","tag-tras-la-puerta-del-poder"],"_links":{"self":[{"href":"https:\/\/www.diarioimagen.net\/index.php?rest_route=\/wp\/v2\/posts\/129704","targetHints":{"allow":["GET"]}}],"collection":[{"href":"https:\/\/www.diarioimagen.net\/index.php?rest_route=\/wp\/v2\/posts"}],"about":[{"href":"https:\/\/www.diarioimagen.net\/index.php?rest_route=\/wp\/v2\/types\/post"}],"author":[{"embeddable":true,"href":"https:\/\/www.diarioimagen.net\/index.php?rest_route=\/wp\/v2\/users\/1"}],"replies":[{"embeddable":true,"href":"https:\/\/www.diarioimagen.net\/index.php?rest_route=%2Fwp%2Fv2%2Fcomments&post=129704"}],"version-history":[{"count":0,"href":"https:\/\/www.diarioimagen.net\/index.php?rest_route=\/wp\/v2\/posts\/129704\/revisions"}],"wp:attachment":[{"href":"https:\/\/www.diarioimagen.net\/index.php?rest_route=%2Fwp%2Fv2%2Fmedia&parent=129704"}],"wp:term":[{"taxonomy":"category","embeddable":true,"href":"https:\/\/www.diarioimagen.net\/index.php?rest_route=%2Fwp%2Fv2%2Fcategories&post=129704"},{"taxonomy":"post_tag","embeddable":true,"href":"https:\/\/www.diarioimagen.net\/index.php?rest_route=%2Fwp%2Fv2%2Ftags&post=129704"}],"curies":[{"name":"wp","href":"https:\/\/api.w.org\/{rel}","templated":true}]}}