{"id":129725,"date":"2013-04-26T00:04:51","date_gmt":"2013-04-26T05:04:51","guid":{"rendered":"http:\/\/www.diarioimagen.net\/?p=129725"},"modified":"2013-04-26T02:47:49","modified_gmt":"2013-04-26T07:47:49","slug":"el-libro","status":"publish","type":"post","link":"https:\/\/www.diarioimagen.net\/?p=129725","title":{"rendered":"El libro"},"content":{"rendered":"<h2>Punto por punto<\/h2>\n<h5>Augusto Corro<\/h5>\n<p>&nbsp;<\/p>\n<p>El 23 de abril de 1995 fue aprobado por la UNESCO como el \u201cD\u00eda Internacional del Libro\u201d. Desde entonces cada a\u00f1o, se promueve de diferente manera, en varios pa\u00edses del mundo, el inter\u00e9s por los libros y, consecuentemente, por la lectura.<\/p>\n<p>El concepto de lectura es variado y va de acuerdo con el inter\u00e9s de lector, obvio. Por ejemplo, hay personas que leen para ser sabias y otras m\u00e1s para fugarse, divertirse, etc.<\/p>\n<p>De acuerdo con su formaci\u00f3n acad\u00e9mica, algunas personas se aficionan para siempre de los libros y la lectura. Otras simplemente se dedican a leer de vez en cuando. Hay gente que combina ambas lecturas.<\/p>\n<p>Lo que s\u00ed se puede afirmar es que mientras una persona tenga m\u00e1s libros le\u00eddos, estar\u00e1 en mejores condiciones de ver al mundo diferente de enfrentarlo de diferente manera: buena o mala; pero nunca ignorarlo.\u00a0 Recuerdo mis primeros pasos en los libros: aquella infancia en la que sobre el escritorio de mi abuelo recortaba los dibujos de Dor\u00e9 que embellec\u00edan El Quijote\u201d, porque me parec\u00edan figuras alucinantes para guardarlas en mi bur\u00f3.<\/p>\n<p>Por ejemplo, aquello escena en la que \u201cDon Quijote\u201d lanza en ristre ataca a los molinos de viento, ante la angustia de \u201cSancho Panza\u201d montado en su pollino, como simple testigo de la locura de su amo.<\/p>\n<p>Poco despu\u00e9s, le met\u00ed tijera a las l\u00e1minas del \u201cRobinson Crusoe\u201d de Defoe, porque estaba realmente impresionado con la vestimenta del propio n\u00e1ufrago, su parasol y el nativo \u201cViernes\u201d a un lado, sin faltarles el papagayo\u00a0 multicolor.<\/p>\n<p>Poco a poco sub\u00ed la mira de mis lecturas. Interesado en saber de un list\u00edsimo detective de quien hablaban mis amiguitos, desemboqu\u00e9 en la obra de Conan Doyle, donde encontr\u00e9 a \u201cSherlock Holmes\u201d: este un detective que usaba el arte de la deducci\u00f3n como arma principal contra la delincuencia. Con sus aventuras al lado de su querido \u201cdoctor Watson\u201d, viv\u00ed horas de abstracci\u00f3n total. No pensaba en otra cosa que no fuera \u201cSherlock\u201d. A la edad en que se tiene la mente m\u00e1s despejada tuve en mis manos los libros de Edgar Allan Poe, incluidas sus \u201cNarraciones extraordinarias\u201d. \u00bfQui\u00e9n no recuerda esos relatos que ponen los pelos de punta?<\/p>\n<p>Hubo una etapa en la que me dedicaba m\u00e1s a leer,\u00a0 con la suerte de que contaba con un tesoro de libros de literatura universal.<\/p>\n<p>Un vecino,\u00a0 cuyo padre, el profesor Tel\u00e9sforo Mendoza Guerrero, uno de los hombres m\u00e1s sabios que he conocido, ten\u00eda en su biblioteca las obras maestras de la literatura universal que regal\u00f3 el brillante secretario de Educaci\u00f3n, Jos\u00e9 Vasconcelos. En ese tesoro literario se encontraban las obras universales de las letras: Tolstoi, Cervantes, Faulkner, Sweig, Poe, Stendhal, Gogol, Dostoievski, Maupassant, Dickens, Flaubert y un largo etc\u00e9tera.\u00a0 La \u00fanica desventaja de esos libros de Vasconcelos\u00a0 era la letra tan chica (de 6 puntos);\u00a0 pero el sacrificio de los ojos bien vali\u00f3 la pena.<\/p>\n<p>Con el tiempo, el mundo de mis lecturas se enriqueci\u00f3 y ahora estoy en el tiempo de la relectura.\u00a0 Por ejemplo, ahora releo la obra inmortal de Tolstoi, \u201cAna Karenina\u201d.\u00a0 Avanz\u00f3 y me detengo porque me gustar\u00eda que esa lectura fuera eterna, para siempre.<\/p>\n<p>Con la gu\u00eda de los grandes cr\u00edticos literarios, llegu\u00e9 a la conclusi\u00f3n, tal vez muy parcial, pero que a m\u00ed me convenci\u00f3 de que nuestra literatura espa\u00f1ola tiene tres representantes genuinos: Cervantes en la novela, Boablo Neruda en la poes\u00eda.<\/p>\n<p>Claro, no me olvido de esos magn\u00edficos poemas en prosa que son el \u201cLlano en llamas\u201d y \u201cPedro P\u00e1ramo\u201d, de Juan Rulfo.<\/p>\n<p style=\"text-align: left;\" align=\"right\"><em><b>Feliz fin de semana.<\/b><\/em><\/p>\n<p style=\"text-align: left;\" align=\"right\"><em><a href=\"mailto:aco2742@hotmail.com\" target=\"_blank\">aco2742@hotmail.com<\/a><\/em><\/p>\n","protected":false},"excerpt":{"rendered":"<p><span style=\"color: #005497;\"><strong>Augusto Corro<\/strong><\/span><\/p>\n","protected":false},"author":1,"featured_media":0,"comment_status":"open","ping_status":"open","sticky":false,"template":"","format":"standard","meta":{"_monsterinsights_skip_tracking":false,"_monsterinsights_sitenote_active":false,"_monsterinsights_sitenote_note":"","_monsterinsights_sitenote_category":0,"footnotes":""},"categories":[157],"tags":[43686,2005,43674,11515],"class_list":["post-129725","post","type-post","status-publish","format-standard","hentry","category-augusto-corro","tag-augusto-corro","tag-libros","tag-opinion","tag-punto-por-punto"],"_links":{"self":[{"href":"https:\/\/www.diarioimagen.net\/index.php?rest_route=\/wp\/v2\/posts\/129725","targetHints":{"allow":["GET"]}}],"collection":[{"href":"https:\/\/www.diarioimagen.net\/index.php?rest_route=\/wp\/v2\/posts"}],"about":[{"href":"https:\/\/www.diarioimagen.net\/index.php?rest_route=\/wp\/v2\/types\/post"}],"author":[{"embeddable":true,"href":"https:\/\/www.diarioimagen.net\/index.php?rest_route=\/wp\/v2\/users\/1"}],"replies":[{"embeddable":true,"href":"https:\/\/www.diarioimagen.net\/index.php?rest_route=%2Fwp%2Fv2%2Fcomments&post=129725"}],"version-history":[{"count":0,"href":"https:\/\/www.diarioimagen.net\/index.php?rest_route=\/wp\/v2\/posts\/129725\/revisions"}],"wp:attachment":[{"href":"https:\/\/www.diarioimagen.net\/index.php?rest_route=%2Fwp%2Fv2%2Fmedia&parent=129725"}],"wp:term":[{"taxonomy":"category","embeddable":true,"href":"https:\/\/www.diarioimagen.net\/index.php?rest_route=%2Fwp%2Fv2%2Fcategories&post=129725"},{"taxonomy":"post_tag","embeddable":true,"href":"https:\/\/www.diarioimagen.net\/index.php?rest_route=%2Fwp%2Fv2%2Ftags&post=129725"}],"curies":[{"name":"wp","href":"https:\/\/api.w.org\/{rel}","templated":true}]}}