{"id":129731,"date":"2013-04-26T00:03:50","date_gmt":"2013-04-26T05:03:50","guid":{"rendered":"http:\/\/www.diarioimagen.net\/?p=129731"},"modified":"2013-04-26T02:47:55","modified_gmt":"2013-04-26T07:47:55","slug":"el-balance-de-felipe-calderon","status":"publish","type":"post","link":"https:\/\/www.diarioimagen.net\/?p=129731","title":{"rendered":"El balance de Felipe Calder\u00f3n"},"content":{"rendered":"<h2>Detr\u00e1s del Poder<\/h2>\n<h5>Jos\u00e9 Antonio L\u00f3pez Sosa<\/h5>\n<p>&nbsp;<\/p>\n<p>Conforme van pasando los meses, se va demostrando paso a paso el desastre en que convirti\u00f3 a la administraci\u00f3n p\u00fablica federal el ex presidente Felipe Calder\u00f3n Hinojosa y su equipo, por cierto, muchos de ellos a\u00fan activos en la vida pol\u00edtica nacional (el senador Ernesto Cordero, el senador Javier Lozano, el senador Roberto Gil, el embajador Eduardo Medina Mora, entre otros).<\/p>\n<p>La liberaci\u00f3n de No\u00e9 Ram\u00edrez Mandujano y de Tom\u00e1s \u00c1ngeles Dauahare muestra que entre Calder\u00f3n, la ex procuradora Marisela Morales, el ex secretario Genaro Garc\u00eda Luna y la defensa del resto del gabinete, hicieron trizas no s\u00f3lo la ley, sino los procedimientos y la supuesta lucha contra el crimen organizado.<\/p>\n<p>Es dif\u00edcil creer que un jefe de Estado pueda actuar de forma tan irresponsable o bien, pecar de omisi\u00f3n ante hechos tan catastr\u00f3ficos como dar por hecho, la declaraci\u00f3n de un ex delincuente y testigo protegido sin llevar al cabo una investigaci\u00f3n exhaustiva.<\/p>\n<p>\u00bfHacia d\u00f3nde quer\u00eda llevar Calder\u00f3n al pa\u00eds?<\/p>\n<p>Lo peor de todo es que sacrific\u00f3 a muchos de sus correligionarios en el hecho, Felipe Calder\u00f3n no reconoce que es \u00e9l mismo, la principal raz\u00f3n por la cual los ciudadanos no votaron por el PAN en la elecci\u00f3n federal. Quiz\u00e1s de haber ganado V\u00e1zquez Mota el gobierno hubiese actuado como protector del desastre que dej\u00f3 el 30 de noviembre Calder\u00f3n, un d\u00eda antes que abandonara permanentemente al pa\u00eds.<\/p>\n<p>Cada seis a\u00f1os cre\u00edamos que no pod\u00eda haber un peor presidente, sin embargo, Felipe Calder\u00f3n rebas\u00f3 toda expectativa y logr\u00f3 un r\u00e9cord muy dif\u00edcil de superar.<\/p>\n<p>Ahora el tema es, \u00bftendr\u00e1 el gobierno de Pe\u00f1a Nieto el valor y la responsabilidad de traer a cuentas a todos esos funcionarios calderonistas que pusieron al pa\u00eds, a la seguridad y a la justicia de cabeza?<\/p>\n<p>\u00bfQu\u00e9 m\u00e1s pruebas se necesitan para saber que hay ex funcionarios con responsabilidades que aclarar ante la justicia mexicana?<\/p>\n<p>Adem\u00e1s, tambi\u00e9n vale la pena escuchar los argumentos que los senadores ex colaboradores de Calder\u00f3n tendr\u00e1n para la defensa de lo indefendible, para eso se pintan solos.<\/p>\n<p>En fin, #todomal en la administraci\u00f3n de Felipe Calder\u00f3n, un presidente que le hizo da\u00f1o al pa\u00eds cada d\u00eda de su sexenio, una persona que lastim\u00f3 al pa\u00eds como pocos lo han hecho a lo largo de nuestra historia.<\/p>\n<p><em><a href=\"mailto:lopez.sosa@mexico.com\" target=\"_blank\">lopez.sosa@mexico.com<\/a><\/em><br \/>\n<em><a href=\"http:\/\/twitter.com\/#%21\/joseantonio1977\" target=\"_blank\">@joseantonio1977<br \/>\n<\/a><\/em><em><a href=\"http:\/\/www.formulaconfidencial.com.mx\/\" target=\"_blank\">www.formulaconfidencial.com.mx<\/a><\/em><\/p>\n","protected":false},"excerpt":{"rendered":"<p><span style=\"color: #005497;\"><strong>Jos\u00e9 Antonio L\u00f3pez Sosa<\/strong><\/span><\/p>\n","protected":false},"author":1,"featured_media":0,"comment_status":"open","ping_status":"open","sticky":false,"template":"","format":"standard","meta":{"_monsterinsights_skip_tracking":false,"_monsterinsights_sitenote_active":false,"_monsterinsights_sitenote_note":"","_monsterinsights_sitenote_category":0,"footnotes":""},"categories":[637],"tags":[638,43690,43674],"class_list":["post-129731","post","type-post","status-publish","format-standard","hentry","category-jose-antonio-lopez-sosa","tag-detras-del-poder","tag-jose-antonio-lopez-sosa","tag-opinion"],"_links":{"self":[{"href":"https:\/\/www.diarioimagen.net\/index.php?rest_route=\/wp\/v2\/posts\/129731","targetHints":{"allow":["GET"]}}],"collection":[{"href":"https:\/\/www.diarioimagen.net\/index.php?rest_route=\/wp\/v2\/posts"}],"about":[{"href":"https:\/\/www.diarioimagen.net\/index.php?rest_route=\/wp\/v2\/types\/post"}],"author":[{"embeddable":true,"href":"https:\/\/www.diarioimagen.net\/index.php?rest_route=\/wp\/v2\/users\/1"}],"replies":[{"embeddable":true,"href":"https:\/\/www.diarioimagen.net\/index.php?rest_route=%2Fwp%2Fv2%2Fcomments&post=129731"}],"version-history":[{"count":0,"href":"https:\/\/www.diarioimagen.net\/index.php?rest_route=\/wp\/v2\/posts\/129731\/revisions"}],"wp:attachment":[{"href":"https:\/\/www.diarioimagen.net\/index.php?rest_route=%2Fwp%2Fv2%2Fmedia&parent=129731"}],"wp:term":[{"taxonomy":"category","embeddable":true,"href":"https:\/\/www.diarioimagen.net\/index.php?rest_route=%2Fwp%2Fv2%2Fcategories&post=129731"},{"taxonomy":"post_tag","embeddable":true,"href":"https:\/\/www.diarioimagen.net\/index.php?rest_route=%2Fwp%2Fv2%2Ftags&post=129731"}],"curies":[{"name":"wp","href":"https:\/\/api.w.org\/{rel}","templated":true}]}}