{"id":129740,"date":"2013-04-26T00:01:41","date_gmt":"2013-04-26T05:01:41","guid":{"rendered":"http:\/\/www.diarioimagen.net\/?p=129740"},"modified":"2013-04-26T02:48:09","modified_gmt":"2013-04-26T07:48:09","slug":"arde-guerrero-y-la-agenda-de-tv","status":"publish","type":"post","link":"https:\/\/www.diarioimagen.net\/?p=129740","title":{"rendered":"Arde Guerrero y la agenda de TV"},"content":{"rendered":"<h2>Pol\u00edtica Spot<\/h2>\n<h5>Juan Manuel Maga\u00f1a<\/h5>\n<p>&nbsp;<\/p>\n<p>En los extra\u00f1os hechos de violencia en Guerrero llama mucho la atenci\u00f3n la forma en que el monopolio de televisi\u00f3n incorpor\u00f3 con ganas su agenda.<\/p>\n<p>De inmediato endilg\u00f3 en sus espacios \u201cinformativos\u201d el calificativo de \u201cv\u00e1ndalos\u201d a todos los maestros disidentes de la regi\u00f3n y azuz\u00f3 al gobierno del estado para que pusiera en marcha, a la voz de ya, la represi\u00f3n. En Guerrero reina la ingobernabilidad, se dijo en tono provocador.<\/p>\n<p>Y no s\u00f3lo eso, hasta pusieron a declarar como si fuera un gran especialista en el asunto (o m\u00e1s bien parte beligerante) a Claudio X. Gonz\u00e1lez, presidente de la derechista organizaci\u00f3n Mexicanos Primero, el mismo que junto con Televisa se la ha pasado bolseando por a\u00f1os a cuanto tarjetahabiente se deje para adornarse con su programa B\u00e9calos.<\/p>\n<p>\u00bfSe nota el inter\u00e9s de golpear lo que pudiera resistir a sus intereses no declarados?<\/p>\n<p>Y hasta el gobierno guerrerense pidi\u00f3 ya a la Procuradur\u00eda local \u00f3rdenes de aprehensi\u00f3n contra los presuntos responsables de actos violentos cometidos por integrantes de la Coordinadora Estatal de Trabajadores de la Educaci\u00f3n de Guerrero (CETEG) y del Movimiento Popular Guerrerense contra las sedes partidistas del PRI, el PAN, el PRD y Movimiento Ciudadano en Chilpancingo, as\u00ed como contra un edificio de la Secretar\u00eda de Educaci\u00f3n estatal.<\/p>\n<p>Lo raro fue que el d\u00eda anterior, ese mismo gobierno diferenciaba entre posibles guerrilleros y maestros disidentes, porque para variar no est\u00e1 claro de qu\u00e9 se trata cuando aparecen las capuchas y lo que sigue es la violencia.<\/p>\n<p>La situaci\u00f3n es delicada. Las expresiones de inconformidad como las que se contaminan de violencia pueden resultar contraproducentes para el magisterio inconforme y sus reivindicaciones, pues luego dan argumentos a los interesados en la represi\u00f3n de las disidencias y la criminalizaci\u00f3n de los movimientos sociales.<\/p>\n<p>Hay que recordar que el conflicto viene de la reforma educativa que incubaron las c\u00fapulas de los partidos, que actuaron con distancia hasta de sus propios legisladores. Y de acuerdo, eso se puede reparar, como tambi\u00e9n lo de Guerrero si todo se manejan con calma.<\/p>\n<p>Por eso, en los hechos de Guerrero hay descontentos reales con los partidos, como se mostr\u00f3 con la reprobable agresi\u00f3n a sus sedes locales, que se junta con el descontento real con la situaci\u00f3n social y econ\u00f3mica de gente que habita en los lugares donde la pobreza es de lo m\u00e1s cruel.<\/p>\n<p>Y as\u00ed hasta formar algo potencialmente explosivo. Por eso, cuidado.<\/p>\n<p>Lo que cabe en este momento es que las partes involucradas en esta situaci\u00f3n riesgosa muestren sensibilidad, contenci\u00f3n y disposici\u00f3n a hacer pol\u00edtica para encontrar soluciones de fondo, pac\u00edficas y legales.<\/p>\n<p>La represi\u00f3n, como quiere la tele, s\u00f3lo tiende a agravar un conflicto, que en Guerrero puede ser de aquellos seg\u00fan ense\u00f1a la historia, esa que seguramente no leen o no han aprendido en Mexicanos Primero.<\/p>\n<p><em><a href=\"mailto: maganapalace@yahoo.com.mx\" target=\"_blank\">maganapalace@yahoo.com.mx<\/a><\/em><\/p>\n","protected":false},"excerpt":{"rendered":"<p><span style=\"color: #005497;\"><strong>Juan Manuel Maga\u00f1a<\/strong><\/span><\/p>\n","protected":false},"author":1,"featured_media":0,"comment_status":"open","ping_status":"open","sticky":false,"template":"","format":"standard","meta":{"_monsterinsights_skip_tracking":false,"_monsterinsights_sitenote_active":false,"_monsterinsights_sitenote_note":"","_monsterinsights_sitenote_category":0,"footnotes":""},"categories":[22905],"tags":[3244,43709,43674,22904],"class_list":["post-129740","post","type-post","status-publish","format-standard","hentry","category-juan-manuel-magana","tag-guerrero","tag-juan-manuel-magana","tag-opinion","tag-politica-spot"],"_links":{"self":[{"href":"https:\/\/www.diarioimagen.net\/index.php?rest_route=\/wp\/v2\/posts\/129740","targetHints":{"allow":["GET"]}}],"collection":[{"href":"https:\/\/www.diarioimagen.net\/index.php?rest_route=\/wp\/v2\/posts"}],"about":[{"href":"https:\/\/www.diarioimagen.net\/index.php?rest_route=\/wp\/v2\/types\/post"}],"author":[{"embeddable":true,"href":"https:\/\/www.diarioimagen.net\/index.php?rest_route=\/wp\/v2\/users\/1"}],"replies":[{"embeddable":true,"href":"https:\/\/www.diarioimagen.net\/index.php?rest_route=%2Fwp%2Fv2%2Fcomments&post=129740"}],"version-history":[{"count":0,"href":"https:\/\/www.diarioimagen.net\/index.php?rest_route=\/wp\/v2\/posts\/129740\/revisions"}],"wp:attachment":[{"href":"https:\/\/www.diarioimagen.net\/index.php?rest_route=%2Fwp%2Fv2%2Fmedia&parent=129740"}],"wp:term":[{"taxonomy":"category","embeddable":true,"href":"https:\/\/www.diarioimagen.net\/index.php?rest_route=%2Fwp%2Fv2%2Fcategories&post=129740"},{"taxonomy":"post_tag","embeddable":true,"href":"https:\/\/www.diarioimagen.net\/index.php?rest_route=%2Fwp%2Fv2%2Ftags&post=129740"}],"curies":[{"name":"wp","href":"https:\/\/api.w.org\/{rel}","templated":true}]}}