{"id":129765,"date":"2013-04-26T00:08:17","date_gmt":"2013-04-26T05:08:17","guid":{"rendered":"http:\/\/www.diarioimagen.net\/?p=129765"},"modified":"2013-04-26T02:42:17","modified_gmt":"2013-04-26T07:42:17","slug":"david-sanchez-isidoro-inaugura-una-lecheria-liconsa-en-jalatlaco","status":"publish","type":"post","link":"https:\/\/www.diarioimagen.net\/?p=129765","title":{"rendered":"David S\u00e1nchez Isidoro inaugura una lecher\u00eda Liconsa en Jalatlaco"},"content":{"rendered":"<ul>\n<li><em><strong>Comunidad del municipio de Coacalco<\/strong><\/em><\/li>\n<\/ul>\n<div id=\"attachment_129811\" style=\"width: 250px\" class=\"wp-caption alignleft\"><a href=\"http:\/\/www.diarioimagen.net\/wp-content\/uploads\/2013\/04\/COACALCO-2085.jpg\"><img loading=\"lazy\" decoding=\"async\" aria-describedby=\"caption-attachment-129811\" class=\"size-medium wp-image-129811\" alt=\"En Jalatlaco, poblaci\u00f3n que limita con el DF, fue inaugurada una lecher\u00eda de Liconsa, por el alcalde.\" src=\"http:\/\/www.diarioimagen.net\/wp-content\/uploads\/2013\/04\/COACALCO-2085-240x135.jpg\" width=\"240\" height=\"135\" srcset=\"https:\/\/www.diarioimagen.net\/wp-content\/uploads\/2013\/04\/COACALCO-2085-240x135.jpg 240w, https:\/\/www.diarioimagen.net\/wp-content\/uploads\/2013\/04\/COACALCO-2085-420x236.jpg 420w, https:\/\/www.diarioimagen.net\/wp-content\/uploads\/2013\/04\/COACALCO-2085-235x132.jpg 235w, https:\/\/www.diarioimagen.net\/wp-content\/uploads\/2013\/04\/COACALCO-2085-202x114.jpg 202w, https:\/\/www.diarioimagen.net\/wp-content\/uploads\/2013\/04\/COACALCO-2085-350x196.jpg 350w, https:\/\/www.diarioimagen.net\/wp-content\/uploads\/2013\/04\/COACALCO-2085-220x123.jpg 220w, https:\/\/www.diarioimagen.net\/wp-content\/uploads\/2013\/04\/COACALCO-2085-237x132.jpg 237w, https:\/\/www.diarioimagen.net\/wp-content\/uploads\/2013\/04\/COACALCO-2085.jpg 480w\" sizes=\"auto, (max-width: 240px) 100vw, 240px\" \/><\/a><p id=\"caption-attachment-129811\" class=\"wp-caption-text\">En Jalatlaco, poblaci\u00f3n que limita con el DF, fue inaugurada una lecher\u00eda de Liconsa, por el alcalde.<\/p><\/div>\n<p><strong>Coacalco, Estado de M\u00e9xico.-<\/strong> \u201cDavid hoy nos demuestras una vez m\u00e1s que tu gobierno no es s\u00f3lo de atenci\u00f3n, sino de resultados, cumpliendo una promesa que nos hiciste a los vecinos hace unos meses\u201d, se\u00f1al\u00f3 la se\u00f1ora Ang\u00e9lica Contreras Franco, quien habl\u00f3 a nombre de las familias que ser\u00e1n beneficiadas con el servicio de la lecher\u00eda Liconsa en Jalatlaco.<\/p>\n<p>El maestro David S\u00e1nchez Isidoro y el encargado de la gerencia metropolitana norte de Liconsa, Jaime Arturo Larraz\u00e1bal, inauguraron una lecher\u00eda en la comunidad de Jalatlaco, en apoyo a comunidades circunvecinas como: Loma Bonita, Rep\u00fablica Mexicana y El Gigante. De esta forma cerca de 545 personas recibir\u00e1n el apoyo de 500 litros de leche entregados diariamente.<\/p>\n<p>En su mensaje, el edil David S\u00e1nchez Isidoro apunto \u201cme da mucho gusto\u00a0 seguir cumpliendo con estos\u00a0 compromisos que adquirimos\u00a0 con mis vecinos coacalquenses,\u00a0 sobre todo hoy en esta apertura de\u00a0 una Lecher\u00eda en Jalatlaco, que recuerdo bien ya ten\u00eda muchos a\u00f1os que hab\u00edamos venido gestionando y rehabilitado las instalaciones,\u00a0 hoy ya gracias al presidente de la rep\u00fablica\u00a0 Enrique Pe\u00f1a Nieto, a las autoridades de Liconsa y al gobernador del Estado de M\u00e9xico hoy\u00a0 se abre la primera lecher\u00eda aqu\u00ed en Coacalco la cual se suma a las\u00a0 ya existentes.\u201d<\/p>\n<p>El presidente municipal coment\u00f3 que en Jalatlaco era un buen lugar para poner esta lecher\u00eda que tanta falta hac\u00eda, ya que varias personas bajaban hasta las manzanas por su leche y a hora tiene a aqu\u00ed cerca este servicio, se cuentan\u00a0 registradas a 545 familias sin embargo esperemos que este padr\u00f3n siga creciendo y se siga incrementando esto, para hacer que las familias coacalquenses sigan teniendo m\u00e1s ayuda con servicios de esta magnitud, y por supuesto\u00a0 no s\u00f3lo este ser\u00e1 sino vendr\u00e1n m\u00e1s con su apoyo.<\/p>\n<p>&nbsp;<\/p>\n","protected":false},"excerpt":{"rendered":"<p>\u201cDavid hoy nos demuestras una vez m\u00e1s que tu gobierno no es s\u00f3lo de atenci\u00f3n, sino de resultados, cumpliendo una promesa que nos hiciste a los vecinos hace unos meses\u201d, se\u00f1al\u00f3 la se\u00f1ora Ang\u00e9lica Contreras Franco, quien habl\u00f3 a nombre de las familias que ser\u00e1n beneficiadas con el servicio de la lecher\u00eda Liconsa en Jalatlaco.<\/p>\n","protected":false},"author":1,"featured_media":129811,"comment_status":"open","ping_status":"open","sticky":false,"template":"","format":"standard","meta":{"_monsterinsights_skip_tracking":false,"_monsterinsights_sitenote_active":false,"_monsterinsights_sitenote_note":"","_monsterinsights_sitenote_category":0,"footnotes":""},"categories":[5],"tags":[26134,43675,1081],"class_list":["post-129765","post","type-post","status-publish","format-standard","has-post-thumbnail","hentry","category-estado-de-mexico","tag-david-sanchez-isidoro","tag-estado-de-mexico","tag-liconsa"],"_links":{"self":[{"href":"https:\/\/www.diarioimagen.net\/index.php?rest_route=\/wp\/v2\/posts\/129765","targetHints":{"allow":["GET"]}}],"collection":[{"href":"https:\/\/www.diarioimagen.net\/index.php?rest_route=\/wp\/v2\/posts"}],"about":[{"href":"https:\/\/www.diarioimagen.net\/index.php?rest_route=\/wp\/v2\/types\/post"}],"author":[{"embeddable":true,"href":"https:\/\/www.diarioimagen.net\/index.php?rest_route=\/wp\/v2\/users\/1"}],"replies":[{"embeddable":true,"href":"https:\/\/www.diarioimagen.net\/index.php?rest_route=%2Fwp%2Fv2%2Fcomments&post=129765"}],"version-history":[{"count":0,"href":"https:\/\/www.diarioimagen.net\/index.php?rest_route=\/wp\/v2\/posts\/129765\/revisions"}],"wp:featuredmedia":[{"embeddable":true,"href":"https:\/\/www.diarioimagen.net\/index.php?rest_route=\/wp\/v2\/media\/129811"}],"wp:attachment":[{"href":"https:\/\/www.diarioimagen.net\/index.php?rest_route=%2Fwp%2Fv2%2Fmedia&parent=129765"}],"wp:term":[{"taxonomy":"category","embeddable":true,"href":"https:\/\/www.diarioimagen.net\/index.php?rest_route=%2Fwp%2Fv2%2Fcategories&post=129765"},{"taxonomy":"post_tag","embeddable":true,"href":"https:\/\/www.diarioimagen.net\/index.php?rest_route=%2Fwp%2Fv2%2Ftags&post=129765"}],"curies":[{"name":"wp","href":"https:\/\/api.w.org\/{rel}","templated":true}]}}