{"id":129768,"date":"2013-04-26T00:13:46","date_gmt":"2013-04-26T05:13:46","guid":{"rendered":"http:\/\/www.diarioimagen.net\/?p=129768"},"modified":"2013-04-26T02:33:04","modified_gmt":"2013-04-26T07:33:04","slug":"con-acuerdos-le-va-mejor-al-pais-senala-eruviel-avila","status":"publish","type":"post","link":"https:\/\/www.diarioimagen.net\/?p=129768","title":{"rendered":"Con acuerdos le va mejor al pa\u00eds, se\u00f1ala Eruviel \u00c1vila"},"content":{"rendered":"<h2>Arco Norte<\/h2>\n<h5>Jos\u00e9 Luis Monta\u00f1ez Aguilar<\/h5>\n<p>&nbsp;<\/p>\n<div id=\"attachment_129807\" style=\"width: 250px\" class=\"wp-caption alignleft\"><a href=\"http:\/\/www.diarioimagen.net\/wp-content\/uploads\/2013\/04\/eruviel-2085.jpg\"><img loading=\"lazy\" decoding=\"async\" aria-describedby=\"caption-attachment-129807\" class=\"size-medium wp-image-129807\" alt=\"El gobernador Eruviel \u00c1vila Villegas entreg\u00f3 500 vientres bovinos, 30 f\u00e1bricas de huevo de gallina, 128 aves, cuatro orde\u00f1adoras, cuatro trituradoras de follaje, una cosechadora y un remolque forraje, con una inversi\u00f3n superior a 11.4 millones de pesos, a productores de los municipios de Soyaniquilpan, Aculco y Polititl\u00e1n.\" src=\"http:\/\/www.diarioimagen.net\/wp-content\/uploads\/2013\/04\/eruviel-2085-240x135.jpg\" width=\"240\" height=\"135\" srcset=\"https:\/\/www.diarioimagen.net\/wp-content\/uploads\/2013\/04\/eruviel-2085-240x135.jpg 240w, https:\/\/www.diarioimagen.net\/wp-content\/uploads\/2013\/04\/eruviel-2085-420x236.jpg 420w, https:\/\/www.diarioimagen.net\/wp-content\/uploads\/2013\/04\/eruviel-2085-235x132.jpg 235w, https:\/\/www.diarioimagen.net\/wp-content\/uploads\/2013\/04\/eruviel-2085-202x114.jpg 202w, https:\/\/www.diarioimagen.net\/wp-content\/uploads\/2013\/04\/eruviel-2085-350x196.jpg 350w, https:\/\/www.diarioimagen.net\/wp-content\/uploads\/2013\/04\/eruviel-2085-220x123.jpg 220w, https:\/\/www.diarioimagen.net\/wp-content\/uploads\/2013\/04\/eruviel-2085-237x132.jpg 237w, https:\/\/www.diarioimagen.net\/wp-content\/uploads\/2013\/04\/eruviel-2085.jpg 480w\" sizes=\"auto, (max-width: 240px) 100vw, 240px\" \/><\/a><p id=\"caption-attachment-129807\" class=\"wp-caption-text\">El gobernador Eruviel \u00c1vila Villegas entreg\u00f3 500 vientres bovinos, 30 f\u00e1bricas de huevo de gallina, 128 aves, cuatro orde\u00f1adoras, cuatro trituradoras de follaje, una cosechadora y un remolque forraje, con una inversi\u00f3n superior a 11.4 millones de pesos, a productores de los municipios de Soyaniquilpan, Aculco y Polititl\u00e1n.<\/p><\/div>\n<p>Cuando los gobernantes, partidos y todos los sectores de la sociedad llegan a un acuerdo, le va mejor a M\u00e9xico, por lo que es de celebrarse que el gobierno de la Rep\u00fablica y los institutos pol\u00edticos hayan retomado los trabajos del Pacto por M\u00e9xico y se continu\u00e9 cerrando filas para el bien del pa\u00eds, se\u00f1al\u00f3 el gobernador del Estado de M\u00e9xico, Eruviel \u00c1vila Villegas. \u201cCuando no nos ponemos de acuerdo, cuando hay conflictos, cuando hay disputas pol\u00edticas, quien pierde es el pueblo, la gente, y eso no lo podemos permitir. Por eso celebro que el presidente Enrique Pe\u00f1a Nieto y los partidos pol\u00edticos tengan la madurez, la seriedad, el profesionalismo y piensen en la gente, piensen en M\u00e9xico\u201d, asever\u00f3. Al entregar equipamiento y ganado a productores agropecuarios del norte de la entidad, el titular del Ejecutivo estatal se\u00f1al\u00f3 que en la entidad se contin\u00faa pensando por el Estado de M\u00e9xico, para que le vaya mejor a todos,\u00a0 y por lo tanto al sector beneficiado este d\u00eda. Eruviel \u00c1vila otorg\u00f3 apoyos, por un monto superior a 11.4 millones de pesos, a productores de los municipios de Soyaniquilpan, Aculco y Polotitl\u00e1n, consistentes en vientres bovinos, maquinaria y f\u00e1bricas de huevo, que contribuir\u00e1n a incrementar la productividad de la regi\u00f3n, as\u00ed como contar con alimentos de alto nivel nutricional.\u201cCon acciones como \u00e9sta, estamos sum\u00e1ndonos a la Cruzada Nacional Contra el Hambre que ha convocado el presidente Enrique Pe\u00f1a Nieto, as\u00ed es que les agradezco que todos se sumen, porque todos tenemos que aportar algo para que le vaya mejor al Estado de M\u00e9xico, a M\u00e9xico. Y de esa manera vamos a ganarle la batalla al hambre\u201d, concluy\u00f3.<\/p>\n<p><em><a href=\"mailto:montanezaguilar@gmail.com\" target=\"_blank\">montanezaguilar@gmail.com<\/a><\/em><\/p>\n","protected":false},"excerpt":{"rendered":"<p><span style=\"color: #005497;\"><strong>Jos\u00e9 Luis Monta\u00f1ez Aguilar<\/strong><\/span><br \/>\n<br \/>\nCuando los gobernantes, partidos y todos los sectores de la sociedad llegan a un acuerdo, le va mejor a M\u00e9xico, por lo que es de celebrarse que el gobierno de la Rep\u00fablica y los institutos pol\u00edticos hayan retomado los trabajos del Pacto por M\u00e9xico y se continu\u00e9 cerrando filas para el bien del pa\u00eds, se\u00f1al\u00f3 el gobernador del Estado de M\u00e9xico, Eruviel \u00c1vila Villegas.<\/p>\n","protected":false},"author":1,"featured_media":129807,"comment_status":"open","ping_status":"open","sticky":false,"template":"","format":"standard","meta":{"_monsterinsights_skip_tracking":false,"_monsterinsights_sitenote_active":false,"_monsterinsights_sitenote_note":"","_monsterinsights_sitenote_category":0,"footnotes":""},"categories":[5],"tags":[13284,5828,43675,43704],"class_list":["post-129768","post","type-post","status-publish","format-standard","has-post-thumbnail","hentry","category-estado-de-mexico","tag-arco-norte","tag-eruviel-avila-villegas","tag-estado-de-mexico","tag-jose-luis-montanez-aguilar"],"_links":{"self":[{"href":"https:\/\/www.diarioimagen.net\/index.php?rest_route=\/wp\/v2\/posts\/129768","targetHints":{"allow":["GET"]}}],"collection":[{"href":"https:\/\/www.diarioimagen.net\/index.php?rest_route=\/wp\/v2\/posts"}],"about":[{"href":"https:\/\/www.diarioimagen.net\/index.php?rest_route=\/wp\/v2\/types\/post"}],"author":[{"embeddable":true,"href":"https:\/\/www.diarioimagen.net\/index.php?rest_route=\/wp\/v2\/users\/1"}],"replies":[{"embeddable":true,"href":"https:\/\/www.diarioimagen.net\/index.php?rest_route=%2Fwp%2Fv2%2Fcomments&post=129768"}],"version-history":[{"count":0,"href":"https:\/\/www.diarioimagen.net\/index.php?rest_route=\/wp\/v2\/posts\/129768\/revisions"}],"wp:featuredmedia":[{"embeddable":true,"href":"https:\/\/www.diarioimagen.net\/index.php?rest_route=\/wp\/v2\/media\/129807"}],"wp:attachment":[{"href":"https:\/\/www.diarioimagen.net\/index.php?rest_route=%2Fwp%2Fv2%2Fmedia&parent=129768"}],"wp:term":[{"taxonomy":"category","embeddable":true,"href":"https:\/\/www.diarioimagen.net\/index.php?rest_route=%2Fwp%2Fv2%2Fcategories&post=129768"},{"taxonomy":"post_tag","embeddable":true,"href":"https:\/\/www.diarioimagen.net\/index.php?rest_route=%2Fwp%2Fv2%2Ftags&post=129768"}],"curies":[{"name":"wp","href":"https:\/\/api.w.org\/{rel}","templated":true}]}}