{"id":129902,"date":"2013-04-29T00:06:03","date_gmt":"2013-04-29T05:06:03","guid":{"rendered":"http:\/\/www.diarioimagen.net\/?p=129902"},"modified":"2013-04-29T03:48:23","modified_gmt":"2013-04-29T08:48:23","slug":"a-fuerza-el-epr","status":"publish","type":"post","link":"https:\/\/www.diarioimagen.net\/?p=129902","title":{"rendered":"\u00bfA fuerza el EPR?"},"content":{"rendered":"<h2>\u00cdndice pol\u00edtico<\/h2>\n<h5>Francisco Rodr\u00edguez<\/h5>\n<p>&nbsp;<\/p>\n<p>La muy peculiar clase pol\u00edtica de nuestro pa\u00eds insiste en involucrar a la guerrilla, en general, y al Ej\u00e9rcito Popular Revolucionario, en lo particular, en los acontecimientos de inconformidad y violencia que en fechas recientes se han presentado en Chilpancingo, la capital del estado de Guerrero. Pareciera que, con tal involucramiento, quisieran cubrir sus no pocas incapacidades y sus muchas insolvencias intelectuales.<\/p>\n<p>Graco Ram\u00edrez Garrido Abreu, el \u201cgobernador\u201d de Morelos, expuso \u201cque lo que est\u00e1 ocurriendo en Guerrero no es una protesta de maestros\u201d. En su opini\u00f3n, \u201cah\u00ed hay una estrategia claramente planteada donde se vincula la presencia de guerrilla, se vinculan con las famosas polic\u00edas comunitarias y con grupos de vandalismo pol\u00edtico\u201d.<\/p>\n<p>Otro despistado, Gustavo Madero -quien todav\u00eda cobrar\u00e1 esta quincena como presidente nacional del PAN-, utiliz\u00f3 su cuenta de Twitter para recordar que el estado de Guerrero ha sido cuna de movimientos armados, por lo que exigi\u00f3 poner freno a estos hechos.<\/p>\n<p>Dirigido al \u201cgobernador\u201d \u00c1ngel Heladio Aguirre, el panista difundi\u00f3: \u201cOjo, le recuerdo que en Guerrero surgi\u00f3 (sic) el EPR (Ej\u00e9rcito Popular Revolucionario) y el ERPI (Ej\u00e9rcito Revolucionario del Pueblo Insurgente). Que Dios nos agarre confesados. En el PAN defendemos el estado de Derecho\u201d.<\/p>\n<p>Y como estos dos personajes, muchos otros. \u00a1Qu\u00e9 ganas de invocar a la guerrilla! En una de esas se les aparece.<\/p>\n<p>Aunque en opini\u00f3n del especialista Jorge Lofredo, a quien pregunt\u00e9 al respecto, el EPR \u201csigue con especial atenci\u00f3n la lucha magisterial, pero si tuviese alguna participaci\u00f3n \u00e9sta ser\u00eda a nivel individual antes que como organizaci\u00f3n, pues si no quedar\u00eda muy vulnerable a ser infiltrado o golpeado\u201d. El que sabe, sabe. A diferencia de Ram\u00edrez Garrido Abreu y de Madero Mu\u00f1oz, Lofredo ha estudiado con seriedad el tema de los movimientos armados y nunca habla a tontas y locas como s\u00ed lo hacen el perredista y el panista.<\/p>\n<p align=\"center\"><b>\u00a0\u00bfY EN LA\u00a0<\/b><b>AUTODEFENSA?<\/b><\/p>\n<p>Lofredo public\u00f3 en el diario guerrerense El Sur, hace justo una semana, una de las Posdatas que regularmente escribe para el Centro de Documentaci\u00f3n de los Movimientos Armados, del cual es cofundador, en el que analiza el papel del EPR frente a los grupos de autodefensa que, en Guerrero precisamente, han tenido mucha exposici\u00f3n p\u00fablica en los \u00faltimos meses. De ello dice que este grupo guerrillero ha sido el \u00fanico que se ha referido al caso.<\/p>\n<p>Ah\u00ed, entre otras cosas, el investigador se\u00f1ala que \u201cuna variaci\u00f3n sobre el mismo tema es la diferencia entre autodefensa y autodefensa armada que propone la organizaci\u00f3n clandestina. Seg\u00fan el EPR, el punto fundamental es si la iniciativa es espont\u00e1nea -vulnerable a instancias gubernamentales- o bajo la direcci\u00f3n del partido revolucionario, como propone\u201d. Y recupera \u00a0el editorial del \u00f3rgano de difusi\u00f3n eperrista, El Insurgente (n\u00famero 146, marzo de 2013) donde se expresa que \u201cdos son las expresiones fundamentales de las polic\u00edas, guardias o rondas comunitarias, una obedece a la l\u00f3gica de la institucionalizaci\u00f3n del paramilitarismo y la militarizaci\u00f3n, otra un genuino esfuerzo y manifestaci\u00f3n del hartazgo social, pero que por el contexto de violencia y terrorismo de Estado disfrazado de \u2018delincuencia\u2019 est\u00e1 siendo arrastrada al espontane\u00edsmo que finalmente conduce a la l\u00f3gica del paramilitarismo institucional\u201d. Para no dejar dudas, el grupo remarc\u00f3 en su editorial: \u201cProvocaci\u00f3n montada para ingenuos, desinformados y espontane\u00edstas, que sin un an\u00e1lisis sobre fines objetivos y contexto caen en la trampa de la provocaci\u00f3n\u201d.<\/p>\n<p>Lofredo apunta asimismo que, \u201ctras la lectura del texto eperrista -donde se desprende que por falta de conducci\u00f3n pol\u00edtica revolucionaria sobreviene el riesgo de que grupos de autodefensa se transformen en paramilitares- surge el an\u00e1lisis del papel que juega la guerrilla en esta din\u00e1mica social de autodefensa.\u00a0 El EPR ya lo afirm\u00f3 anteriormente: sectores ahora en descomposici\u00f3n o seudo-revolucionarios est\u00e1n en la zona donde emergieron las autodefensas, polic\u00eda comunitaria y grupos paramilitares y ese es el v\u00ednculo entre una y otra realidad\u201d.<\/p>\n<p>Y m\u00e1s adelante considera que \u201cel surgimiento de movimientos de autodefensa en aquellas zonas donde hubo presencia de guerrillas explica mejor el grado de desarrollo que la lucha social ha alcanzado a trav\u00e9s de los a\u00f1os antes que una vinculaci\u00f3n directa entre ambos fen\u00f3menos. De hecho, antes que confirmar sin contrapunto la presencia del EPR en esas comunidades habr\u00eda que voltear la mirada al Ej\u00e9rcito Revolucionario del Pueblo Insurgente. Pero a la vez es imprescindible no olvidar que el ERPI ha sido descabezado hace cuatro a\u00f1os, con el asesinato de su m\u00e1ximo dirigente en la entidad. As\u00ed pues, amplificar sus fuerzas, magnificar sus alcances -considerada su presencia y actividad detr\u00e1s de cualquier movimiento de protesta social- y, lo m\u00e1s importante, aceptar que el activismo social se muestre proclive a pertenecer a una organizaci\u00f3n clandestina, armada, una estigmatizada y la otra debilitada resultase una situaci\u00f3n sencilla como cualquier otra decisi\u00f3n pol\u00edtica y como si no supiese la intensidad de la din\u00e1mica represiva que ello representa, propone una situaci\u00f3n que no se corresponde con la l\u00f3gica armada de la guerrilla ni con la l\u00f3gica pol\u00edtica de los movimientos sociales. Para unas representa un alto riesgo a su seguridad interna y una amenaza cierta de aniquilaci\u00f3n; para los otros, una invitaci\u00f3n abierta a la represi\u00f3n\u2026\u201d<\/p>\n<p><b><i>\u00cdndice Flam\u00edgero:<\/i><\/b> Gonzalo Ju\u00e1rez Ocampo, secretario general de la Coordinadora Estatal de Trabajadores de la Educaci\u00f3n de Guerrero (CETEG) neg\u00f3 que est\u00e9n vinculados con grupos guerrilleros como el EPR y el ERPI, como lo sugirieron, en d\u00edas anteriores, los gobernadores de Guerrero, \u00c1ngel Aguirre, y el de Morelos, Graco Ram\u00edrez.<\/p>\n<p><em><a href=\"http:\/\/www.indicepolitico.com\/\" target=\"_blank\"><em>www.indicepolitico.com<\/em><\/a><br \/>\n<\/em><em><a href=\"mailto:pacorodriguez@journalist.com\" target=\"_blank\">pacorodriguez@journalist.com<\/a><\/em><\/p>\n","protected":false},"excerpt":{"rendered":"<p><span style=\"color: #005497;\"><strong>Francisco Rodr\u00edguez<\/strong><\/span><\/p>\n","protected":false},"author":1,"featured_media":0,"comment_status":"open","ping_status":"open","sticky":false,"template":"","format":"standard","meta":{"_monsterinsights_skip_tracking":false,"_monsterinsights_sitenote_active":false,"_monsterinsights_sitenote_note":"","_monsterinsights_sitenote_category":0,"footnotes":""},"categories":[549],"tags":[24438,43689,550,43674],"class_list":["post-129902","post","type-post","status-publish","format-standard","hentry","category-francisco-rodriguez","tag-ejercito-popular-revolucionario","tag-francisco-rodriguez","tag-indice-politico","tag-opinion"],"_links":{"self":[{"href":"https:\/\/www.diarioimagen.net\/index.php?rest_route=\/wp\/v2\/posts\/129902","targetHints":{"allow":["GET"]}}],"collection":[{"href":"https:\/\/www.diarioimagen.net\/index.php?rest_route=\/wp\/v2\/posts"}],"about":[{"href":"https:\/\/www.diarioimagen.net\/index.php?rest_route=\/wp\/v2\/types\/post"}],"author":[{"embeddable":true,"href":"https:\/\/www.diarioimagen.net\/index.php?rest_route=\/wp\/v2\/users\/1"}],"replies":[{"embeddable":true,"href":"https:\/\/www.diarioimagen.net\/index.php?rest_route=%2Fwp%2Fv2%2Fcomments&post=129902"}],"version-history":[{"count":0,"href":"https:\/\/www.diarioimagen.net\/index.php?rest_route=\/wp\/v2\/posts\/129902\/revisions"}],"wp:attachment":[{"href":"https:\/\/www.diarioimagen.net\/index.php?rest_route=%2Fwp%2Fv2%2Fmedia&parent=129902"}],"wp:term":[{"taxonomy":"category","embeddable":true,"href":"https:\/\/www.diarioimagen.net\/index.php?rest_route=%2Fwp%2Fv2%2Fcategories&post=129902"},{"taxonomy":"post_tag","embeddable":true,"href":"https:\/\/www.diarioimagen.net\/index.php?rest_route=%2Fwp%2Fv2%2Ftags&post=129902"}],"curies":[{"name":"wp","href":"https:\/\/api.w.org\/{rel}","templated":true}]}}