{"id":129936,"date":"2013-04-29T00:08:33","date_gmt":"2013-04-29T05:08:33","guid":{"rendered":"http:\/\/www.diarioimagen.net\/?p=129936"},"modified":"2013-04-29T04:02:55","modified_gmt":"2013-04-29T09:02:55","slug":"edomex-intensifica-cruzada-de-afiliacion-al-seguro-popular","status":"publish","type":"post","link":"https:\/\/www.diarioimagen.net\/?p=129936","title":{"rendered":"Edomex intensifica cruzada de afiliaci\u00f3n al Seguro Popular"},"content":{"rendered":"<ul>\n<li><em><strong>Con este programa se busca beneficiar a poco m\u00e1s de 10 millones de mexiquenses al finalizar el a\u00f1o<\/strong><\/em><\/li>\n<\/ul>\n<div id=\"attachment_129992\" style=\"width: 250px\" class=\"wp-caption alignleft\"><a href=\"http:\/\/www.diarioimagen.net\/wp-content\/uploads\/2013\/04\/seguro-popular-2086.jpg\"><img loading=\"lazy\" decoding=\"async\" aria-describedby=\"caption-attachment-129992\" class=\"size-medium wp-image-129992\" alt=\"El secretario de Salud, C\u00e9sar Nomar G\u00f3mez y el comisionado de Protecci\u00f3n Social, Gabriel O`Shea Cuevas, iniciaron cruzada de afiliaci\u00f3n.\" src=\"http:\/\/www.diarioimagen.net\/wp-content\/uploads\/2013\/04\/seguro-popular-2086-240x135.jpg\" width=\"240\" height=\"135\" srcset=\"https:\/\/www.diarioimagen.net\/wp-content\/uploads\/2013\/04\/seguro-popular-2086-240x135.jpg 240w, https:\/\/www.diarioimagen.net\/wp-content\/uploads\/2013\/04\/seguro-popular-2086-420x236.jpg 420w, https:\/\/www.diarioimagen.net\/wp-content\/uploads\/2013\/04\/seguro-popular-2086-235x132.jpg 235w, https:\/\/www.diarioimagen.net\/wp-content\/uploads\/2013\/04\/seguro-popular-2086-202x114.jpg 202w, https:\/\/www.diarioimagen.net\/wp-content\/uploads\/2013\/04\/seguro-popular-2086-350x196.jpg 350w, https:\/\/www.diarioimagen.net\/wp-content\/uploads\/2013\/04\/seguro-popular-2086-220x123.jpg 220w, https:\/\/www.diarioimagen.net\/wp-content\/uploads\/2013\/04\/seguro-popular-2086-237x132.jpg 237w, https:\/\/www.diarioimagen.net\/wp-content\/uploads\/2013\/04\/seguro-popular-2086.jpg 480w\" sizes=\"auto, (max-width: 240px) 100vw, 240px\" \/><\/a><p id=\"caption-attachment-129992\" class=\"wp-caption-text\">El secretario de Salud, C\u00e9sar Nomar G\u00f3mez y el comisionado de Protecci\u00f3n Social, Gabriel O`Shea Cuevas, iniciaron cruzada de afiliaci\u00f3n.<\/p><\/div>\n<p><strong>Valle de Bravo, Estado de M\u00e9xico.-<\/strong> Acercar los servicios especializados de salud a 3.1 millones de mexiquenses es la meta para este a\u00f1o dentro del Programa de Afiliaci\u00f3n y Realifiaci\u00f3n del Seguro Popular, anunci\u00f3 C\u00e9sar Nomar G\u00f3mez Monge, secretario del ramo en el Estado de M\u00e9xico, al dar inicio a esta cruzada en el municipio de Valle de Bravo.<\/p>\n<p>Acompa\u00f1ado por el comisionado Nacional de Protecci\u00f3n Social en Salud, Gabriel O\u2019Shea Cuevas, el funcionario estatal mencion\u00f3 que actualmente en la entidad hay 6.6 millones de mexiquenses afiliados al Seguro Popular, con lo cual la proyecci\u00f3n para diciembre del 2013 es que cerca de 10 millones de habitantes ya cuenten con su p\u00f3liza cuya vigencia es de 3 a\u00f1os.<\/p>\n<p>\u201cEl prop\u00f3sito es que cada vez m\u00e1s mexiquenses tengan acceso a los servicios de salud que brinda el estado de manera gratuita, y aprovecho para decirles que en breve con el apoyo del doctor (Gabriel) O\u2019Shea se va a equipar y modernizar el Hospital de Valle de Bravo, el cual contar\u00e1 con una Unidad de Hemodi\u00e1lisis de la m\u00e1s alta tecnolog\u00eda, en la que se invertir\u00e1n 8 millones de pesos para atender a quienes padecen insuficiencia renal\u201d.<\/p>\n<p>De igual forma\u00a0 se est\u00e1 trabajando para que en el mismo hospital muy pronto se puedan hacer trasplantes de c\u00f3rneas y cirug\u00edas de cataratas. C\u00e9sar G\u00f3mez Monge enfatiz\u00f3 que la pol\u00edtica de prevenci\u00f3n es de suma importancia para evitar que las personas desarrollen enfermedades degenerativas y al respecto refiri\u00f3 que de acuerdo con proyecciones nacionales de salud para el a\u00f1o 2050, el 25% de la poblaci\u00f3n ser\u00e1 mayor a los 60 a\u00f1os de edad.<\/p>\n<p>Y agreg\u00f3. \u201cA qu\u00e9 voy con este dato, en el Estado de M\u00e9xico se est\u00e1n construyendo 17 Cl\u00ednicas Geri\u00e1tricas para la atenci\u00f3n de los Adultos Mayores, adem\u00e1s se realizan las Magnas Ferias Interinstitucionales de Salud como la de ahora, para que todas las personas que as\u00ed lo requieran se hagan estudios de laboratorio y valoraciones m\u00e9dicas a fin de detectar cualquier enfermedad, siempre ser\u00e1 mejor prevenir que curar y nosotros queremos elevar los niveles de bienestar de la poblaci\u00f3n\u201d.<\/p>\n<p>Por su parte, el comisionado Nacional de Protecci\u00f3n Social en Salud, Gabriel O\u2019Shea Cuevas, explic\u00f3 que el Seguro Popular cubre mil 538 enfermedades que van desde las m\u00e1s frecuentes hasta las de alto costo como pueden ser c\u00e1nceres de mama, de cervix, de pr\u00f3stata, la leucemia en los ni\u00f1os y trasplante de m\u00e9dula. Adem\u00e1s, los afiliados pueden acceder a 522 medicamentos todo de manera gratuita.<\/p>\n<p>Hay algunas enfermedades que el Seguro Popular no cubre a\u00fan como es el tema de la hemodi\u00e1lisis y di\u00e1lisis, sin embargo, indic\u00f3 que la preocupaci\u00f3n del gobernador Eruviel \u00c1vila en materia de salud es grande y por ello se est\u00e1n abriendo cl\u00ednicas en todo el Estado de M\u00e9xico para realizar ese tipo de tratamientos.<\/p>\n<p>&nbsp;<\/p>\n","protected":false},"excerpt":{"rendered":"<p>Valle de Bravo, Estado de M\u00e9xico.- Acercar los servicios especializados de salud<\/p>\n","protected":false},"author":1,"featured_media":129992,"comment_status":"open","ping_status":"open","sticky":false,"template":"","format":"standard","meta":{"_monsterinsights_skip_tracking":false,"_monsterinsights_sitenote_active":false,"_monsterinsights_sitenote_note":"","_monsterinsights_sitenote_category":0,"footnotes":""},"categories":[5],"tags":[43675,1725,1458],"class_list":["post-129936","post","type-post","status-publish","format-standard","has-post-thumbnail","hentry","category-estado-de-mexico","tag-estado-de-mexico","tag-seguro-popular","tag-valle-de-bravo"],"_links":{"self":[{"href":"https:\/\/www.diarioimagen.net\/index.php?rest_route=\/wp\/v2\/posts\/129936","targetHints":{"allow":["GET"]}}],"collection":[{"href":"https:\/\/www.diarioimagen.net\/index.php?rest_route=\/wp\/v2\/posts"}],"about":[{"href":"https:\/\/www.diarioimagen.net\/index.php?rest_route=\/wp\/v2\/types\/post"}],"author":[{"embeddable":true,"href":"https:\/\/www.diarioimagen.net\/index.php?rest_route=\/wp\/v2\/users\/1"}],"replies":[{"embeddable":true,"href":"https:\/\/www.diarioimagen.net\/index.php?rest_route=%2Fwp%2Fv2%2Fcomments&post=129936"}],"version-history":[{"count":0,"href":"https:\/\/www.diarioimagen.net\/index.php?rest_route=\/wp\/v2\/posts\/129936\/revisions"}],"wp:featuredmedia":[{"embeddable":true,"href":"https:\/\/www.diarioimagen.net\/index.php?rest_route=\/wp\/v2\/media\/129992"}],"wp:attachment":[{"href":"https:\/\/www.diarioimagen.net\/index.php?rest_route=%2Fwp%2Fv2%2Fmedia&parent=129936"}],"wp:term":[{"taxonomy":"category","embeddable":true,"href":"https:\/\/www.diarioimagen.net\/index.php?rest_route=%2Fwp%2Fv2%2Fcategories&post=129936"},{"taxonomy":"post_tag","embeddable":true,"href":"https:\/\/www.diarioimagen.net\/index.php?rest_route=%2Fwp%2Fv2%2Ftags&post=129936"}],"curies":[{"name":"wp","href":"https:\/\/api.w.org\/{rel}","templated":true}]}}