{"id":130072,"date":"2013-04-30T00:09:30","date_gmt":"2013-04-30T05:09:30","guid":{"rendered":"http:\/\/www.diarioimagen.net\/?p=130072"},"modified":"2013-04-30T04:26:47","modified_gmt":"2013-04-30T09:26:47","slug":"el-gdf-y-la-stps-firman-convenio-de-colaboracion","status":"publish","type":"post","link":"https:\/\/www.diarioimagen.net\/?p=130072","title":{"rendered":"El GDF y la STPS firman convenio de colaboraci\u00f3n"},"content":{"rendered":"<ul>\n<li><em><strong>Con este documento se comprometen a promocionar la seguridad, la salud y el medio ambiente en los centros laborales<\/strong><\/em><\/li>\n<\/ul>\n<div id=\"attachment_130203\" style=\"width: 250px\" class=\"wp-caption alignleft\"><a href=\"http:\/\/www.diarioimagen.net\/wp-content\/uploads\/2013\/04\/mancera-2087.jpg\"><img loading=\"lazy\" decoding=\"async\" aria-describedby=\"caption-attachment-130203\" class=\"size-medium wp-image-130203\" alt=\"El jefe de gobierno, Miguel \u00c1ngel Mancera, y el secretario del Trabajo, Alfonso Navarrete Prida, durante la firma del convenio de colaboraci\u00f3n para la salud y el medio ambiente.\" src=\"http:\/\/www.diarioimagen.net\/wp-content\/uploads\/2013\/04\/mancera-2087-240x135.jpg\" width=\"240\" height=\"135\" srcset=\"https:\/\/www.diarioimagen.net\/wp-content\/uploads\/2013\/04\/mancera-2087-240x135.jpg 240w, https:\/\/www.diarioimagen.net\/wp-content\/uploads\/2013\/04\/mancera-2087-420x236.jpg 420w, https:\/\/www.diarioimagen.net\/wp-content\/uploads\/2013\/04\/mancera-2087-235x132.jpg 235w, https:\/\/www.diarioimagen.net\/wp-content\/uploads\/2013\/04\/mancera-2087-202x114.jpg 202w, https:\/\/www.diarioimagen.net\/wp-content\/uploads\/2013\/04\/mancera-2087-350x196.jpg 350w, https:\/\/www.diarioimagen.net\/wp-content\/uploads\/2013\/04\/mancera-2087-220x123.jpg 220w, https:\/\/www.diarioimagen.net\/wp-content\/uploads\/2013\/04\/mancera-2087-237x132.jpg 237w, https:\/\/www.diarioimagen.net\/wp-content\/uploads\/2013\/04\/mancera-2087.jpg 480w\" sizes=\"auto, (max-width: 240px) 100vw, 240px\" \/><\/a><p id=\"caption-attachment-130203\" class=\"wp-caption-text\">El jefe de gobierno, Miguel \u00c1ngel Mancera, y el secretario del Trabajo, Alfonso Navarrete Prida, durante la firma del convenio de colaboraci\u00f3n para la salud y el medio ambiente.<\/p><\/div>\n<p>El secretario del Trabajo, Alfonso Navarrete, y el jefe de gobierno capitalino, Miguel \u00c1ngel Mancera, firmaron un convenio para promover la seguridad, la salud y el medio ambiente en el trabajo, as\u00ed como fortalecer la inspecci\u00f3n laboral en la ciudad.<\/p>\n<p>Durante un acto efectuado en el auditorio de la dependencia federal, Navarrete Prida destac\u00f3 la importancia del acuerdo, al se\u00f1alar que permitir\u00e1 sumar esfuerzos, compartir informaci\u00f3n sobre el tema, profesionalizar las labores de inspecci\u00f3n, pero sobre todo establecer una nueva cultura de prevenci\u00f3n de la salud y seguridad en el trabajo.<\/p>\n<p>Ante l\u00edderes sindicales y representantes del sector productivo, as\u00ed como del director de la OIT para M\u00e9xico y Cuba, Thomas Wissing, el funcionario dijo que para la actual administraci\u00f3n es de alta prioridad contar con ambiente m\u00e1s seguro para los trabajadores.<\/p>\n<p>Refiri\u00f3 que de acuerdo con datos de la Organizaci\u00f3n Internacional del Trabajo (OIT), en el mundo se registran cada a\u00f1o 160 millones de trabajadores que se enferman por actividades que hacen en su labor, adem\u00e1s de que con los accidentes esto implica p\u00e9rdida de cuatro por ciento del Producto Interno Bruto (PIB) mundial.<\/p>\n<p>En el marco del D\u00eda Mundial de Seguridad y Salud en el Trabajo, precis\u00f3 que en M\u00e9xico en 2002 ocurr\u00edan 2.5 accidentes de trabajo por cada 100 empleados y en 2011, pese a las acciones de seguridad y salud, la cifra se increment\u00f3 en 2.8 por cada 100 empleados.<\/p>\n<p>Navarrete resalt\u00f3 que para contar con ambientes laborales m\u00e1s seguros se tiene el reto de crear sistemas de seguridad y salud en el trabajo que permitan que se respeten las disposiciones de la norma en el sector y que se coloque como una herramienta eficaz para productividad y el desarrollo personal de los trabajadores.<\/p>\n<p>El titular de la STPS reconoci\u00f3 que el principal obst\u00e1culo para reducir accidentes en el trabajo y combatir la incidencia de enfermedades profesionales est\u00e1 en la dificultad de contar con un sistema de informaci\u00f3n oportuna sobre ellas, que tenga las caracter\u00edsticas, frecuencia, impacto en la calidad de vida de los trabajadores.<\/p>\n<p>Aunque esta situaci\u00f3n se ha ido subsanando a partir de que M\u00e9xico firm\u00f3 los convenios 155 y 161 de la OIT, han permitido dar orientaciones precisas y valiosas para la seguridad y salud, a\u00fan se debe avanzar m\u00e1s en la ratificaci\u00f3n del convenio 187 relativo al marco promocional para la seguridad y la salud en el trabajo.<\/p>\n<p>En su oportunidad, Mancera Espinosa expres\u00f3 su disposici\u00f3n a colaborar en \u00e9ste y otros temas como el combate a la informalidad, pues asegur\u00f3 que el trabajo y lograr mejores condiciones para quienes tienen un empleo y hagan mejor sus labores, es una de las prioridades de su gobierno.<\/p>\n<p>&nbsp;<\/p>\n","protected":false},"excerpt":{"rendered":"<p>El secretario del Trabajo, Alfonso Navarrete, y el jefe de gobierno capitalino, Miguel \u00c1ngel Mancera, firmaron un convenio para promover la seguridad, la salud y el medio ambiente en el trabajo, as\u00ed como fortalecer la inspecci\u00f3n laboral en la ciudad.<\/p>\n","protected":false},"author":1,"featured_media":130203,"comment_status":"open","ping_status":"open","sticky":false,"template":"","format":"standard","meta":{"_monsterinsights_skip_tracking":false,"_monsterinsights_sitenote_active":false,"_monsterinsights_sitenote_note":"","_monsterinsights_sitenote_category":0,"footnotes":""},"categories":[6],"tags":[39,43691,6675],"class_list":["post-130072","post","type-post","status-publish","format-standard","has-post-thumbnail","hentry","category-cd-de-mexico","tag-distrito-federal","tag-gdf","tag-stps"],"_links":{"self":[{"href":"https:\/\/www.diarioimagen.net\/index.php?rest_route=\/wp\/v2\/posts\/130072","targetHints":{"allow":["GET"]}}],"collection":[{"href":"https:\/\/www.diarioimagen.net\/index.php?rest_route=\/wp\/v2\/posts"}],"about":[{"href":"https:\/\/www.diarioimagen.net\/index.php?rest_route=\/wp\/v2\/types\/post"}],"author":[{"embeddable":true,"href":"https:\/\/www.diarioimagen.net\/index.php?rest_route=\/wp\/v2\/users\/1"}],"replies":[{"embeddable":true,"href":"https:\/\/www.diarioimagen.net\/index.php?rest_route=%2Fwp%2Fv2%2Fcomments&post=130072"}],"version-history":[{"count":0,"href":"https:\/\/www.diarioimagen.net\/index.php?rest_route=\/wp\/v2\/posts\/130072\/revisions"}],"wp:featuredmedia":[{"embeddable":true,"href":"https:\/\/www.diarioimagen.net\/index.php?rest_route=\/wp\/v2\/media\/130203"}],"wp:attachment":[{"href":"https:\/\/www.diarioimagen.net\/index.php?rest_route=%2Fwp%2Fv2%2Fmedia&parent=130072"}],"wp:term":[{"taxonomy":"category","embeddable":true,"href":"https:\/\/www.diarioimagen.net\/index.php?rest_route=%2Fwp%2Fv2%2Fcategories&post=130072"},{"taxonomy":"post_tag","embeddable":true,"href":"https:\/\/www.diarioimagen.net\/index.php?rest_route=%2Fwp%2Fv2%2Ftags&post=130072"}],"curies":[{"name":"wp","href":"https:\/\/api.w.org\/{rel}","templated":true}]}}