{"id":130081,"date":"2013-04-30T00:04:35","date_gmt":"2013-04-30T05:04:35","guid":{"rendered":"http:\/\/www.diarioimagen.net\/?p=130081"},"modified":"2013-04-30T02:27:38","modified_gmt":"2013-04-30T07:27:38","slug":"calderon-y-su-memoria-fragil","status":"publish","type":"post","link":"https:\/\/www.diarioimagen.net\/?p=130081","title":{"rendered":"Calder\u00f3n y su memoria fr\u00e1gil"},"content":{"rendered":"<h2>Punto por punto<\/h2>\n<h5>Augusto Corro<\/h5>\n<p>&nbsp;<\/p>\n<p>El fin de semana en Harvard, el ex presidente Felipe\u00a0 Calder\u00f3n asegur\u00f3 que \u00e9l no le declar\u00f3 la guerra a las drogas durante su sexenio, sino que s\u00f3lo luch\u00f3 por aplicar la ley.<\/p>\n<p>Solamente que esa aplicaci\u00f3n de la ley devino en un enfrentamiento m\u00e1s grave que una declaraci\u00f3n de guerra.<\/p>\n<p>Los resultados est\u00e1n a la vista: m\u00e1s de 80 mil muertos, 30 mil desaparecidos y el tejido social hecho pedazos.<\/p>\n<p>Extra\u00f1amente, el ex mandatario panista no ha sido juzgado por los delitos de lesa humanidad que ocurrieron durante su mandato, como fue el respeto nulo a los derechos humanos.<\/p>\n<p>El michoacano tendr\u00e1 que reconocer, tarde o temprano, que su estrategia contra la delincuencia fue fallida, entre otras cosas por el sinn\u00famero de v\u00edctimas inocentes derivadas del conflicto.\u00a0 Se sabe hasta el cansancio que Calder\u00f3n desat\u00f3 la guerra sin la informaci\u00f3n, fortaleza e inteligencia para derrotar a un enemigo bien armado, con los medios econ\u00f3micos suficientes para las acciones b\u00e9licas.<\/p>\n<p>Para empezar, el Ej\u00e9rcito no estaba en condiciones de realizar las funciones de polic\u00eda. Su misi\u00f3n es otra. Sin embargo, michoacano no midi\u00f3 las consecuencias y orden\u00f3 la participaci\u00f3n de los militares.<\/p>\n<p>Las diferentes polic\u00edas tampoco ten\u00edan la preparaci\u00f3n adecuada para desarrollar una lucha que le permitiera obtener la victoria.\u00a0 Todo mundo sabe que los uniformados no cuentan con la preparaci\u00f3n ni la capacidad suficiente para salvaguardar los intereses de la sociedad, en acciones policiales<\/p>\n<p>La condici\u00f3n econ\u00f3mica de los polic\u00edas municipales los llev\u00f3 a relajar sus relaciones con el narco y miles optaron por ayudar al enemigo y desempe\u00f1aron un sinn\u00famero de encomiendas.<\/p>\n<p>As\u00ed, el pa\u00eds se vio saturado de actos violentos en la que la sociedad tuvo que pagar los platos rotos provenientes de hechos propiciados por la torpeza de la guerra fallida de Calder\u00f3n.<\/p>\n<p>En esas condiciones, el legado del panista no pudo ser m\u00e1s sangriento.\u00a0 Adem\u00e1s, hered\u00f3 al nuevo gobierno un pa\u00eds con un sinn\u00famero de conflictos, que se han multiplicado, relacionados con la narcodelincuencia.<\/p>\n<p>No ser\u00e1n los discursos exculpatorios de Calder\u00f3n los que lo salven del juicio de la historia. Las miles de v\u00edctimas est\u00e1n como ejemplo de su error, de su empecinamiento por mantener una guerra fallida que enlut\u00f3 a M\u00e9xico.\u00a0 No escuch\u00f3 las voces de quienes le aconsejaban que\u00a0 recompusiera su estrategia b\u00e9lica. Al contrario, cada d\u00eda que pasaba, la gravedad del conflicto era may\u00fascula.<\/p>\n<p>Nada positivo le funcion\u00f3 al fracasado gobierno panista. Por ejemplo, la Operaci\u00f3n Limpieza para sanear la administraci\u00f3n p\u00fablica de justicia no tuvo \u00e9xito.<\/p>\n<p>Tampoco le hicieron caso las autoridades estadounidenses cuando exigi\u00f3 un mayor control de la venta de armas.<\/p>\n<p>El Chapo Guzm\u00e1n increment\u00f3 su fortuna y los lavadores de dinero\u00a0 hicieron su agosto.<\/p>\n<p>Mientras, Calder\u00f3n disfruta de la comodidad que le brinda Harvard, a pesar de las innumerables protestas para que no aceptara en sus aulas al controvertido panista, miles de familias buscan a sus seres queridos en un territorio afectado por la guerra.<\/p>\n<p>Aqu\u00ed en M\u00e9xico empezaron a subsanarse los errores cometidos por el michoacano, como son: el caso Cassez y los encarcelamientos del subprocurador No\u00e9 Ram\u00edrez Mandujano y el general retirado Tom\u00e1s Angeles Dauahare. Los tres fueron puestos en libertad, luego de comprobarse que hab\u00edan sido v\u00edctimas del gobierno calderonista.<\/p>\n<p>Lo que falta de remediar es una lista larga de atropellos que tendr\u00e1n que aparecer poco a poco.\u00a0 En otra ocasi\u00f3n, Javier Sicilia, l\u00edder del Movimiento por la Paz, dijo que Calder\u00f3n \u201cser\u00e1 recordado como el presidente de la obstinaci\u00f3n de la violencia y de la negaci\u00f3n de la vida humana\u201d, y que la estrategia del michoacano se basaba en \u201cel horror, en la destrucci\u00f3n, en la guerra y en la mentira\u201d.<\/p>\n<p><em><a href=\"mailto:aco2742@hotmail.com\" target=\"_blank\">aco2742@hotmail.com<\/a><\/em><\/p>\n","protected":false},"excerpt":{"rendered":"<p><span style=\"color: #005497;\"><strong>Augusto Corro<\/strong><\/span><\/p>\n","protected":false},"author":1,"featured_media":0,"comment_status":"open","ping_status":"open","sticky":false,"template":"","format":"standard","meta":{"_monsterinsights_skip_tracking":false,"_monsterinsights_sitenote_active":false,"_monsterinsights_sitenote_note":"","_monsterinsights_sitenote_category":0,"footnotes":""},"categories":[157],"tags":[43686,43674,11515],"class_list":["post-130081","post","type-post","status-publish","format-standard","hentry","category-augusto-corro","tag-augusto-corro","tag-opinion","tag-punto-por-punto"],"_links":{"self":[{"href":"https:\/\/www.diarioimagen.net\/index.php?rest_route=\/wp\/v2\/posts\/130081","targetHints":{"allow":["GET"]}}],"collection":[{"href":"https:\/\/www.diarioimagen.net\/index.php?rest_route=\/wp\/v2\/posts"}],"about":[{"href":"https:\/\/www.diarioimagen.net\/index.php?rest_route=\/wp\/v2\/types\/post"}],"author":[{"embeddable":true,"href":"https:\/\/www.diarioimagen.net\/index.php?rest_route=\/wp\/v2\/users\/1"}],"replies":[{"embeddable":true,"href":"https:\/\/www.diarioimagen.net\/index.php?rest_route=%2Fwp%2Fv2%2Fcomments&post=130081"}],"version-history":[{"count":0,"href":"https:\/\/www.diarioimagen.net\/index.php?rest_route=\/wp\/v2\/posts\/130081\/revisions"}],"wp:attachment":[{"href":"https:\/\/www.diarioimagen.net\/index.php?rest_route=%2Fwp%2Fv2%2Fmedia&parent=130081"}],"wp:term":[{"taxonomy":"category","embeddable":true,"href":"https:\/\/www.diarioimagen.net\/index.php?rest_route=%2Fwp%2Fv2%2Fcategories&post=130081"},{"taxonomy":"post_tag","embeddable":true,"href":"https:\/\/www.diarioimagen.net\/index.php?rest_route=%2Fwp%2Fv2%2Ftags&post=130081"}],"curies":[{"name":"wp","href":"https:\/\/api.w.org\/{rel}","templated":true}]}}