{"id":130090,"date":"2013-04-30T00:02:27","date_gmt":"2013-04-30T05:02:27","guid":{"rendered":"http:\/\/www.diarioimagen.net\/?p=130090"},"modified":"2013-04-30T02:27:52","modified_gmt":"2013-04-30T07:27:52","slug":"la-vulnerabilidad-de-nuestros-ninos","status":"publish","type":"post","link":"https:\/\/www.diarioimagen.net\/?p=130090","title":{"rendered":"La vulnerabilidad de nuestros ni\u00f1os"},"content":{"rendered":"<h2>Acta P\u00fablica<\/h2>\n<h5>Claudia Rodr\u00edguez<\/h5>\n<p>&nbsp;<\/p>\n<p>M\u00e1s all\u00e1 de las diversas condiciones de nuestra ni\u00f1ez mexicana como la salud\u00a0 \u2014determinada en primera instancia por las circunstancias de calidad de vida de la madre\u2014, la alimentaci\u00f3n, la pobreza y muchos otros rubros relacionados directamente con las condiciones familiares o de abandono, la realidad es que existen situaciones que son de gran peso para el futuro de nuestros ni\u00f1os, de manera independiente a sus condiciones de nacimiento y de primeros a\u00f1os de vida.<\/p>\n<p>Entre estos de significancia toral, se encuentran la educaci\u00f3n y el maltrato de que son objeto dentro y fuera del lugar en donde residen.<\/p>\n<p>La educaci\u00f3n a la que tienen acceso los ni\u00f1os de M\u00e9xico, as\u00ed como la calidad de la misma, no cumple el mandato constitucional plasmado en el art\u00edculo 3\u00b0 y en la pr\u00e1ctica, desde los primeros a\u00f1os de existencia \u00a0nuestra ni\u00f1ez no tiene igualdad de oportunidades de instrucci\u00f3n lo que de acuerdo a miles de experiencias datadas, es la \u00fanica v\u00eda para acceder a mejores condiciones de vida, que aquellas que en su caso, se encontraron al nacer.<\/p>\n<p>De acuerdo al \u00faltimo Censo del 2010 del Instituto Nacional de Estad\u00edstica y Geograf\u00eda (INEGI) el 5.5% de la poblaci\u00f3n entre 5 y 15 a\u00f1os no asiste a la escuela, lo que los deja en la total marginaci\u00f3n social y de oportunidades pues es justo el periodo en los que se obtienen habilidades para la lectoescritura.<\/p>\n<p>En cuanto al maltrato infantil, el INEGI no tiene forma de recabar datos directos pero relaciona como directamente proporcional la violencia para los ni\u00f1os que viven en donde una mujer es maltratada por su pareja.<\/p>\n<p>Para a el 2008, el instituto censal afirmaba que en al menos el 46% de los hogares mexicanos la mujer hab\u00eda sido maltratada por su pareja.<\/p>\n<p>El maltrato infantil est\u00e1 considerado por muchos aspectos no s\u00f3lo por golpes o gritos, sino tambi\u00e9n se incluye la negligencia y por supuesto el abuso sexual.<\/p>\n<p>Al final, este 30 de abril, les debemos a nuestros ni\u00f1os un momento de diagn\u00f3stico y recapitulaci\u00f3n del presente y el futuro de los mismos.<\/p>\n<p>Hagamos a la vez, una alto en el camino y responsabilicemos \u2013los que tengamos la oportunidad y la conciencia\u2014 de no crear m\u00e1s engendros sociales.<\/p>\n<p><em><b>Acta Divina<\/b>\u2026<\/em> Por unanimidad, la C\u00e1mara de\u00a0Diputados\u00a0aval\u00f3 reformas a la Ley para la Protecci\u00f3n de los Derechos de Ni\u00f1as, Ni\u00f1os y Adolescentes en materia de convivencia sin violencia, en las que se definen en qu\u00e9 consiste la\u00a0violencia escolar o bullying.<\/p>\n<p>Para advertir\u2026 Incontables las autoridades de escuelas y colegios que minimizan la violencia escolar para no tener un problema de dimensiones penales e intervenci\u00f3n de la Secretar\u00eda de Educaci\u00f3n P\u00fablica (SEP).<\/p>\n<p><em><a href=\"mailto:actapublica@gmail.com\" target=\"_blank\">actapublica@gmail.com<\/a><\/em><\/p>\n","protected":false},"excerpt":{"rendered":"<p><span style=\"color: #005497;\"><strong>Claudia Rodr\u00edguez<\/strong><\/span><\/p>\n","protected":false},"author":1,"featured_media":0,"comment_status":"open","ping_status":"open","sticky":false,"template":"","format":"standard","meta":{"_monsterinsights_skip_tracking":false,"_monsterinsights_sitenote_active":false,"_monsterinsights_sitenote_note":"","_monsterinsights_sitenote_category":0,"footnotes":""},"categories":[1281],"tags":[43674],"class_list":["post-130090","post","type-post","status-publish","format-standard","hentry","category-claudia-rodriguez","tag-opinion"],"_links":{"self":[{"href":"https:\/\/www.diarioimagen.net\/index.php?rest_route=\/wp\/v2\/posts\/130090","targetHints":{"allow":["GET"]}}],"collection":[{"href":"https:\/\/www.diarioimagen.net\/index.php?rest_route=\/wp\/v2\/posts"}],"about":[{"href":"https:\/\/www.diarioimagen.net\/index.php?rest_route=\/wp\/v2\/types\/post"}],"author":[{"embeddable":true,"href":"https:\/\/www.diarioimagen.net\/index.php?rest_route=\/wp\/v2\/users\/1"}],"replies":[{"embeddable":true,"href":"https:\/\/www.diarioimagen.net\/index.php?rest_route=%2Fwp%2Fv2%2Fcomments&post=130090"}],"version-history":[{"count":0,"href":"https:\/\/www.diarioimagen.net\/index.php?rest_route=\/wp\/v2\/posts\/130090\/revisions"}],"wp:attachment":[{"href":"https:\/\/www.diarioimagen.net\/index.php?rest_route=%2Fwp%2Fv2%2Fmedia&parent=130090"}],"wp:term":[{"taxonomy":"category","embeddable":true,"href":"https:\/\/www.diarioimagen.net\/index.php?rest_route=%2Fwp%2Fv2%2Fcategories&post=130090"},{"taxonomy":"post_tag","embeddable":true,"href":"https:\/\/www.diarioimagen.net\/index.php?rest_route=%2Fwp%2Fv2%2Ftags&post=130090"}],"curies":[{"name":"wp","href":"https:\/\/api.w.org\/{rel}","templated":true}]}}