{"id":130093,"date":"2013-04-30T00:01:58","date_gmt":"2013-04-30T05:01:58","guid":{"rendered":"http:\/\/www.diarioimagen.net\/?p=130093"},"modified":"2013-04-30T02:27:58","modified_gmt":"2013-04-30T07:27:58","slug":"lady-profeco","status":"publish","type":"post","link":"https:\/\/www.diarioimagen.net\/?p=130093","title":{"rendered":"Lady Profeco"},"content":{"rendered":"<h2>Pol\u00edtica Spot<\/h2>\n<h5>Juan Manuel Maga\u00f1a<\/h5>\n<p>&nbsp;<\/p>\n<p>Ni m\u00e1s ni menos que por instrucciones del presidente Enrique Pe\u00f1a Nieto, el encargado de despacho de la Secretar\u00eda de la Funci\u00f3n P\u00fablica tuvo que iniciar una investigaci\u00f3n sobre el caso Lady Profeco.<\/p>\n<p>El caso es ya emblem\u00e1tico: la hija del titular de la Profeco, Humberto Ben\u00edtez Trevi\u00f1o, de nombre Andrea, pidi\u00f3 el pasado viernes a verificadores de la instituci\u00f3n que clausuraran un restaurante porque no le dieron la mesa que ella quer\u00eda.<\/p>\n<p>Y a la voz de ya, servidores p\u00fablicos de la dependencia que dirige su padre realizaron labores de verificaci\u00f3n del restaurante llamado \u201cM\u00e1ximo Bristot\u201d, ubicado en la calle de Tonal\u00e1 133, en la colonia Roma, en la Ciudad de M\u00e9xico, para al final colocarle sellos de clausura.<\/p>\n<p>Tras el esc\u00e1ndalo p\u00fablico que se hizo del caso, Ben\u00edtez Trevi\u00f1o intent\u00f3 un imposible control de da\u00f1os y ofreci\u00f3 una disculpa a quien haya sido afectado por lo que llam\u00f3 el \u201cinapropiado comportamiento\u201d de su hija Andrea.<\/p>\n<p>Dijo el domingo: \u201cElla exager\u00f3 la situaci\u00f3n y las autoridades de la Profeco, que dependen de m\u00ed, sobrerreaccionaron indebidamente por tratarse de mi hija\u201d<\/p>\n<p>En lo personal, \u00e9l intent\u00f3 un deslinde al decir que desde la semana pasada se encontraba convaleciente por una intervenci\u00f3n quir\u00fargica y \u201cal enterarme de la situaci\u00f3n, de inmediato instru\u00ed se suspendiera el operativo a fin de evitar cualquier extralimitaci\u00f3n por parte de los verificadores\u201d .<\/p>\n<p>El control de da\u00f1os era no solo tard\u00edo sino imposible, pues el asunto que perturb\u00f3 la vida sencilla de gente sin poder e irrit\u00f3 profundamente la sensibilidad de las redes sociales, termin\u00f3 por encender la gran hoguera de la opini\u00f3n publicada en reclamo de una v\u00edctima grande con la que se pudiera castigar ese caso de influyentismo y abuso de poder.<\/p>\n<p>La opini\u00f3n informada de algunos no hizo m\u00e1s que recordar c\u00f3mo el torpe de Felipe Calder\u00f3n no hizo nada con Juan Camilo Mouri\u00f1o despu\u00e9s de los contratos corruptos con Pemex, ni con Juan Molinar Horcasitas despu\u00e9s de la tragedia criminal de la guarder\u00eda ABC en Sonora.<\/p>\n<p>Con eso bast\u00f3 para que la cosa tomara suficiente altura y reclamara la atenci\u00f3n presidencial antes de que el estigma #Ladyprofeco marcara a todo un gobierno.<\/p>\n<p>Y esa misma noche de domingo, la Contralor\u00eda Federal tomaba cartas en asunto para ejecutar la orden presidencial.<\/p>\n<p>Todo, por una hija de papi que bien demostr\u00f3 su habilidad para rebasar al padre, pero que bajo ning\u00fan supuesto debi\u00f3 pasar por encima de una instituci\u00f3n gubernamental que m\u00e1s de un control deb\u00eda tener contra el berrinche de alguien.<\/p>\n<p><em><a href=\"mailto: maganapalace@yahoo.com.mx\" target=\"_blank\">maganapalace@yahoo.com.mx<\/a><\/em><\/p>\n","protected":false},"excerpt":{"rendered":"<p><span style=\"color: #005497;\"><strong>Juan Manuel Maga\u00f1a<\/strong><\/span><\/p>\n","protected":false},"author":1,"featured_media":0,"comment_status":"open","ping_status":"open","sticky":false,"template":"","format":"standard","meta":{"_monsterinsights_skip_tracking":false,"_monsterinsights_sitenote_active":false,"_monsterinsights_sitenote_note":"","_monsterinsights_sitenote_category":0,"footnotes":""},"categories":[22905],"tags":[43709,43674,22904,356],"class_list":["post-130093","post","type-post","status-publish","format-standard","hentry","category-juan-manuel-magana","tag-juan-manuel-magana","tag-opinion","tag-politica-spot","tag-profeco"],"_links":{"self":[{"href":"https:\/\/www.diarioimagen.net\/index.php?rest_route=\/wp\/v2\/posts\/130093","targetHints":{"allow":["GET"]}}],"collection":[{"href":"https:\/\/www.diarioimagen.net\/index.php?rest_route=\/wp\/v2\/posts"}],"about":[{"href":"https:\/\/www.diarioimagen.net\/index.php?rest_route=\/wp\/v2\/types\/post"}],"author":[{"embeddable":true,"href":"https:\/\/www.diarioimagen.net\/index.php?rest_route=\/wp\/v2\/users\/1"}],"replies":[{"embeddable":true,"href":"https:\/\/www.diarioimagen.net\/index.php?rest_route=%2Fwp%2Fv2%2Fcomments&post=130093"}],"version-history":[{"count":0,"href":"https:\/\/www.diarioimagen.net\/index.php?rest_route=\/wp\/v2\/posts\/130093\/revisions"}],"wp:attachment":[{"href":"https:\/\/www.diarioimagen.net\/index.php?rest_route=%2Fwp%2Fv2%2Fmedia&parent=130093"}],"wp:term":[{"taxonomy":"category","embeddable":true,"href":"https:\/\/www.diarioimagen.net\/index.php?rest_route=%2Fwp%2Fv2%2Fcategories&post=130093"},{"taxonomy":"post_tag","embeddable":true,"href":"https:\/\/www.diarioimagen.net\/index.php?rest_route=%2Fwp%2Fv2%2Ftags&post=130093"}],"curies":[{"name":"wp","href":"https:\/\/api.w.org\/{rel}","templated":true}]}}