{"id":130105,"date":"2013-04-30T00:02:31","date_gmt":"2013-04-30T05:02:31","guid":{"rendered":"http:\/\/www.diarioimagen.net\/?p=130105"},"modified":"2013-05-01T03:07:57","modified_gmt":"2013-05-01T08:07:57","slug":"policias-del-df-resguardaran-seguridad-de-barack-obama","status":"publish","type":"post","link":"https:\/\/www.diarioimagen.net\/?p=130105","title":{"rendered":"Polic\u00edas del DF resguardar\u00e1n seguridad de Barack Obama"},"content":{"rendered":"<ul>\n<li><em><strong>La Secretar\u00eda de Seguridad P\u00fablica capitalina se coordina con el Estado Mayor Presidencial para el resguardo del mandatario estadunidense<\/strong><\/em><\/li>\n<\/ul>\n<div id=\"attachment_130149\" style=\"width: 250px\" class=\"wp-caption alignleft\"><a href=\"http:\/\/www.diarioimagen.net\/wp-content\/uploads\/2013\/04\/Barack-2087.jpg\"><img loading=\"lazy\" decoding=\"async\" aria-describedby=\"caption-attachment-130149\" class=\"size-medium wp-image-130149\" alt=\"El presidente de Estados Unidos, Barack Obama, inicia el jueves su visita de Estado a M\u00e9xico.\" src=\"http:\/\/www.diarioimagen.net\/wp-content\/uploads\/2013\/04\/Barack-2087-240x135.jpg\" width=\"240\" height=\"135\" srcset=\"https:\/\/www.diarioimagen.net\/wp-content\/uploads\/2013\/04\/Barack-2087-240x135.jpg 240w, https:\/\/www.diarioimagen.net\/wp-content\/uploads\/2013\/04\/Barack-2087-420x236.jpg 420w, https:\/\/www.diarioimagen.net\/wp-content\/uploads\/2013\/04\/Barack-2087-235x132.jpg 235w, https:\/\/www.diarioimagen.net\/wp-content\/uploads\/2013\/04\/Barack-2087-202x114.jpg 202w, https:\/\/www.diarioimagen.net\/wp-content\/uploads\/2013\/04\/Barack-2087-350x196.jpg 350w, https:\/\/www.diarioimagen.net\/wp-content\/uploads\/2013\/04\/Barack-2087-220x123.jpg 220w, https:\/\/www.diarioimagen.net\/wp-content\/uploads\/2013\/04\/Barack-2087-237x132.jpg 237w, https:\/\/www.diarioimagen.net\/wp-content\/uploads\/2013\/04\/Barack-2087.jpg 480w\" sizes=\"auto, (max-width: 240px) 100vw, 240px\" \/><\/a><p id=\"caption-attachment-130149\" class=\"wp-caption-text\">El presidente de Estados Unidos, Barack Obama, inicia el jueves su visita de Estado a M\u00e9xico.<\/p><\/div>\n<p>La Secretar\u00eda de Seguridad P\u00fablica del Distrito Federal (SSPDF) se coordina con el Estado Mayor Presidencial para participar en los operativos de resguardo y seguridad externa del presidente de Estados Unidos, Barack Obama, durante su visita a la capital del pa\u00eds el pr\u00f3ximo 2 de mayo.<\/p>\n<p>Al respecto, el titular de la SSPDF, Jes\u00fas Rodr\u00edguez Almeida dijo que \u201cestamos en coordinaci\u00f3n con el Estado Mayor Presidencial, estaremos al pendiente para que todo salga bien aunque el operativo es de nivel federal, s\u00ed tendremos una participaci\u00f3n\u201d.<\/p>\n<p>Rodr\u00edguez Almeida ser\u00e1 el responsable de coordinarse con los encargados de la seguridad de la Presidencia de la Rep\u00fablica, a fin de resguardar los per\u00edmetros aleda\u00f1os de los lugares donde se tiene programado asista el mandatario estadounidense y su comitiva.<\/p>\n<p>Sobre la cantidad de uniformados que participar\u00e1n en los dispositivos de seguridad, el funcionario coment\u00f3 que esto depende de lo que les pida el Estado Mayor aunque dijo que las c\u00e1maras de videovigilancia estar\u00e1n listas junto con el operativo \u201cMonitor\u201d.\u00a0 24SUP<\/p>\n<p>Esta es la segunda visita del mandatario estadunidense a nuestro pa\u00eds, pues en abril del 2009 fue recibido por el ex presidente Felipe Calder\u00f3n Hinojosa.<\/p>\n<p>En aquella ocasi\u00f3n, la dependencia local dispuso de tres mil elementos, en tanto que la Procuradur\u00eda capitalina apoy\u00f3 con 300; a fin de realizar acciones de vigilancia, revisiones y cortes viales, en zonas aleda\u00f1as al hotel donde Obama se hosped\u00f3 y tambi\u00e9n se reforz\u00f3 la seguridad en la Residencia Oficial de los Pinos.<\/p>\n<p>&nbsp;<\/p>\n","protected":false},"excerpt":{"rendered":"<p>La Secretar\u00eda de Seguridad P\u00fablica del Distrito Federal (SSPDF) se coordina con el Estado Mayor Presidencial para participar en los operativos de resguardo y seguridad externa del presidente de Estados Unidos, Barack Obama, durante su visita a la capital del pa\u00eds el pr\u00f3ximo 2 de mayo.<\/p>\n","protected":false},"author":1,"featured_media":130149,"comment_status":"open","ping_status":"open","sticky":false,"template":"","format":"standard","meta":{"_monsterinsights_skip_tracking":false,"_monsterinsights_sitenote_active":false,"_monsterinsights_sitenote_note":"","_monsterinsights_sitenote_category":0,"footnotes":""},"categories":[17,3],"tags":[1754,2546,177,43673,1425],"class_list":["post-130105","post","type-post","status-publish","format-standard","has-post-thumbnail","hentry","category-especiales","category-nacional","tag-barack-obama","tag-estado-mayor-presidencial","tag-estados-unidos","tag-nacional","tag-sspdf"],"_links":{"self":[{"href":"https:\/\/www.diarioimagen.net\/index.php?rest_route=\/wp\/v2\/posts\/130105","targetHints":{"allow":["GET"]}}],"collection":[{"href":"https:\/\/www.diarioimagen.net\/index.php?rest_route=\/wp\/v2\/posts"}],"about":[{"href":"https:\/\/www.diarioimagen.net\/index.php?rest_route=\/wp\/v2\/types\/post"}],"author":[{"embeddable":true,"href":"https:\/\/www.diarioimagen.net\/index.php?rest_route=\/wp\/v2\/users\/1"}],"replies":[{"embeddable":true,"href":"https:\/\/www.diarioimagen.net\/index.php?rest_route=%2Fwp%2Fv2%2Fcomments&post=130105"}],"version-history":[{"count":0,"href":"https:\/\/www.diarioimagen.net\/index.php?rest_route=\/wp\/v2\/posts\/130105\/revisions"}],"wp:featuredmedia":[{"embeddable":true,"href":"https:\/\/www.diarioimagen.net\/index.php?rest_route=\/wp\/v2\/media\/130149"}],"wp:attachment":[{"href":"https:\/\/www.diarioimagen.net\/index.php?rest_route=%2Fwp%2Fv2%2Fmedia&parent=130105"}],"wp:term":[{"taxonomy":"category","embeddable":true,"href":"https:\/\/www.diarioimagen.net\/index.php?rest_route=%2Fwp%2Fv2%2Fcategories&post=130105"},{"taxonomy":"post_tag","embeddable":true,"href":"https:\/\/www.diarioimagen.net\/index.php?rest_route=%2Fwp%2Fv2%2Ftags&post=130105"}],"curies":[{"name":"wp","href":"https:\/\/api.w.org\/{rel}","templated":true}]}}